{"id":1016,"date":"2014-12-15T17:00:16","date_gmt":"2014-12-15T16:00:16","guid":{"rendered":"https:\/\/sfpe-at.com\/?p=1016"},"modified":"2024-05-31T17:54:19","modified_gmt":"2024-05-31T15:54:19","slug":"ombre-et-lumiere","status":"publish","type":"post","link":"https:\/\/bibliotheque-sfpe-at.com\/index.php\/2014\/12\/15\/ombre-et-lumiere\/","title":{"rendered":"Ombre et Lumi\u00e8re"},"content":{"rendered":"<div class=\"wp-block-image\">\n<figure class=\"alignright size-large is-resized\"><a href=\"https:\/\/bibliotheque-sfpe-at.com\/wp-content\/uploads\/2024\/05\/RA006-Ombre-et-lumiere.jpg\"><img loading=\"lazy\" decoding=\"async\" width=\"724\" height=\"1024\" src=\"https:\/\/bibliotheque-sfpe-at.com\/wp-content\/uploads\/2024\/05\/RA006-Ombre-et-lumiere-724x1024.jpg\" alt=\"\" class=\"wp-image-1017\" style=\"width:350px\" srcset=\"https:\/\/bibliotheque-sfpe-at.com\/wp-content\/uploads\/2024\/05\/RA006-Ombre-et-lumiere-724x1024.jpg 724w, https:\/\/bibliotheque-sfpe-at.com\/wp-content\/uploads\/2024\/05\/RA006-Ombre-et-lumiere-600x848.jpg 600w, https:\/\/bibliotheque-sfpe-at.com\/wp-content\/uploads\/2024\/05\/RA006-Ombre-et-lumiere-212x300.jpg 212w, https:\/\/bibliotheque-sfpe-at.com\/wp-content\/uploads\/2024\/05\/RA006-Ombre-et-lumiere-768x1086.jpg 768w, https:\/\/bibliotheque-sfpe-at.com\/wp-content\/uploads\/2024\/05\/RA006-Ombre-et-lumiere-241x340.jpg 241w, https:\/\/bibliotheque-sfpe-at.com\/wp-content\/uploads\/2024\/05\/RA006-Ombre-et-lumiere-425x600.jpg 425w, https:\/\/bibliotheque-sfpe-at.com\/wp-content\/uploads\/2024\/05\/RA006-Ombre-et-lumiere.jpg 849w\" sizes=\"auto, (max-width: 724px) 100vw, 724px\" \/><\/a><\/figure>\n<\/div>\n\n\n<p><\/p>\n\n\n\n<p>De l\u2019ombre f\u0153tale \u00e0 la lumi\u00e8re de la naissance et de la naissance jusqu\u2019\u00e0 la mort, du reflet ou de son absence \u2014 qu\u2019il s\u2019agisse de vampirologie ou de pacte diabolique \u2014, que de d\u00e9clinaisons possibles ! On retrouvera aussi la part d\u2019ombre de nos personnalit\u00e9s, en peinture, en r\u00eave, en films fantastiques, et dans toute la th\u00e9matique de l\u2019\u00ab arch\u00e9type \u00bb jungien ou du pr\u00e9conscient freudien. On s\u2019attachera aussi aux nombreuses descriptions du Royaume des ombres en musique, en chor\u00e9graphie et aussi en variations sur le mythe d\u2019Orph\u00e9e allant rechercher son Eurydice dans ce royaume, quitte \u00e0 \u00eatre parfois s\u00e9duit par la mort elle-m\u00eame\u2026 Et il est bien \u00e9vident que tous les ateliers d\u2019art-th\u00e9rapie utilisent volontiers ces concepts. Dans les arts plastiques, l\u2019ombre c\u00f4toie la lumi\u00e8re, les oppos\u00e9s se compl\u00e8tent n\u00e9cessairement. Ces contraires habitent nos existences : nous avons souvent besoin de faire la lumi\u00e8re et parfois de sauvegarder une part d\u2019ombre. Quand bien m\u00eame aurions- nous recours \u00e0 la protection de l\u2019ombre, il n\u2019en demeure pas moins une universelle aspiration aux Lumi\u00e8res.<\/p>\n\n\n\n<div style=\"height:35px\" aria-hidden=\"true\" class=\"wp-block-spacer\"><\/div>\n\n\n<div class='pt-cv-wrapper'> <div class=\"pt-cv-view pt-cv-blockgrid iscvblock iscvreal grid1 layout2 cveffect-zoomin\" id=\"pt-cv-view-3i0h7lt2\"><div data-id=\"pt-cv-page-1\" class=\"pt-cv-page\" data-cvc=\"4\"><div class=\" pt-cv-content-item pt-cv-1-col\" ><div class=\"pt-cv-taxoterm above_title\"><a href='https:\/\/bibliotheque-sfpe-at.com\/index.php\/category\/auteurs\/chemama-steiner-beatrice\/' title='Chemama-Steiner B\u00e9atrice' class='pt-cv-tax-chemama-steiner-beatrice'>Chemama-Steiner B\u00e9atrice<\/a><\/div>\n<h4 class=\"pt-cv-title\"><a href=\"https:\/\/bibliotheque-sfpe-at.com\/index.php\/2024\/05\/15\/la-sfpe-at-50-ans-a-la-lumiere-des-echanges-pluridisciplinaires\/\" class=\"_self\" target=\"_self\" >La Sfpe-at : 50 ans \u00e0 la lumi\u00e8re des \u00e9changes pluridisciplinaires<\/a><\/h4>\n<div class=\"pt-cv-content\">En cette deuxi\u00e8me partie du 20e si\u00e8cle, l\u2019Europe sort de l\u2019ombre de laguerre et du nazisme.Mais la psychiatrie et la psychopathologie de l\u2019expression n\u2019ensortent pas indemnes. L\u2019euthanasie des malades mentaux, la sinistreexposition de 1937 dite de \u00ab l\u2019art d\u00e9g\u00e9n\u00e9r\u00e9 \u00bb ont dramatis\u00e9 le d\u00e9batqui animait &#8230;<\/div>\n<div class=\"pt-cv-rmwrap\"><a href=\"https:\/\/bibliotheque-sfpe-at.com\/index.php\/2024\/05\/15\/la-sfpe-at-50-ans-a-la-lumiere-des-echanges-pluridisciplinaires\/\" class=\"_self pt-cv-readmore btn btn-success\" target=\"_self\" >Lire La Suite\u2026<\/a><\/div><\/div>\n<div class=\" pt-cv-content-item pt-cv-1-col\" ><div class=\"pt-cv-taxoterm above_title\"><a href='https:\/\/bibliotheque-sfpe-at.com\/index.php\/category\/auteurs\/lambert-jean-francois\/' title='Lambert Jean-Fran\u00e7ois' class='pt-cv-tax-lambert-jean-francois'>Lambert Jean-Fran\u00e7ois<\/a><\/div>\n<h4 class=\"pt-cv-title\"><a href=\"https:\/\/bibliotheque-sfpe-at.com\/index.php\/2024\/05\/15\/les-etats-de-conscience-limites-entre-ombre-et-lumiere\/\" class=\"_self\" target=\"_self\" >Les \u00e9tats de conscience limites. Entre ombre et lumi\u00e8re<\/a><\/h4>\n<div class=\"pt-cv-content\">Le pont de douceur dont parle le po\u00e8te aurait-il quelque r\u00e9alit\u00e9 ? Oui, si l\u2019on en croit les nombreux t\u00e9moignages de personnes ayant v\u00e9cu une EMI (exp\u00e9rience de mort imminente). Alors que les signaux habituels de la pr\u00e9sence s\u2019\u00e9teignent (le sujet dans l\u2019ombre), se r\u00e9v\u00e8le &#8230;<\/div>\n<div class=\"pt-cv-rmwrap\"><a href=\"https:\/\/bibliotheque-sfpe-at.com\/index.php\/2024\/05\/15\/les-etats-de-conscience-limites-entre-ombre-et-lumiere\/\" class=\"_self pt-cv-readmore btn btn-success\" target=\"_self\" >Lire La Suite\u2026<\/a><\/div><\/div>\n<div class=\" pt-cv-content-item pt-cv-1-col\" ><div class=\"pt-cv-taxoterm above_title\"><a href='https:\/\/bibliotheque-sfpe-at.com\/index.php\/category\/auteurs\/catonne-jean-philippe\/' title='Catonn\u00e9 Jean-Philippe' class='pt-cv-tax-catonne-jean-philippe'>Catonn\u00e9 Jean-Philippe<\/a><\/div>\n<h4 class=\"pt-cv-title\"><a href=\"https:\/\/bibliotheque-sfpe-at.com\/index.php\/2024\/05\/15\/lumieres-et-tenebres-ou-progres-et-regres\/\" class=\"_self\" target=\"_self\" >Lumi\u00e8res et t\u00e9n\u00e8bres ou progr\u00e8s et r\u00e9gr\u00e8s<\/a><\/h4>\n<div class=\"pt-cv-content\">Admirable, ce texte dans lequel Emmanuel Kant c\u00e9l\u00e8bre l\u2019av\u00e8nement Des Lumi\u00e8res ! Figures paradigmatiques du progr\u00e8s de l\u2019esprit humain, elles reposent sur une raison aux ailes amplement d\u00e9ploy\u00e9es. Moment clef de cette ambition \u00e9mancipatrice, L\u2019Encyclop\u00e9die de Diderot et d\u2019Alembert, tout l\u2019\u00e9clat lumineux du XVIIIe si\u00e8cle &#8230;<\/div>\n<div class=\"pt-cv-rmwrap\"><a href=\"https:\/\/bibliotheque-sfpe-at.com\/index.php\/2024\/05\/15\/lumieres-et-tenebres-ou-progres-et-regres\/\" class=\"_self pt-cv-readmore btn btn-success\" target=\"_self\" >Lire La Suite\u2026<\/a><\/div><\/div>\n<div class=\" pt-cv-content-item pt-cv-1-col\" ><div class=\"pt-cv-taxoterm above_title\"><a href='https:\/\/bibliotheque-sfpe-at.com\/index.php\/category\/auteurs\/wickers-olivier\/' title='Wickers Olivier' class='pt-cv-tax-wickers-olivier'>Wickers Olivier<\/a><\/div>\n<h4 class=\"pt-cv-title\"><a href=\"https:\/\/bibliotheque-sfpe-at.com\/index.php\/2024\/05\/15\/perdre-le-jour-limage-de-caravage\/\" class=\"_self\" target=\"_self\" >Perdre le jour &#8211; l\u2019image de Caravage<\/a><\/h4>\n<div class=\"pt-cv-content\">Caravage \u2014 on ne prononce plus ce nom, qui en fran\u00e7ais, mais en fran\u00e7ais seulement, sonne si bien comme \u00ab rage \u00bb, \u00ab ravage \u00bb et pourquoi pas \u00ab image \u00bb, sans avoir envie de l\u2019accompagner et le compl\u00e9ter de quelque point d\u2019exclamation, interjection, onomatop\u00e9es, &#8230;<\/div>\n<div class=\"pt-cv-rmwrap\"><a href=\"https:\/\/bibliotheque-sfpe-at.com\/index.php\/2024\/05\/15\/perdre-le-jour-limage-de-caravage\/\" class=\"_self pt-cv-readmore btn btn-success\" target=\"_self\" >Lire La Suite\u2026<\/a><\/div><\/div>\n<div class=\" pt-cv-content-item pt-cv-1-col\" ><div class=\"pt-cv-taxoterm above_title\"><a href='https:\/\/bibliotheque-sfpe-at.com\/index.php\/category\/auteurs\/morin-bompart-michelle\/' title='Morin-Bompart Michelle' class='pt-cv-tax-morin-bompart-michelle'>Morin-Bompart Michelle<\/a><\/div>\n<h4 class=\"pt-cv-title\"><a href=\"https:\/\/bibliotheque-sfpe-at.com\/index.php\/2024\/05\/15\/ombre-et-lumiere-dans-loeuvre-et-la-vie-du-caravage\/\" class=\"_self\" target=\"_self\" >Ombre et lumi\u00e8re dans l\u2019\u0153uvre et la vie du Caravage<\/a><\/h4>\n<div class=\"pt-cv-content\">L\u2019\u0153uvre picturale du Caravage, plus que tout autre, parle de la vie du peintre et nous \u00e9claire aussi sur ses zones d\u2019ombre\u2026Tel un livre autobiographique, elle raconte la relation enfant \u00e0 sa m\u00e8re, r\u00e9v\u00e8le ses int\u00e9r\u00eats, ses amiti\u00e9s et m\u00eame sa vie amoureuse et sexuelle &#8230;<\/div>\n<div class=\"pt-cv-rmwrap\"><a href=\"https:\/\/bibliotheque-sfpe-at.com\/index.php\/2024\/05\/15\/ombre-et-lumiere-dans-loeuvre-et-la-vie-du-caravage\/\" class=\"_self pt-cv-readmore btn btn-success\" target=\"_self\" >Lire La Suite\u2026<\/a><\/div><\/div>\n<div class=\" pt-cv-content-item pt-cv-1-col\" ><div class=\"pt-cv-taxoterm above_title\"><a href='https:\/\/bibliotheque-sfpe-at.com\/index.php\/category\/auteurs\/barthelemy-jean-marie\/' title='Barth\u00e9l\u00e9my Jean-Marie' class='pt-cv-tax-barthelemy-jean-marie'>Barth\u00e9l\u00e9my Jean-Marie<\/a><\/div>\n<h4 class=\"pt-cv-title\"><a href=\"https:\/\/bibliotheque-sfpe-at.com\/index.php\/2024\/05\/16\/le-clair-obscur-metaphore-somptueuse-de-lambiguite-existentielle-les-enseignements-du-caravage\/\" class=\"_self\" target=\"_self\" >Le clair-obscur, m\u00e9taphore somptueuse de l\u2019ambigu\u00eft\u00e9 existentielle. Les enseignements du Caravage<\/a><\/h4>\n<div class=\"pt-cv-content\">Loin de se r\u00e9duire \u00e0 une emphase esth\u00e9tisante, encore moins d\u2019annoncer une tendance ou pire une mode, l\u2019av\u00e8nement puis l\u2019apoth\u00e9ose du clair-obscur dans l\u2019univers pictural correspond \u00e0 une lame de fond \u00e0 valeur de r\u00e9volution copernicienne qui remet radicalement en question une vision du monde &#8230;<\/div>\n<div class=\"pt-cv-rmwrap\"><a href=\"https:\/\/bibliotheque-sfpe-at.com\/index.php\/2024\/05\/16\/le-clair-obscur-metaphore-somptueuse-de-lambiguite-existentielle-les-enseignements-du-caravage\/\" class=\"_self pt-cv-readmore btn btn-success\" target=\"_self\" >Lire La Suite\u2026<\/a><\/div><\/div>\n<div class=\" pt-cv-content-item pt-cv-1-col\" ><div class=\"pt-cv-taxoterm above_title\"><a href='https:\/\/bibliotheque-sfpe-at.com\/index.php\/category\/auteurs\/mourtada-youssef\/' title='Mourtada Youssef' class='pt-cv-tax-mourtada-youssef'>Mourtada Youssef<\/a><\/div>\n<h4 class=\"pt-cv-title\"><a href=\"https:\/\/bibliotheque-sfpe-at.com\/index.php\/2024\/05\/16\/lombre-de-la-lumiere-la-psychopathologie-de-lexpression-et-la-lumiere-de-lombre-lart-therapie\/\" class=\"_self\" target=\"_self\" >L\u2019ombre de la lumi\u00e8re : la psychopathologie de l\u2019expression et la lumi\u00e8re de l\u2019ombre : l\u2019art-th\u00e9rapie<\/a><\/h4>\n<div class=\"pt-cv-content\">La psychiatrie n\u00e9e dans le sillon de la r\u00e9volution fran\u00e7aise, appartient au si\u00e8cle des lumi\u00e8res; quant \u00e0 la psychopathologie, elle a pris son essor avec la r\u00e9volution freudienne; ayant de ce fait, un champ propre : le psychisme, entre sciences organiques et sciences sociales. Invent\u00e9e &#8230;<\/div>\n<div class=\"pt-cv-rmwrap\"><a href=\"https:\/\/bibliotheque-sfpe-at.com\/index.php\/2024\/05\/16\/lombre-de-la-lumiere-la-psychopathologie-de-lexpression-et-la-lumiere-de-lombre-lart-therapie\/\" class=\"_self pt-cv-readmore btn btn-success\" target=\"_self\" >Lire La Suite\u2026<\/a><\/div><\/div>\n<div class=\" pt-cv-content-item pt-cv-1-col\" ><div class=\"pt-cv-taxoterm above_title\"><a href='https:\/\/bibliotheque-sfpe-at.com\/index.php\/category\/auteurs\/mazoyer-anne-valerie\/' title='Mazoyer Anne-Val\u00e9rie' class='pt-cv-tax-mazoyer-anne-valerie'>Mazoyer Anne-Val\u00e9rie<\/a><\/div>\n<h4 class=\"pt-cv-title\"><a href=\"https:\/\/bibliotheque-sfpe-at.com\/index.php\/2024\/05\/16\/a-lombre-de-la-creation\/\" class=\"_self\" target=\"_self\" >\u00c0 l\u2019ombre de la cr\u00e9ation<\/a><\/h4>\n<div class=\"pt-cv-content\">Dans cette communication, nous d\u00e9clinerons les rapports complexes entretenus par l\u2019ombre et la lumi\u00e8re, leur dialectique scandant la trajectoire de l\u2019artiste. Nous proposons plusieurs acceptions \u00e0 l\u2019ombre : la chute et le trauma. Tous deux nous sont apparus comme des destins paradigmatiques de l\u2019artiste. Nous &#8230;<\/div>\n<div class=\"pt-cv-rmwrap\"><a href=\"https:\/\/bibliotheque-sfpe-at.com\/index.php\/2024\/05\/16\/a-lombre-de-la-creation\/\" class=\"_self pt-cv-readmore btn btn-success\" target=\"_self\" >Lire La Suite\u2026<\/a><\/div><\/div>\n<div class=\" pt-cv-content-item pt-cv-1-col\" ><div class=\"pt-cv-taxoterm above_title\"><a href='https:\/\/bibliotheque-sfpe-at.com\/index.php\/category\/auteurs\/boute-gerard\/' title='Bout\u00e9 G\u00e9rard' class='pt-cv-tax-boute-gerard'>Bout\u00e9 G\u00e9rard<\/a><\/div>\n<h4 class=\"pt-cv-title\"><a href=\"https:\/\/bibliotheque-sfpe-at.com\/index.php\/2024\/05\/16\/1045\/\" class=\"_self\" target=\"_self\" >Camille Claudel, entre ombre et lumi\u00e8re<\/a><\/h4>\n<div class=\"pt-cv-content\">\u00ab Mais moi, de qui dira-t-on que je suis l\u2019ombre ? nonpas de cet homme ou de cette femme s\u00e9par\u00e9s,Mais de tous les deux \u00e0 la fois qui l\u2019un dans l\u2019autre en moi se sont submerg\u00e9sEn cet \u00eatre nouveau fait de noirceur informe&#8230; \u00bb Paul &#8230;<\/div>\n<div class=\"pt-cv-rmwrap\"><a href=\"https:\/\/bibliotheque-sfpe-at.com\/index.php\/2024\/05\/16\/1045\/\" class=\"_self pt-cv-readmore btn btn-success\" target=\"_self\" >Lire La Suite\u2026<\/a><\/div><\/div>\n<div class=\" pt-cv-content-item pt-cv-1-col\" ><div class=\"pt-cv-taxoterm above_title\"><a href='https:\/\/bibliotheque-sfpe-at.com\/index.php\/category\/auteurs\/bloess-georges\/' title='Bloess Georges' class='pt-cv-tax-bloess-georges'>Bloess Georges<\/a><\/div>\n<h4 class=\"pt-cv-title\"><a href=\"https:\/\/bibliotheque-sfpe-at.com\/index.php\/2024\/05\/16\/etre-ombre-rilke-ou-s-illuminer-dimmense-ungaretti-dialectique-du-sujet-createur-au-temps-de-lexpressionnisme\/\" class=\"_self\" target=\"_self\" >\u00ab\u00catre ombre \u00bb (Rilke) ou s\u2019 \u00ab illuminer d\u2019immense \u00bb (Ungaretti) : dialectique du sujet cr\u00e9ateur au temps de l\u2019expressionnisme<\/a><\/h4>\n<div class=\"pt-cv-content\">Lumi\u00e8re et ombre : la relation complexe qu\u2019entretiennent dans notre psychisme ces deux ph\u00e9nom\u00e8nes rappelle le v\u0153u, \u00e9trange mais ardent, exprim\u00e9 par Rilke dans Das Testament, de n\u2019\u00eatre que \u00ab l\u2019ombre, infime, presque imperceptible, d\u2019une pomme sur une Madone de Van Eyck \u00bb. Que signifie &#8230;<\/div>\n<div class=\"pt-cv-rmwrap\"><a href=\"https:\/\/bibliotheque-sfpe-at.com\/index.php\/2024\/05\/16\/etre-ombre-rilke-ou-s-illuminer-dimmense-ungaretti-dialectique-du-sujet-createur-au-temps-de-lexpressionnisme\/\" class=\"_self pt-cv-readmore btn btn-success\" target=\"_self\" >Lire La Suite\u2026<\/a><\/div><\/div>\n<div class=\" pt-cv-content-item pt-cv-1-col\" ><div class=\"pt-cv-taxoterm above_title\"><a href='https:\/\/bibliotheque-sfpe-at.com\/index.php\/category\/auteurs\/pierlot-pascal\/' title='Pierlot Pascal' class='pt-cv-tax-pierlot-pascal'>Pierlot Pascal<\/a><\/div>\n<h4 class=\"pt-cv-title\"><a href=\"https:\/\/bibliotheque-sfpe-at.com\/index.php\/2024\/05\/16\/ombres-et-peintures-lunaires-de-carl-gustav-carus\/\" class=\"_self\" target=\"_self\" >Ombres et peintures lunaires de Carl Gustav Carus<\/a><\/h4>\n<div class=\"pt-cv-content\">L\u2019ombre et la lune sont deux topo\u00ef du romantisme, allemand en particulier. L\u2019\u00e9loge romantique de l\u2019ombre succ\u00e8de \u00e0 l\u2019Aufkl\u00e4rung, au si\u00e8cle des Lumi\u00e8res. L\u2019histoire de l\u2019ombre vendue de Peter Schlemihl de von Chamisso, les nombreuses peintures de Caspar David Friedrich, privil\u00e9giant les lumi\u00e8res transitoires des &#8230;<\/div>\n<div class=\"pt-cv-rmwrap\"><a href=\"https:\/\/bibliotheque-sfpe-at.com\/index.php\/2024\/05\/16\/ombres-et-peintures-lunaires-de-carl-gustav-carus\/\" class=\"_self pt-cv-readmore btn btn-success\" target=\"_self\" >Lire La Suite\u2026<\/a><\/div><\/div>\n<div class=\" pt-cv-content-item pt-cv-1-col\" ><div class=\"pt-cv-taxoterm above_title\"><a href='https:\/\/bibliotheque-sfpe-at.com\/index.php\/category\/auteurs\/paradas-christophe\/' title='Paradas Christophe' class='pt-cv-tax-paradas-christophe'>Paradas Christophe<\/a><a href='https:\/\/bibliotheque-sfpe-at.com\/index.php\/category\/auteurs\/schauder-silke\/' title='Schauder Silke' class='pt-cv-tax-schauder-silke'>Schauder Silke<\/a><\/div>\n<h4 class=\"pt-cv-title\"><a href=\"https:\/\/bibliotheque-sfpe-at.com\/index.php\/2024\/05\/16\/ombres-et-peintures-lunaires-de-carl-gustav-carus-2\/\" class=\"_self\" target=\"_self\" >Mano a mano: ombre et lumi\u00e8res dans le duende<\/a><\/h4>\n<div class=\"pt-cv-content\">Sol y sombra \u2014 la disposition spatio-temporelle dans les ar\u00e8nes exacerbe les jeux et oppositions entre ombre et lumi\u00e8re1. Fond\u00e9e sur ce contraste primitif, ancestral, la corrida qui s\u2019y d\u00e9roule tire son pouvoir de fascination et son rythme de l\u2019alternance de bin\u00f4mes multiples : nature\/culture, &#8230;<\/div>\n<div class=\"pt-cv-rmwrap\"><a href=\"https:\/\/bibliotheque-sfpe-at.com\/index.php\/2024\/05\/16\/ombres-et-peintures-lunaires-de-carl-gustav-carus-2\/\" class=\"_self pt-cv-readmore btn btn-success\" target=\"_self\" >Lire La Suite\u2026<\/a><\/div><\/div>\n<div class=\" pt-cv-content-item pt-cv-1-col\" ><div class=\"pt-cv-taxoterm above_title\"><a href='https:\/\/bibliotheque-sfpe-at.com\/index.php\/category\/auteurs\/veyrat-jean-gerald\/' title='Veyrat Jean-G\u00e9rald' class='pt-cv-tax-veyrat-jean-gerald'>Veyrat Jean-G\u00e9rald<\/a><\/div>\n<h4 class=\"pt-cv-title\"><a href=\"https:\/\/bibliotheque-sfpe-at.com\/index.php\/2024\/05\/16\/1057\/\" class=\"_self\" target=\"_self\" >Ombre et lumi\u00e8re dans la production cin\u00e9matographique<\/a><\/h4>\n<div class=\"pt-cv-content\">Si on veut embrasser ce th\u00e8me souvent rencontr\u00e9, surtout jadis, dans les films, on se doit d\u2019\u00e9voquer cinq axes principaux : \u2014 le vaste champ de ce style appel\u00e9 Expressionnisme allemand , avec des r\u00e9alisateurs comme Murnau ou Wiene, avec des personnages devenus des arch\u00e9types, &#8230;<\/div>\n<div class=\"pt-cv-rmwrap\"><a href=\"https:\/\/bibliotheque-sfpe-at.com\/index.php\/2024\/05\/16\/1057\/\" class=\"_self pt-cv-readmore btn btn-success\" target=\"_self\" >Lire La Suite\u2026<\/a><\/div><\/div>\n<div class=\" pt-cv-content-item pt-cv-1-col\" ><div class=\"pt-cv-taxoterm above_title\"><a href='https:\/\/bibliotheque-sfpe-at.com\/index.php\/category\/auteurs\/fardet-sophie\/' title='Fardet Sophie' class='pt-cv-tax-fardet-sophie'>Fardet Sophie<\/a><\/div>\n<h4 class=\"pt-cv-title\"><a href=\"https:\/\/bibliotheque-sfpe-at.com\/index.php\/2024\/05\/17\/que-la-lumiere-soit-pour-ces-adultes-autistes-graves-en-chute-dans-leurs-ombres-ombres-betonnees-derriere-les-murs-institutionnels\/\" class=\"_self\" target=\"_self\" >\u00ab Que la lumi\u00e8re soit \u00bb pour ces adultes autistes graves, en chute dans leurs ombres, ombres b\u00e9tonn\u00e9es derri\u00e8re les murs institutionnels<\/a><\/h4>\n<div class=\"pt-cv-content\">Artiste th\u00e9rapeute aupr\u00e8s de patients autistes grave adultes, je vienspr\u00e9senter un travail de \u00ab mise en lumi\u00e8re \u00bb, par le biais de lacr\u00e9ation artistique, de ces personnes bien trop cach\u00e9es, enfouies, rejet\u00e9es, oubli\u00e9es, et projet\u00e9es dans l\u2019ombre des institutions.L\u2019introduction du concept du \u00ab trou noir &#8230;<\/div>\n<div class=\"pt-cv-rmwrap\"><a href=\"https:\/\/bibliotheque-sfpe-at.com\/index.php\/2024\/05\/17\/que-la-lumiere-soit-pour-ces-adultes-autistes-graves-en-chute-dans-leurs-ombres-ombres-betonnees-derriere-les-murs-institutionnels\/\" class=\"_self pt-cv-readmore btn btn-success\" target=\"_self\" >Lire La Suite\u2026<\/a><\/div><\/div>\n<div class=\" pt-cv-content-item pt-cv-1-col\" ><div class=\"pt-cv-taxoterm above_title\"><a href='https:\/\/bibliotheque-sfpe-at.com\/index.php\/category\/auteurs\/boyer-labrouche-annie\/' title='Boyer-Labrouche Annie' class='pt-cv-tax-boyer-labrouche-annie'>Boyer-Labrouche Annie<\/a><\/div>\n<h4 class=\"pt-cv-title\"><a href=\"https:\/\/bibliotheque-sfpe-at.com\/index.php\/2024\/05\/17\/la-barbe-bleue-de-la-perversion-a-la-creativite-le-chemin-dindividuation-de-la-femme\/\" class=\"_self\" target=\"_self\" >La barbe-bleue de la perversion \u00e0 la cr\u00e9ativit\u00e9, le chemin d\u2019individuation de la femme<\/a><\/h4>\n<div class=\"pt-cv-content\">Le conte Barbe-Bleue a inspir\u00e9 la cr\u00e9ation de l\u2019exposition Barbe-Bleue, le cabinet secret, dont l\u2019artiste pratique l\u2019art textile1. Il s\u2019agit d\u2019une exploration de l\u2019espace (le lieu est une magnifique cave vo\u00fbt\u00e9e \u00e9clair\u00e9e \u00e0 la bougie) et du temps (sept expositions sur deux ans). Au fil &#8230;<\/div>\n<div class=\"pt-cv-rmwrap\"><a href=\"https:\/\/bibliotheque-sfpe-at.com\/index.php\/2024\/05\/17\/la-barbe-bleue-de-la-perversion-a-la-creativite-le-chemin-dindividuation-de-la-femme\/\" class=\"_self pt-cv-readmore btn btn-success\" target=\"_self\" >Lire La Suite\u2026<\/a><\/div><\/div>\n<div class=\" pt-cv-content-item pt-cv-1-col\" ><div class=\"pt-cv-taxoterm above_title\"><a href='https:\/\/bibliotheque-sfpe-at.com\/index.php\/category\/auteurs\/katz-mazilu-irina\/' title='Katz-Mazilu Irina' class='pt-cv-tax-katz-mazilu-irina'>Katz-Mazilu Irina<\/a><\/div>\n<h4 class=\"pt-cv-title\"><a href=\"https:\/\/bibliotheque-sfpe-at.com\/index.php\/2024\/05\/17\/ombre-et-lumiere-inquietante-etrangete-et-apprentissage-en-art-therapie\/\" class=\"_self\" target=\"_self\" >Ombre et lumi\u00e8re : inqui\u00e9tante \u00e9tranget\u00e9 et apprentissage en art-th\u00e9rapie \u00a0<\/a><\/h4>\n<div class=\"pt-cv-content\">Le th\u00e8me de l\u2019ombre et de la lumi\u00e8re, deux \u00e9l\u00e9ments n\u2019existant que l\u2019un par l\u2019autre, am\u00e8ne la question de savoir comment la technique artistique, avec notamment l\u2019\u00e9tude des rapports entre clair et obscur, agit dans l\u2019atelier d\u2019art-th\u00e9rapie ? Comment l\u2019abord de ce rapport visuel peut-il &#8230;<\/div>\n<div class=\"pt-cv-rmwrap\"><a href=\"https:\/\/bibliotheque-sfpe-at.com\/index.php\/2024\/05\/17\/ombre-et-lumiere-inquietante-etrangete-et-apprentissage-en-art-therapie\/\" class=\"_self pt-cv-readmore btn btn-success\" target=\"_self\" >Lire La Suite\u2026<\/a><\/div><\/div>\n<div class=\" pt-cv-content-item pt-cv-1-col\" ><div class=\"pt-cv-taxoterm above_title\"><a href='https:\/\/bibliotheque-sfpe-at.com\/index.php\/category\/auteurs\/royol-jean-pierre\/' title='Royol Jean-Pierre' class='pt-cv-tax-royol-jean-pierre'>Royol Jean-Pierre<\/a><\/div>\n<h4 class=\"pt-cv-title\"><a href=\"https:\/\/bibliotheque-sfpe-at.com\/index.php\/2024\/05\/17\/lange-de-gabriel-le-guez-ricord-entre-ombre-et-lumiere\/\" class=\"_self\" target=\"_self\" >L\u2019ange de Gabriel(-le) Guez Ricord entre ombre et lumi\u00e8re \u00a0<\/a><\/h4>\n<div class=\"pt-cv-content\">Gabriel(-le) : une signature et un destin entre \u00ab ailes \u00bb . Il a quitt\u00e9 l\u2019astrophysique pour une annonce po\u00e9tique : L\u2019Ange m\u00e9diateur, cot\u00e9 Jour, cot\u00e9 Nuit, relie en sa beaut\u00e9 ces deux oppos\u00e9s symboliques comme en son corps ses deux ailes : l\u2019une de &#8230;<\/div>\n<div class=\"pt-cv-rmwrap\"><a href=\"https:\/\/bibliotheque-sfpe-at.com\/index.php\/2024\/05\/17\/lange-de-gabriel-le-guez-ricord-entre-ombre-et-lumiere\/\" class=\"_self pt-cv-readmore btn btn-success\" target=\"_self\" >Lire La Suite\u2026<\/a><\/div><\/div>\n<div class=\" pt-cv-content-item pt-cv-1-col\" ><div class=\"pt-cv-taxoterm above_title\"><a href='https:\/\/bibliotheque-sfpe-at.com\/index.php\/category\/auteurs\/lamblin-berlende\/' title='Lamblin Berlende' class='pt-cv-tax-lamblin-berlende'>Lamblin Berlende<\/a><\/div>\n<h4 class=\"pt-cv-title\"><a href=\"https:\/\/bibliotheque-sfpe-at.com\/index.php\/2024\/05\/17\/braque-ou-le-trou-lumiere\/\" class=\"_self\" target=\"_self\" >Braque ou \u00ab le trou-lumi\u00e8re \u00bb<\/a><\/h4>\n<div class=\"pt-cv-content\">Quand passe \u00ab la Grande Faucheuse \u00bb, c\u2019est \u00ab la Sarcleuse \u00bb, barrant l\u2019horizon, qui nous appara\u00eet au premier plan de l\u2019\u0153uvre ultime que Braque a laiss\u00e9e sur son chevalet. Sa derni\u00e8re touche, tache blanche, trou-lumi\u00e8re, \u00e9clairant le ciel sombre et nuageux plonge notre r\u00e9flexion &#8230;<\/div>\n<div class=\"pt-cv-rmwrap\"><a href=\"https:\/\/bibliotheque-sfpe-at.com\/index.php\/2024\/05\/17\/braque-ou-le-trou-lumiere\/\" class=\"_self pt-cv-readmore btn btn-success\" target=\"_self\" >Lire La Suite\u2026<\/a><\/div><\/div>\n<div class=\" pt-cv-content-item pt-cv-1-col\" ><div class=\"pt-cv-taxoterm above_title\"><a href='https:\/\/bibliotheque-sfpe-at.com\/index.php\/category\/auteurs\/roques-marjorie\/' title='Roques Marjorie' class='pt-cv-tax-roques-marjorie'>Roques Marjorie<\/a><\/div>\n<h4 class=\"pt-cv-title\"><a href=\"https:\/\/bibliotheque-sfpe-at.com\/index.php\/2024\/05\/17\/lumiere-sur-les-traversees-de-lombre-dans-loeuvre-de-jean-michel-basquiat\/\" class=\"_self\" target=\"_self\" >Lumi\u00e8re sur les travers\u00e9es de l\u2019ombre dans l\u2019\u0153uvre de Jean-Michel Basquiat \u00a0<\/a><\/h4>\n<div class=\"pt-cv-content\">La fascination morbide de Jean-Michel Basquiat pour des pass\u00e9s, historique et personnel, qui se juxtaposent, \u00e9pouvant\u00e9 par la soci\u00e9t\u00e9 contemporaine, offre un interstice cr\u00e9atif entre art brut et n\u00e9o-expressionnisme am\u00e9ricain. \u00c9criture, sonorit\u00e9s, contrastes, couleurs tapageuses, rythment ses compositions dans lesquelles encerclements et autres dessins obsessionnels &#8230;<\/div>\n<div class=\"pt-cv-rmwrap\"><a href=\"https:\/\/bibliotheque-sfpe-at.com\/index.php\/2024\/05\/17\/lumiere-sur-les-traversees-de-lombre-dans-loeuvre-de-jean-michel-basquiat\/\" class=\"_self pt-cv-readmore btn btn-success\" target=\"_self\" >Lire La Suite\u2026<\/a><\/div><\/div>\n<div class=\" pt-cv-content-item pt-cv-1-col\" ><div class=\"pt-cv-taxoterm above_title\"><a href='https:\/\/bibliotheque-sfpe-at.com\/index.php\/category\/auteurs\/korff-sausse-simone\/' title='Korff Sausse Simone' class='pt-cv-tax-korff-sausse-simone'>Korff Sausse Simone<\/a><a href='https:\/\/bibliotheque-sfpe-at.com\/index.php\/category\/auteurs\/reillanne-ghislaine\/' title='Reillanne Ghislaine' class='pt-cv-tax-reillanne-ghislaine'>Reillanne Ghislaine<\/a><\/div>\n<h4 class=\"pt-cv-title\"><a href=\"https:\/\/bibliotheque-sfpe-at.com\/index.php\/2024\/05\/17\/zones-dombre-dans-la-peinture-et-les-dessins-denfants\/\" class=\"_self\" target=\"_self\" >Zones d\u2019ombre dans la peinture et les dessins d\u2019enfants \u00a0<\/a><\/h4>\n<div class=\"pt-cv-content\">Les peintres cherchent tous la lumi\u00e8re. Que l\u2019on songe \u00e0 la r\u00e9v\u00e9lation de la lumi\u00e8re m\u00e9diterran\u00e9enne pour certains (Van Gogh, Matisse, Klee\u2026) ou la beaut\u00e9 de la lumi\u00e8re du Nord pour d\u2019autres. Mais chez tous aussi, il y a une part d\u2019ombre. Que celle-ci concerne &#8230;<\/div>\n<div class=\"pt-cv-rmwrap\"><a href=\"https:\/\/bibliotheque-sfpe-at.com\/index.php\/2024\/05\/17\/zones-dombre-dans-la-peinture-et-les-dessins-denfants\/\" class=\"_self pt-cv-readmore btn btn-success\" target=\"_self\" >Lire La Suite\u2026<\/a><\/div><\/div>\n<div class=\" pt-cv-content-item pt-cv-1-col\" ><div class=\"pt-cv-taxoterm above_title\"><a href='https:\/\/bibliotheque-sfpe-at.com\/index.php\/category\/auteurs\/reillanne-ghislaine\/' title='Reillanne Ghislaine' class='pt-cv-tax-reillanne-ghislaine'>Reillanne Ghislaine<\/a><\/div>\n<h4 class=\"pt-cv-title\"><a href=\"https:\/\/bibliotheque-sfpe-at.com\/index.php\/2024\/05\/17\/un-passeur-de-lumiere-le-vitrail\/\" class=\"_self\" target=\"_self\" >Un passeur de lumi\u00e8re : le vitrail<\/a><\/h4>\n<div class=\"pt-cv-content\">Aucun mat\u00e9riau ne m\u00e9rite mieux le nom de passeur de lumi\u00e8re que le verre et en particulier ses \u00e9clats travaill\u00e9s, color\u00e9s et peints qui composent un vitrail Celui-ci, connu d\u00e8s le VIIe si\u00e8cle, s\u2019est int\u00e9gr\u00e9 depuis le Moyen \u00c2ge jusqu\u2019\u00e0 nos jours \u00e0 diff\u00e9rents styles &#8230;<\/div>\n<div class=\"pt-cv-rmwrap\"><a href=\"https:\/\/bibliotheque-sfpe-at.com\/index.php\/2024\/05\/17\/un-passeur-de-lumiere-le-vitrail\/\" class=\"_self pt-cv-readmore btn btn-success\" target=\"_self\" >Lire La Suite\u2026<\/a><\/div><\/div>\n<div class=\" pt-cv-content-item pt-cv-1-col\" ><div class=\"pt-cv-taxoterm above_title\"><a href='https:\/\/bibliotheque-sfpe-at.com\/index.php\/category\/auteurs\/deschamps-valerie\/' title='Deschamps Val\u00e9rie' class='pt-cv-tax-deschamps-valerie'>Deschamps Val\u00e9rie<\/a><\/div>\n<h4 class=\"pt-cv-title\"><a href=\"https:\/\/bibliotheque-sfpe-at.com\/index.php\/2024\/05\/17\/du-noir-lumiere-a-loutrenoir-de-pierre-soulages-un-autre-champ-mental\/\" class=\"_self\" target=\"_self\" >Du noir-lumi\u00e8re \u00e0 l\u2019outrenoir de Pierre Soulages : \u00ab un autre champ mental \u00bb \u00a0<\/a><\/h4>\n<div class=\"pt-cv-content\">\u00abLa lumi\u00e8re qui m\u2019int\u00e9resse est d\u2019une autre nature que sensorielle ou concr\u00e8te. C\u2019est une lumi\u00e8re du dedans qui est peut\u00eatre de l\u2019ordre de ce qu\u2019on ignore en soi. C\u2019est pourquoi j\u2019ai invent\u00e9 le mot Outrenoir pour le substituer \u00e0 Noir-Lumi\u00e8re \u2026\u00bb. Ainsi Pierre Soulages nous &#8230;<\/div>\n<div class=\"pt-cv-rmwrap\"><a href=\"https:\/\/bibliotheque-sfpe-at.com\/index.php\/2024\/05\/17\/du-noir-lumiere-a-loutrenoir-de-pierre-soulages-un-autre-champ-mental\/\" class=\"_self pt-cv-readmore btn btn-success\" target=\"_self\" >Lire La Suite\u2026<\/a><\/div><\/div>\n<div class=\" pt-cv-content-item pt-cv-1-col\" ><div class=\"pt-cv-taxoterm above_title\"><a href='https:\/\/bibliotheque-sfpe-at.com\/index.php\/category\/auteurs\/saint-pierre-olivier\/' title='Saint-Pierre Olivier' class='pt-cv-tax-saint-pierre-olivier'>Saint-Pierre Olivier<\/a><\/div>\n<h4 class=\"pt-cv-title\"><a href=\"https:\/\/bibliotheque-sfpe-at.com\/index.php\/2024\/05\/17\/ombre-lumiere-couleur-histoire-dune-spatialisation-de-lombre\/\" class=\"_self\" target=\"_self\" >Ombre, lumi\u00e8re, couleur, histoire d\u2019une spatialisation de l\u2019ombre \u00a0\u00a0<\/a><\/h4>\n<div class=\"pt-cv-content\">Nous partirons, avec Henry Maldiney, d\u2019une analyse esth\u00e9tique et ph\u00e9nom\u00e9nologique de visages des mosa\u00efques byzantines. Dans celles-ci, l\u2019oeil noir, v\u00e9ritable moyeu de vision et de myst\u00e8re des visages du Christ ou de la Vierge am\u00e8ne l\u2019ombre de l\u2019\u00eatre au devant de la surface en pleine &#8230;<\/div>\n<div class=\"pt-cv-rmwrap\"><a href=\"https:\/\/bibliotheque-sfpe-at.com\/index.php\/2024\/05\/17\/ombre-lumiere-couleur-histoire-dune-spatialisation-de-lombre\/\" class=\"_self pt-cv-readmore btn btn-success\" target=\"_self\" >Lire La Suite\u2026<\/a><\/div><\/div>\n<div class=\" pt-cv-content-item pt-cv-1-col\" ><div class=\"pt-cv-taxoterm above_title\"><a href='https:\/\/bibliotheque-sfpe-at.com\/index.php\/category\/auteurs\/martineau-jean-pierre\/' title='Martineau Jean-Pierre' class='pt-cv-tax-martineau-jean-pierre'>Martineau Jean-Pierre<\/a><\/div>\n<h4 class=\"pt-cv-title\"><a href=\"https:\/\/bibliotheque-sfpe-at.com\/index.php\/2024\/05\/17\/ombre-des-aitres-de-la-lumiere\/\" class=\"_self\" target=\"_self\" >Ombre des a\u00eetres de la lumi\u00e8re \u00a0\u00a0<\/a><\/h4>\n<div class=\"pt-cv-content\">\u00ab \u2026Laisse- moi devenir\/L\u2019ombre de ton ombre\/L\u2019ombre de ta main\/L\u2019ombre de ton chien\/ Ne me quitte pas\u2026\u00bb J. Brel, 1972 Bormes-les-Ombres, site imaginaire \u2014 chacun y reconna\u00eetra le sien \u2014 o\u00f9 un coteau escarp\u00e9 porte son ombre sur la mer illumin\u00e9e. La beaut\u00e9 des corps, &#8230;<\/div>\n<div class=\"pt-cv-rmwrap\"><a href=\"https:\/\/bibliotheque-sfpe-at.com\/index.php\/2024\/05\/17\/ombre-des-aitres-de-la-lumiere\/\" class=\"_self pt-cv-readmore btn btn-success\" target=\"_self\" >Lire La Suite\u2026<\/a><\/div><\/div><\/div><\/div> <\/div> <style>\n\n#pt-cv-view-3i0h7lt2 .pt-cv-meta-fields {  }#pt-cv-view-3i0h7lt2 .pt-cv-meta-fields * { font-size: 13px; }#pt-cv-view-3i0h7lt2 .pt-cv-thumb-wrapper:not(.miniwrap) {  }#pt-cv-view-3i0h7lt2 .pt-cv-thumbnail:not(.pt-cv-thumbnailsm) { height: 250px; }#pt-cv-view-3i0h7lt2 .pt-cv-title a { display: block;color: #a83838; }#pt-cv-view-3i0h7lt2 .pt-cv-title:not(.pt-cv-titlesm) a { font-weight: 600;text-decoration: none;font-size: 20px; }#pt-cv-view-3i0h7lt2 .pt-cv-titlesm a { font-weight: 600;font-size: 18px; }#pt-cv-view-3i0h7lt2 .pt-cv-content { font-size: 12px; }#pt-cv-view-3i0h7lt2 .pt-cv-rmwrap {  }#pt-cv-view-3i0h7lt2 .pt-cv-readmore { color: #951a1a;background-color: #ffffff00;font-style: italic;font-size: 12px; }#pt-cv-view-3i0h7lt2 .pt-cv-taxoterm {  }#pt-cv-view-3i0h7lt2 .pt-cv-taxoterm * { color: #9badb7;background-color: #f5f0f057;border-style: solid;font-size: 14px;border-width: 1.5px 1.5px 1.5px 1.5px;border-radius: 8px 8px 8px 8px; }#pt-cv-view-3i0h7lt2 + .pt-cv-pagination-wrapper {  }#pt-cv-view-3i0h7lt2 + .pt-cv-pagination-wrapper a { font-size: 14px; }#pt-cv-view-3i0h7lt2 > .pt-cv-page {grid-template-columns: repeat(4, 1fr);grid-gap: 13px;}\n@media all and (max-width: 1024px) { \n#pt-cv-view-3i0h7lt2 > .pt-cv-page {}\n} \n@media all and (max-width: 767px) { \n#pt-cv-view-3i0h7lt2 > .pt-cv-page {grid-template-columns: repeat(1, 1fr);}\n} <\/style>","protected":false},"excerpt":{"rendered":"<p>De l\u2019ombre f\u0153tale \u00e0 la lumi\u00e8re de la naissance et de la naissance jusqu\u2019\u00e0 la mort, du reflet ou de son absence \u2014 qu\u2019il s\u2019agisse de vampirologie ou de pacte diabolique \u2014, que de d\u00e9clinaisons possibles ! On retrouvera aussi la part d\u2019ombre de nos personnalit\u00e9s, en peinture, en r\u00eave,&hellip;<\/p>\n","protected":false},"author":2,"featured_media":1017,"comment_status":"closed","ping_status":"open","sticky":false,"template":"","format":"standard","meta":{"pmpro_default_level":"","ngg_post_thumbnail":0,"footnotes":""},"categories":[2],"tags":[27],"class_list":["post-1016","post","type-post","status-publish","format-standard","has-post-thumbnail","hentry","category-journees-dautomne","tag-apres-2010","pmpro-has-access"],"_links":{"self":[{"href":"https:\/\/bibliotheque-sfpe-at.com\/index.php\/wp-json\/wp\/v2\/posts\/1016","targetHints":{"allow":["GET"]}}],"collection":[{"href":"https:\/\/bibliotheque-sfpe-at.com\/index.php\/wp-json\/wp\/v2\/posts"}],"about":[{"href":"https:\/\/bibliotheque-sfpe-at.com\/index.php\/wp-json\/wp\/v2\/types\/post"}],"author":[{"embeddable":true,"href":"https:\/\/bibliotheque-sfpe-at.com\/index.php\/wp-json\/wp\/v2\/users\/2"}],"replies":[{"embeddable":true,"href":"https:\/\/bibliotheque-sfpe-at.com\/index.php\/wp-json\/wp\/v2\/comments?post=1016"}],"version-history":[{"count":6,"href":"https:\/\/bibliotheque-sfpe-at.com\/index.php\/wp-json\/wp\/v2\/posts\/1016\/revisions"}],"predecessor-version":[{"id":1481,"href":"https:\/\/bibliotheque-sfpe-at.com\/index.php\/wp-json\/wp\/v2\/posts\/1016\/revisions\/1481"}],"wp:featuredmedia":[{"embeddable":true,"href":"https:\/\/bibliotheque-sfpe-at.com\/index.php\/wp-json\/wp\/v2\/media\/1017"}],"wp:attachment":[{"href":"https:\/\/bibliotheque-sfpe-at.com\/index.php\/wp-json\/wp\/v2\/media?parent=1016"}],"wp:term":[{"taxonomy":"category","embeddable":true,"href":"https:\/\/bibliotheque-sfpe-at.com\/index.php\/wp-json\/wp\/v2\/categories?post=1016"},{"taxonomy":"post_tag","embeddable":true,"href":"https:\/\/bibliotheque-sfpe-at.com\/index.php\/wp-json\/wp\/v2\/tags?post=1016"}],"curies":[{"name":"wp","href":"https:\/\/api.w.org\/{rel}","templated":true}]}}