{"id":1023,"date":"2024-05-15T17:22:39","date_gmt":"2024-05-15T15:22:39","guid":{"rendered":"https:\/\/sfpe-at.com\/?p=1023"},"modified":"2025-03-21T17:22:31","modified_gmt":"2025-03-21T16:22:31","slug":"lumieres-et-tenebres-ou-progres-et-regres","status":"publish","type":"post","link":"https:\/\/bibliotheque-sfpe-at.com\/index.php\/2024\/05\/15\/lumieres-et-tenebres-ou-progres-et-regres\/","title":{"rendered":"Lumi\u00e8res et t\u00e9n\u00e8bres ou progr\u00e8s et r\u00e9gr\u00e8s"},"content":{"rendered":"\n<p><\/p>\n\n\n\n<div class=\"wp-block-columns is-layout-flex wp-container-core-columns-is-layout-28f84493 wp-block-columns-is-layout-flex\">\n<div class=\"wp-block-column is-layout-flow wp-block-column-is-layout-flow\" style=\"flex-basis:66.66%\"><\/div>\n\n\n\n<div class=\"wp-block-column is-layout-flow wp-block-column-is-layout-flow\" style=\"flex-basis:33.33%\"><\/div>\n<\/div>\n\n\n\n<div class=\"wp-block-columns is-layout-flex wp-container-core-columns-is-layout-28f84493 wp-block-columns-is-layout-flex\">\n<div class=\"wp-block-column is-layout-flow wp-block-column-is-layout-flow\" style=\"flex-basis:66.66%\">\n<p>Admirable, ce texte dans lequel Emmanuel Kant c\u00e9l\u00e8bre l\u2019av\u00e8nement Des Lumi\u00e8res ! Figures paradigmatiques du progr\u00e8s de l\u2019esprit humain, elles reposent sur une raison aux ailes amplement d\u00e9ploy\u00e9es. Moment clef de cette ambition \u00e9mancipatrice, L\u2019Encyclop\u00e9die de Diderot et d\u2019Alembert, tout l\u2019\u00e9clat lumineux du XVIIIe si\u00e8cle y concourt, Montesquieu, Voltaire comme Condorcet. L\u2019\u00e9poque exalte les sciences et les techniques. Elle parie sur leur capacit\u00e9 de transformation des conditions mat\u00e9rielles d\u2019existence. Ce progr\u00e8s mat\u00e9riel s\u2019associera n\u00e9cessairement \u00e0 une transformation spirituelle. Que nous apprend la suite de cette histoire ? Le XIXe si\u00e8cle a promu un d\u00e9veloppement sans pr\u00e9c\u00e9dent d\u2019une technologie, fond\u00e9e sur la rationalit\u00e9 des sciences. La promesse d\u2019un gain spirituel fut-elle alors accomplie ? Difficile souvent de le soutenir. Le XXe si\u00e8cle fut la sc\u00e8ne d\u2019une manifeste r\u00e9gression, d\u00e9butant avec la Grande Guerre et le g\u00e9nocide arm\u00e9nien, puis si\u00e8cle du goulag et du stalag. Comment qualifier le nazisme, autrement que la manifestation de la plus extr\u00eame barbarie ? L\u2019analyse lucide de Primo Levi inqui\u00e8te. Dans son dernier ouvrage, le rescap\u00e9 d\u2019Auschwitz consid\u00e8re la Shoah comme fait unique de destruction humaine, tout en ajoutant que rien ne garantit qu\u2019il ne puisse pas se reproduire. Depuis 1945, des horreurs semblables ont vu le jour. Comment s\u2019en pr\u00e9munir ? Que p\u00e8se le progr\u00e8s de la d\u00e9mocratie et des libert\u00e9s publiques, la fonction irrempla\u00e7able de l\u2019\u00e9cole pour faire face ? Plus g\u00e9n\u00e9ralement, la question se pose avec les manifestations de la civilisation, en particulier l\u2019art. Ne suffit pas l\u2019id\u00e9e, selon laquelle une lumi\u00e8re peut projeter la noirceur de son ombre et que, par-del\u00e0 l\u2019obscurit\u00e9 du r\u00e9gr\u00e8s, demeurerait la lumi\u00e8re du progr\u00e8s. Sans doute, faut-il interroger la rationalit\u00e9 instrumentale, en elle-m\u00eame capable de conduire aux t\u00e9n\u00e8bres de la barbarie. Pas question, pourtant, de se passer de la raison pour cette interrogation ! Quelles autres dispositions de l\u2019\u00e2me humaine faut-il lui adjoindre pour \u00e9chapper aux t\u00e9n\u00e8bres et fa\u00e7onner l\u2019humanit\u00e9 ? Quelles places occupent la bont\u00e9, la force de la libert\u00e9 ? Comment concevoir que l\u2019\u00e9clat de leur lumi\u00e8re puisse faire advenir un progr\u00e8s spirituel d\u00e9cisif et durable ? Pour cette r\u00e9flexion, il sera opportun d\u2019accompagner le propos de visuels, en particulier artistiques.<\/p>\n\n\n\n<div style=\"height:100px\" aria-hidden=\"true\" class=\"wp-block-spacer\"><\/div>\n\n\n\n<p class=\"has-text-color has-link-color wp-elements-0c5dd61414d2cb4c88e3596780dedeb0\" style=\"color:#2753a5\"><strong><em>Pour lire le texte complet <a href=\"\/index.php\/options-dinscription\/\"><mark style=\"background-color:rgba(0, 0, 0, 0)\" class=\"has-inline-color has-vivid-cyan-blue-color\">s&rsquo;inscrire<\/mark><\/a> ou <a href=\"\/index.php\/my-account\/edit-account\/\"><mark style=\"background-color:rgba(0, 0, 0, 0)\" class=\"has-inline-color has-vivid-cyan-blue-color\">se connecter<\/mark><\/a><\/em><\/strong><\/p>\n\n\n\n\n\n<div class=\"wp-block-buttons is-content-justification-center is-layout-flex wp-container-core-buttons-is-layout-a89b3969 wp-block-buttons-is-layout-flex\">\n<div class=\"wp-block-button has-custom-font-size has-small-font-size\"><a class=\"wp-block-button__link has-vivid-red-background-color has-background wp-element-button\" href=\"\/index.php\/2024\/05\/15\/ombre-et-lumiere\/\">&lt;&#8211; retour<\/a><\/div>\n<\/div>\n<\/div>\n\n\n\n<div class=\"wp-block-column is-layout-flow wp-block-column-is-layout-flow\" style=\"flex-basis:33.33%\">\n<figure class=\"wp-block-table\"><table class=\"has-background\" style=\"background-color:#f8f2f2\"><thead><tr><th><mark class=\"has-inline-color has-vivid-red-color\" style=\"background-color: rgba(0, 0, 0, 0);\"><strong>Auteur<\/strong><\/mark><\/th><\/tr><\/thead><tbody><tr><td><p><strong>Jean-Philippe Catonn\u00e9<\/strong><span style=\"font-family: inherit; font-size: inherit; font-weight: inherit; color: initial;\"><\/span><\/p><\/td><\/tr><\/tbody><\/table><\/figure>\n\n\n\n<figure class=\"wp-block-table\"><table><thead><tr><th><mark class=\"has-inline-color has-vivid-red-color\" style=\"background-color: rgba(0, 0, 0, 0);\"><strong>R\u00e9f\u00e9rence<\/strong><\/mark><\/th><\/tr><\/thead><tbody><tr><td><strong>RA006-03<\/strong><br><strong>Ombre et Lumi\u00e8re<\/strong><br>Journ\u00e9es d\u2019Automne 2014<\/td><\/tr><\/tbody><\/table><\/figure>\n\n\n\n<figure class=\"wp-block-table\"><table><thead><tr><th><mark class=\"has-inline-color has-vivid-red-color\" style=\"background-color: rgba(0, 0, 0, 0);\"><strong>Cat\u00e9gories<\/strong><\/mark><\/th><\/tr><\/thead><tbody><tr><td>Histoire<br>Philosophie<br>Religion<\/td><\/tr><\/tbody><\/table><\/figure>\n<\/div>\n<\/div>\n","protected":false},"excerpt":{"rendered":"<p>Admirable, ce texte dans lequel Emmanuel Kant c\u00e9l\u00e8bre l\u2019av\u00e8nement Des Lumi\u00e8res ! Figures paradigmatiques du progr\u00e8s de l\u2019esprit humain, elles reposent sur une raison aux ailes amplement d\u00e9ploy\u00e9es. Moment clef de cette ambition \u00e9mancipatrice, L\u2019Encyclop\u00e9die de Diderot et d\u2019Alembert, tout l\u2019\u00e9clat lumineux du XVIIIe si\u00e8cle y concourt, Montesquieu, Voltaire comme&hellip;<\/p>\n","protected":false},"author":2,"featured_media":0,"comment_status":"closed","ping_status":"open","sticky":false,"template":"","format":"standard","meta":{"pmpro_default_level":"","ngg_post_thumbnail":0,"footnotes":""},"categories":[58],"tags":[575,53,487,57,593],"class_list":["post-1023","post","type-post","status-publish","format-standard","hentry","category-catonne-jean-philippe","tag-histoire","tag-ombre-et-lumiere","tag-philosophie","tag-ra006-03","tag-religion","pmpro-has-access"],"_links":{"self":[{"href":"https:\/\/bibliotheque-sfpe-at.com\/index.php\/wp-json\/wp\/v2\/posts\/1023","targetHints":{"allow":["GET"]}}],"collection":[{"href":"https:\/\/bibliotheque-sfpe-at.com\/index.php\/wp-json\/wp\/v2\/posts"}],"about":[{"href":"https:\/\/bibliotheque-sfpe-at.com\/index.php\/wp-json\/wp\/v2\/types\/post"}],"author":[{"embeddable":true,"href":"https:\/\/bibliotheque-sfpe-at.com\/index.php\/wp-json\/wp\/v2\/users\/2"}],"replies":[{"embeddable":true,"href":"https:\/\/bibliotheque-sfpe-at.com\/index.php\/wp-json\/wp\/v2\/comments?post=1023"}],"version-history":[{"count":3,"href":"https:\/\/bibliotheque-sfpe-at.com\/index.php\/wp-json\/wp\/v2\/posts\/1023\/revisions"}],"predecessor-version":[{"id":4440,"href":"https:\/\/bibliotheque-sfpe-at.com\/index.php\/wp-json\/wp\/v2\/posts\/1023\/revisions\/4440"}],"wp:attachment":[{"href":"https:\/\/bibliotheque-sfpe-at.com\/index.php\/wp-json\/wp\/v2\/media?parent=1023"}],"wp:term":[{"taxonomy":"category","embeddable":true,"href":"https:\/\/bibliotheque-sfpe-at.com\/index.php\/wp-json\/wp\/v2\/categories?post=1023"},{"taxonomy":"post_tag","embeddable":true,"href":"https:\/\/bibliotheque-sfpe-at.com\/index.php\/wp-json\/wp\/v2\/tags?post=1023"}],"curies":[{"name":"wp","href":"https:\/\/api.w.org\/{rel}","templated":true}]}}