{"id":1025,"date":"2024-05-15T17:28:17","date_gmt":"2024-05-15T15:28:17","guid":{"rendered":"https:\/\/sfpe-at.com\/?p=1025"},"modified":"2025-03-21T17:23:18","modified_gmt":"2025-03-21T16:23:18","slug":"perdre-le-jour-limage-de-caravage","status":"publish","type":"post","link":"https:\/\/bibliotheque-sfpe-at.com\/index.php\/2024\/05\/15\/perdre-le-jour-limage-de-caravage\/","title":{"rendered":"Perdre le jour &#8211; l\u2019image de Caravage"},"content":{"rendered":"\n<p><\/p>\n\n\n\n<div class=\"wp-block-columns is-layout-flex wp-container-core-columns-is-layout-28f84493 wp-block-columns-is-layout-flex\">\n<div class=\"wp-block-column is-layout-flow wp-block-column-is-layout-flow\" style=\"flex-basis:66.66%\"><\/div>\n\n\n\n<div class=\"wp-block-column is-layout-flow wp-block-column-is-layout-flow\" style=\"flex-basis:33.33%\"><\/div>\n<\/div>\n\n\n\n<div class=\"wp-block-columns is-layout-flex wp-container-core-columns-is-layout-28f84493 wp-block-columns-is-layout-flex\">\n<div class=\"wp-block-column is-layout-flow wp-block-column-is-layout-flow\" style=\"flex-basis:66.66%\">\n<p>Caravage \u2014 on ne prononce plus ce nom, qui en fran\u00e7ais, mais en fran\u00e7ais seulement, sonne si bien comme \u00ab rage \u00bb, \u00ab ravage \u00bb et pourquoi pas \u00ab image \u00bb, sans avoir envie de l\u2019accompagner et le compl\u00e9ter de quelque point d\u2019exclamation, interjection, onomatop\u00e9es, qui marquent la surprise, voire l\u2019indignation. Il est devenu de ces peintres dont on regarde les tableaux, \u00e0 tout le moins \u00e9tonn\u00e9, en se demandant \u2014 mais qu\u2019a-t-il fait ? Que la surprise touche \u00e0 l\u2019oeuvre entier \u2014 une oeuvre pass\u00e9e en vingt ans de la lumi\u00e8re aux ombres, des tons de com\u00e9die \u00e0 ceux du drame et du tragique \u2014 ajoute \u00e0 la stup\u00e9faction, comme on interrogerait cette fois, en plus des tableaux, la peinture, qui l\u2019a faite autant que ce qu\u2019elle nous fait. Car, \u00e0 perte de vue, la peinture ne cesse de parler, bien s\u00fbr sans mots, que d\u2019une perte, intervenue, r\u00e9p\u00e9t\u00e9e ou toujours \u00e0 venir, redout\u00e9e ou d\u00e9sir\u00e9e allez savoir \u2014 celle de ce qu\u2019on tient d\u2019ordinaire pour un bien rare et pr\u00e9cieux, disons ici, bien au-del\u00e0 de la seule lumi\u00e8re, le Jour.<\/p>\n\n\n\n<p class=\"has-text-color has-link-color wp-elements-0c5dd61414d2cb4c88e3596780dedeb0\" style=\"color:#2753a5\"><strong><em>Pour lire le texte complet <a href=\"\/index.php\/options-dinscription\/\"><mark style=\"background-color:rgba(0, 0, 0, 0)\" class=\"has-inline-color has-vivid-cyan-blue-color\">s&rsquo;inscrire<\/mark><\/a> ou <a href=\"\/index.php\/my-account\/edit-account\/\"><mark style=\"background-color:rgba(0, 0, 0, 0)\" class=\"has-inline-color has-vivid-cyan-blue-color\">se connecter<\/mark><\/a><\/em><\/strong><\/p>\n\n\n\n\n\n<div style=\"height:100px\" aria-hidden=\"true\" class=\"wp-block-spacer\"><\/div>\n\n\n\n<div class=\"wp-block-buttons is-content-justification-center is-layout-flex wp-container-core-buttons-is-layout-a89b3969 wp-block-buttons-is-layout-flex\">\n<div class=\"wp-block-button has-custom-font-size has-small-font-size\"><a class=\"wp-block-button__link has-vivid-red-background-color has-background wp-element-button\" href=\"\/index.php\/2024\/05\/15\/ombre-et-lumiere\/\">&lt;&#8211; retour<\/a><\/div>\n<\/div>\n<\/div>\n\n\n\n<div class=\"wp-block-column is-layout-flow wp-block-column-is-layout-flow\" style=\"flex-basis:33.33%\">\n<figure class=\"wp-block-table\"><table class=\"has-background\" style=\"background-color:#f8f2f2\"><thead><tr><th><mark class=\"has-inline-color has-vivid-red-color\" style=\"background-color: rgba(0, 0, 0, 0);\"><strong>Auteur<\/strong><\/mark><\/th><\/tr><\/thead><tbody><tr><td><p><strong>Olivier Wickers<\/strong><span style=\"font-family: inherit; font-size: inherit; font-weight: inherit; background-color: rgb(248, 242, 242); color: initial;\"><\/span><\/p><\/td><\/tr><\/tbody><\/table><\/figure>\n\n\n\n<figure class=\"wp-block-table\"><table><thead><tr><th><mark class=\"has-inline-color has-vivid-red-color\" style=\"background-color: rgba(0, 0, 0, 0);\"><strong>R\u00e9f\u00e9rence<\/strong><\/mark><\/th><\/tr><\/thead><tbody><tr><td><strong>RA006-04<\/strong><br><strong>Ombre et Lumi\u00e8re<\/strong><br>Journ\u00e9es d\u2019Automne 2014<\/td><\/tr><\/tbody><\/table><\/figure>\n\n\n\n<figure class=\"wp-block-table\"><table><thead><tr><th><mark class=\"has-inline-color has-vivid-red-color\" style=\"background-color: rgba(0, 0, 0, 0);\"><strong>Cat\u00e9gories<\/strong><\/mark><\/th><\/tr><\/thead><tbody><tr><td>Art<br>Peinture<\/td><\/tr><\/tbody><\/table><\/figure>\n<\/div>\n<\/div>\n","protected":false},"excerpt":{"rendered":"<p>Caravage \u2014 on ne prononce plus ce nom, qui en fran\u00e7ais, mais en fran\u00e7ais seulement, sonne si bien comme \u00ab rage \u00bb, \u00ab ravage \u00bb et pourquoi pas \u00ab image \u00bb, sans avoir envie de l\u2019accompagner et le compl\u00e9ter de quelque point d\u2019exclamation, interjection, onomatop\u00e9es, qui marquent la surprise, voire&hellip;<\/p>\n","protected":false},"author":2,"featured_media":0,"comment_status":"closed","ping_status":"open","sticky":false,"template":"","format":"standard","meta":{"pmpro_default_level":"","ngg_post_thumbnail":0,"footnotes":""},"categories":[60],"tags":[483,53,484,59],"class_list":["post-1025","post","type-post","status-publish","format-standard","hentry","category-wickers-olivier","tag-art","tag-ombre-et-lumiere","tag-peinture","tag-ra006-04","pmpro-has-access"],"_links":{"self":[{"href":"https:\/\/bibliotheque-sfpe-at.com\/index.php\/wp-json\/wp\/v2\/posts\/1025","targetHints":{"allow":["GET"]}}],"collection":[{"href":"https:\/\/bibliotheque-sfpe-at.com\/index.php\/wp-json\/wp\/v2\/posts"}],"about":[{"href":"https:\/\/bibliotheque-sfpe-at.com\/index.php\/wp-json\/wp\/v2\/types\/post"}],"author":[{"embeddable":true,"href":"https:\/\/bibliotheque-sfpe-at.com\/index.php\/wp-json\/wp\/v2\/users\/2"}],"replies":[{"embeddable":true,"href":"https:\/\/bibliotheque-sfpe-at.com\/index.php\/wp-json\/wp\/v2\/comments?post=1025"}],"version-history":[{"count":3,"href":"https:\/\/bibliotheque-sfpe-at.com\/index.php\/wp-json\/wp\/v2\/posts\/1025\/revisions"}],"predecessor-version":[{"id":4441,"href":"https:\/\/bibliotheque-sfpe-at.com\/index.php\/wp-json\/wp\/v2\/posts\/1025\/revisions\/4441"}],"wp:attachment":[{"href":"https:\/\/bibliotheque-sfpe-at.com\/index.php\/wp-json\/wp\/v2\/media?parent=1025"}],"wp:term":[{"taxonomy":"category","embeddable":true,"href":"https:\/\/bibliotheque-sfpe-at.com\/index.php\/wp-json\/wp\/v2\/categories?post=1025"},{"taxonomy":"post_tag","embeddable":true,"href":"https:\/\/bibliotheque-sfpe-at.com\/index.php\/wp-json\/wp\/v2\/tags?post=1025"}],"curies":[{"name":"wp","href":"https:\/\/api.w.org\/{rel}","templated":true}]}}