{"id":1027,"date":"2024-05-15T17:36:52","date_gmt":"2024-05-15T15:36:52","guid":{"rendered":"https:\/\/sfpe-at.com\/?p=1027"},"modified":"2025-03-21T17:23:58","modified_gmt":"2025-03-21T16:23:58","slug":"ombre-et-lumiere-dans-loeuvre-et-la-vie-du-caravage","status":"publish","type":"post","link":"https:\/\/bibliotheque-sfpe-at.com\/index.php\/2024\/05\/15\/ombre-et-lumiere-dans-loeuvre-et-la-vie-du-caravage\/","title":{"rendered":"Ombre et lumi\u00e8re dans l\u2019\u0153uvre et la vie du Caravage"},"content":{"rendered":"\n<p><\/p>\n\n\n\n<p><\/p>\n\n\n\n<div class=\"wp-block-columns is-layout-flex wp-container-core-columns-is-layout-28f84493 wp-block-columns-is-layout-flex\">\n<div class=\"wp-block-column is-layout-flow wp-block-column-is-layout-flow\" style=\"flex-basis:66.66%\"><\/div>\n\n\n\n<div class=\"wp-block-column is-layout-flow wp-block-column-is-layout-flow\" style=\"flex-basis:33.33%\"><\/div>\n<\/div>\n\n\n\n<div class=\"wp-block-columns is-layout-flex wp-container-core-columns-is-layout-28f84493 wp-block-columns-is-layout-flex\">\n<div class=\"wp-block-column is-layout-flow wp-block-column-is-layout-flow\" style=\"flex-basis:66.66%\">\n<p>L\u2019\u0153uvre picturale du Caravage, plus que tout autre, parle de la vie du peintre et nous \u00e9claire aussi sur ses zones d\u2019ombre\u2026Tel un livre autobiographique, elle raconte la relation enfant \u00e0 sa m\u00e8re, r\u00e9v\u00e8le ses int\u00e9r\u00eats, ses amiti\u00e9s et m\u00eame sa vie amoureuse et sexuelle. Elle laisse surgir des t\u00e9n\u00e8bres de son inconscient ses fantasmes et ses \u00e9mois. Le choix des sujets profanes des tableaux du Caravage n\u2019est pas d\u00fb au hasard : Jeune gar\u00e7on mordu par un l\u00e9zard, Concert de jeunes gens, La Diseuse de bonne aventure, Les Tricheurs, L\u2019Amour vainqueur ou Amour profane. La mani\u00e8re dont il repr\u00e9sente des sujets mythologiques (Le petit Bacchus malade, Grand Bacchus, Narcisse) ou religieux (Madeleine repentante, Saint Jean-Baptiste, Judith et Holopherne, La Vocation de Saint Matthieu, La Conversion de saint Pierre, La Mort de la Vierge, Madone des Palefreniers, Les Sept \u0152uvres de Mis\u00e9ricorde) n\u2019est pas anodine. Le peintre imprime sa marque personnelle qui fait scandale. Il fera siennes les nouvelles mani\u00e8res des peintres lombards, en r\u00e9action aux rigueurs de la Contre-R\u00e9forme : peindre un \u00e9v\u00e9nement de l\u2019histoire sacr\u00e9e avec une vision imm\u00e9diate et r\u00e9aliste. Il deviendra le ma\u00eetre incontest\u00e9 du clair-obscur avec un \u00e9clairage lat\u00e9ral dont s\u2019inspirera Rembrandt. Ne peut-t-on penser que cette fascination pour le clair-obscur r\u00e9v\u00e8le le clivage de sa personnalit\u00e9 : le peintre reconnu en pleine lumi\u00e8re et l\u2019homme qui fr\u00e9quente de mauvais gar\u00e7ons et partage leurs beuveries, tricheries aux cartes et rixes ? L\u2019une d\u2019entre elles tourne mal, il y a mort d\u2019homme et Caravage est condamn\u00e9 pour meurtre. Cet \u00e9v\u00e9nement qui bouleverse sa vie peut-\u00eatre inspir\u00e9 David tenant la t\u00eate de Goliath avec sa propre t\u00eate !<\/p>\n\n\n\n<p class=\"has-text-color has-link-color wp-elements-0c5dd61414d2cb4c88e3596780dedeb0\" style=\"color:#2753a5\"><strong><em>Pour lire le texte complet <a href=\"\/index.php\/options-dinscription\/\"><mark style=\"background-color:rgba(0, 0, 0, 0)\" class=\"has-inline-color has-vivid-cyan-blue-color\">s&rsquo;inscrire<\/mark><\/a> ou <a href=\"\/index.php\/my-account\/edit-account\/\"><mark style=\"background-color:rgba(0, 0, 0, 0)\" class=\"has-inline-color has-vivid-cyan-blue-color\">se connecter<\/mark><\/a><\/em><\/strong><\/p>\n\n\n\n\n\n<div style=\"height:100px\" aria-hidden=\"true\" class=\"wp-block-spacer\"><\/div>\n\n\n\n<div class=\"wp-block-buttons is-content-justification-center is-layout-flex wp-container-core-buttons-is-layout-a89b3969 wp-block-buttons-is-layout-flex\">\n<div class=\"wp-block-button has-custom-font-size has-small-font-size\"><a class=\"wp-block-button__link has-vivid-red-background-color has-background wp-element-button\" href=\"\/index.php\/2024\/05\/15\/ombre-et-lumiere\/\">&lt;&#8211; retour<\/a><\/div>\n<\/div>\n<\/div>\n\n\n\n<div class=\"wp-block-column is-layout-flow wp-block-column-is-layout-flow\" style=\"flex-basis:33.33%\">\n<figure class=\"wp-block-table\"><table class=\"has-background\" style=\"background-color:#f8f2f2\"><thead><tr><th><mark class=\"has-inline-color has-vivid-red-color\" style=\"background-color: rgba(0, 0, 0, 0);\"><strong>Auteur<\/strong><\/mark><\/th><\/tr><\/thead><tbody><tr><td><p><strong>Michelle Morin-Bompart <\/strong><span style=\"font-size: revert; font-family: inherit; font-weight: inherit; background-color: rgb(248, 242, 242); color: initial;\">&nbsp;<\/span><\/p><\/td><\/tr><\/tbody><\/table><\/figure>\n\n\n\n<figure class=\"wp-block-table\"><table><thead><tr><th><mark class=\"has-inline-color has-vivid-red-color\" style=\"background-color: rgba(0, 0, 0, 0);\"><strong>R\u00e9f\u00e9rence<\/strong><\/mark><\/th><\/tr><\/thead><tbody><tr><td><strong>RA006-05<\/strong><br><strong>Ombre et Lumi\u00e8re<\/strong><br>Journ\u00e9es d\u2019Automne 2014<\/td><\/tr><\/tbody><\/table><\/figure>\n\n\n\n<figure class=\"wp-block-table\"><table><thead><tr><th><mark class=\"has-inline-color has-vivid-red-color\" style=\"background-color: rgba(0, 0, 0, 0);\"><strong>Cat\u00e9gories<\/strong><\/mark><\/th><\/tr><\/thead><tbody><tr><td>Art<br>Histoire<br>Peinture<\/td><\/tr><\/tbody><\/table><\/figure>\n<\/div>\n<\/div>\n","protected":false},"excerpt":{"rendered":"<p>L\u2019\u0153uvre picturale du Caravage, plus que tout autre, parle de la vie du peintre et nous \u00e9claire aussi sur ses zones d\u2019ombre\u2026Tel un livre autobiographique, elle raconte la relation enfant \u00e0 sa m\u00e8re, r\u00e9v\u00e8le ses int\u00e9r\u00eats, ses amiti\u00e9s et m\u00eame sa vie amoureuse et sexuelle. Elle laisse surgir des t\u00e9n\u00e8bres&hellip;<\/p>\n","protected":false},"author":2,"featured_media":0,"comment_status":"closed","ping_status":"open","sticky":false,"template":"","format":"standard","meta":{"pmpro_default_level":"","ngg_post_thumbnail":0,"footnotes":""},"categories":[62],"tags":[483,575,53,484,61],"class_list":["post-1027","post","type-post","status-publish","format-standard","hentry","category-morin-bompart-michelle","tag-art","tag-histoire","tag-ombre-et-lumiere","tag-peinture","tag-ra006-05","pmpro-has-access"],"_links":{"self":[{"href":"https:\/\/bibliotheque-sfpe-at.com\/index.php\/wp-json\/wp\/v2\/posts\/1027","targetHints":{"allow":["GET"]}}],"collection":[{"href":"https:\/\/bibliotheque-sfpe-at.com\/index.php\/wp-json\/wp\/v2\/posts"}],"about":[{"href":"https:\/\/bibliotheque-sfpe-at.com\/index.php\/wp-json\/wp\/v2\/types\/post"}],"author":[{"embeddable":true,"href":"https:\/\/bibliotheque-sfpe-at.com\/index.php\/wp-json\/wp\/v2\/users\/2"}],"replies":[{"embeddable":true,"href":"https:\/\/bibliotheque-sfpe-at.com\/index.php\/wp-json\/wp\/v2\/comments?post=1027"}],"version-history":[{"count":5,"href":"https:\/\/bibliotheque-sfpe-at.com\/index.php\/wp-json\/wp\/v2\/posts\/1027\/revisions"}],"predecessor-version":[{"id":4442,"href":"https:\/\/bibliotheque-sfpe-at.com\/index.php\/wp-json\/wp\/v2\/posts\/1027\/revisions\/4442"}],"wp:attachment":[{"href":"https:\/\/bibliotheque-sfpe-at.com\/index.php\/wp-json\/wp\/v2\/media?parent=1027"}],"wp:term":[{"taxonomy":"category","embeddable":true,"href":"https:\/\/bibliotheque-sfpe-at.com\/index.php\/wp-json\/wp\/v2\/categories?post=1027"},{"taxonomy":"post_tag","embeddable":true,"href":"https:\/\/bibliotheque-sfpe-at.com\/index.php\/wp-json\/wp\/v2\/tags?post=1027"}],"curies":[{"name":"wp","href":"https:\/\/api.w.org\/{rel}","templated":true}]}}