{"id":1038,"date":"2024-05-16T11:03:18","date_gmt":"2024-05-16T09:03:18","guid":{"rendered":"https:\/\/sfpe-at.com\/?p=1038"},"modified":"2025-03-21T17:24:50","modified_gmt":"2025-03-21T16:24:50","slug":"le-clair-obscur-metaphore-somptueuse-de-lambiguite-existentielle-les-enseignements-du-caravage","status":"publish","type":"post","link":"https:\/\/bibliotheque-sfpe-at.com\/index.php\/2024\/05\/16\/le-clair-obscur-metaphore-somptueuse-de-lambiguite-existentielle-les-enseignements-du-caravage\/","title":{"rendered":"Le clair-obscur, m\u00e9taphore somptueuse de l\u2019ambigu\u00eft\u00e9 existentielle. Les enseignements du Caravage"},"content":{"rendered":"\n<p><\/p>\n\n\n\n<p><\/p>\n\n\n\n<p><\/p>\n\n\n\n<p><\/p>\n\n\n\n<p><\/p>\n\n\n\n<div class=\"wp-block-columns is-layout-flex wp-container-core-columns-is-layout-28f84493 wp-block-columns-is-layout-flex\">\n<div class=\"wp-block-column is-layout-flow wp-block-column-is-layout-flow\" style=\"flex-basis:66.66%\">\n<p>Loin de se r\u00e9duire \u00e0 une emphase esth\u00e9tisante, encore moins d\u2019annoncer une tendance ou pire une mode, l\u2019av\u00e8nement puis l\u2019apoth\u00e9ose du clair-obscur dans l\u2019univers pictural correspond \u00e0 une lame de fond \u00e0 valeur de r\u00e9volution copernicienne qui remet radicalement en question une vision du monde et de soi, pr\u00e9cis\u00e9ment qui d\u00e9loge l\u2019Homme de son ad\u00e9quation lisse \u00e0 ses milieux et origines idylliques pour sugg\u00e9rer la potentialit\u00e9 d\u00e9chir\u00e9e et instable d\u2019un moi pr\u00e9caire au sein d\u2019un monde devenu opaque et probl\u00e9matique. La d\u00e9marche introspective du Caravage, impitoyablement r\u00e9flexive dans tous les sens du terme, s\u2019expose ainsi au risque vital d\u2019\u00e9lucidation partielle et provisoire d\u2019un tel t\u00e9n\u00e9breux cataclysme. <br>Dans son \u0153uvre, l\u2019usage du clair-obscur n\u2019actualise qu\u2019une de ses m\u00e9taphores parmi un groupe d\u2019influences combin\u00e9es dont nous d\u00e9crirons les composantes, les interactions et la coh\u00e9rence ainsi que les grandes lignes de mutations successives en suivant les \u00e9tapes et les moments d\u00e9cisifs de son fil rouge, d\u2019une insistance opini\u00e2tre malgr\u00e9 ses constantes transformations. L\u2019ambigu\u00eft\u00e9 louvoyante s\u2019y fraye un cap pourtant affirm\u00e9 \u00e0 travers des couples compl\u00e9mentaires fort contrast\u00e9s entre obscurit\u00e9 et lumi\u00e8re, noirceur et \u00e9blouissement, mais aussi, par exemple, figure et fond, r\u00e9alisme et id\u00e9alit\u00e9, illimit\u00e9 et finitude, platitude et pro\u00e9minence, densit\u00e9 et l\u00e9g\u00e8ret\u00e9, effleurement et appui, mort et vie. Cette analyse ne vaudra pas que pour l\u2019approche singuli\u00e8re mais jamais stigmatisante d\u2019un homme, d\u2019une lucidit\u00e9 sans faille ni complaisance sur sa propre personne et sa destin\u00e9e, \u00e0 la condition r\u00e9ciproque que chacun de ses semblables puisse reconna\u00eetre, par-del\u00e0 les avatars d\u2019existence, la part intime commune d\u2019une inqui\u00e9tante identit\u00e9 partag\u00e9e.<\/p>\n\n\n\n<p class=\"has-text-color has-link-color wp-elements-0c5dd61414d2cb4c88e3596780dedeb0\" style=\"color:#2753a5\"><strong><em>Pour lire le texte complet <a href=\"\/index.php\/options-dinscription\/\"><mark style=\"background-color:rgba(0, 0, 0, 0)\" class=\"has-inline-color has-vivid-cyan-blue-color\">s&rsquo;inscrire<\/mark><\/a> ou <a href=\"\/index.php\/my-account\/edit-account\/\"><mark style=\"background-color:rgba(0, 0, 0, 0)\" class=\"has-inline-color has-vivid-cyan-blue-color\">se connecter<\/mark><\/a><\/em><\/strong><\/p>\n\n\n\n\n\n<div style=\"height:100px\" aria-hidden=\"true\" class=\"wp-block-spacer\"><\/div>\n\n\n\n<div class=\"wp-block-buttons is-content-justification-center is-layout-flex wp-container-core-buttons-is-layout-a89b3969 wp-block-buttons-is-layout-flex\">\n<div class=\"wp-block-button has-custom-font-size has-small-font-size\"><a class=\"wp-block-button__link has-vivid-red-background-color has-background wp-element-button\" href=\"\/index.php\/2024\/05\/15\/ombre-et-lumiere\/\">&lt;&#8211; retour<\/a><\/div>\n<\/div>\n<\/div>\n\n\n\n<div class=\"wp-block-column is-layout-flow wp-block-column-is-layout-flow\" style=\"flex-basis:33.33%\">\n<figure class=\"wp-block-table\"><table class=\"has-background\" style=\"background-color:#f8f2f2\"><thead><tr><th><mark class=\"has-inline-color has-vivid-red-color\" style=\"background-color: rgba(0, 0, 0, 0);\"><strong>Auteur<\/strong><\/mark><\/th><\/tr><\/thead><tbody><tr><td><p><strong>Jean-Marie Barth\u00e9l\u00e9my<\/strong><\/p><\/td><\/tr><\/tbody><\/table><\/figure>\n\n\n\n<figure class=\"wp-block-table\"><table><thead><tr><th><mark class=\"has-inline-color has-vivid-red-color\" style=\"background-color: rgba(0, 0, 0, 0);\"><strong>R\u00e9f\u00e9rence<\/strong><\/mark><\/th><\/tr><\/thead><tbody><tr><td><strong>RA006-06<\/strong><br><strong>Ombre et Lumi\u00e8re<\/strong><br>Journ\u00e9es d\u2019Automne 2014<\/td><\/tr><\/tbody><\/table><\/figure>\n\n\n\n<figure class=\"wp-block-table\"><table><thead><tr><th><mark class=\"has-inline-color has-vivid-red-color\" style=\"background-color: rgba(0, 0, 0, 0);\"><strong>Cat\u00e9gories<\/strong><\/mark><\/th><\/tr><\/thead><tbody><tr><td>Analyse existentielle<br>Art<br>Mythologie<br>Peinture<\/td><\/tr><\/tbody><\/table><\/figure>\n<\/div>\n<\/div>\n","protected":false},"excerpt":{"rendered":"<p>Loin de se r\u00e9duire \u00e0 une emphase esth\u00e9tisante, encore moins d\u2019annoncer une tendance ou pire une mode, l\u2019av\u00e8nement puis l\u2019apoth\u00e9ose du clair-obscur dans l\u2019univers pictural correspond \u00e0 une lame de fond \u00e0 valeur de r\u00e9volution copernicienne qui remet radicalement en question une vision du monde et de soi, pr\u00e9cis\u00e9ment qui&hellip;<\/p>\n","protected":false},"author":2,"featured_media":0,"comment_status":"closed","ping_status":"open","sticky":false,"template":"","format":"standard","meta":{"pmpro_default_level":"","ngg_post_thumbnail":0,"footnotes":""},"categories":[31],"tags":[594,483,595,53,484,63],"class_list":["post-1038","post","type-post","status-publish","format-standard","hentry","category-barthelemy-jean-marie","tag-analyse-existentielle","tag-art","tag-mythologie","tag-ombre-et-lumiere","tag-peinture","tag-ra006-06","pmpro-has-access"],"_links":{"self":[{"href":"https:\/\/bibliotheque-sfpe-at.com\/index.php\/wp-json\/wp\/v2\/posts\/1038","targetHints":{"allow":["GET"]}}],"collection":[{"href":"https:\/\/bibliotheque-sfpe-at.com\/index.php\/wp-json\/wp\/v2\/posts"}],"about":[{"href":"https:\/\/bibliotheque-sfpe-at.com\/index.php\/wp-json\/wp\/v2\/types\/post"}],"author":[{"embeddable":true,"href":"https:\/\/bibliotheque-sfpe-at.com\/index.php\/wp-json\/wp\/v2\/users\/2"}],"replies":[{"embeddable":true,"href":"https:\/\/bibliotheque-sfpe-at.com\/index.php\/wp-json\/wp\/v2\/comments?post=1038"}],"version-history":[{"count":4,"href":"https:\/\/bibliotheque-sfpe-at.com\/index.php\/wp-json\/wp\/v2\/posts\/1038\/revisions"}],"predecessor-version":[{"id":4443,"href":"https:\/\/bibliotheque-sfpe-at.com\/index.php\/wp-json\/wp\/v2\/posts\/1038\/revisions\/4443"}],"wp:attachment":[{"href":"https:\/\/bibliotheque-sfpe-at.com\/index.php\/wp-json\/wp\/v2\/media?parent=1038"}],"wp:term":[{"taxonomy":"category","embeddable":true,"href":"https:\/\/bibliotheque-sfpe-at.com\/index.php\/wp-json\/wp\/v2\/categories?post=1038"},{"taxonomy":"post_tag","embeddable":true,"href":"https:\/\/bibliotheque-sfpe-at.com\/index.php\/wp-json\/wp\/v2\/tags?post=1038"}],"curies":[{"name":"wp","href":"https:\/\/api.w.org\/{rel}","templated":true}]}}