{"id":1041,"date":"2024-05-16T11:10:39","date_gmt":"2024-05-16T09:10:39","guid":{"rendered":"https:\/\/sfpe-at.com\/?p=1041"},"modified":"2025-03-21T17:25:07","modified_gmt":"2025-03-21T16:25:07","slug":"lombre-de-la-lumiere-la-psychopathologie-de-lexpression-et-la-lumiere-de-lombre-lart-therapie","status":"publish","type":"post","link":"https:\/\/bibliotheque-sfpe-at.com\/index.php\/2024\/05\/16\/lombre-de-la-lumiere-la-psychopathologie-de-lexpression-et-la-lumiere-de-lombre-lart-therapie\/","title":{"rendered":"L\u2019ombre de la lumi\u00e8re : la psychopathologie de l\u2019expression et la lumi\u00e8re de l\u2019ombre : l\u2019art-th\u00e9rapie"},"content":{"rendered":"\n<p><\/p>\n\n\n\n<div class=\"wp-block-columns is-layout-flex wp-container-core-columns-is-layout-28f84493 wp-block-columns-is-layout-flex\">\n<div class=\"wp-block-column is-layout-flow wp-block-column-is-layout-flow\" style=\"flex-basis:66.66%\">\n<p>La psychiatrie n\u00e9e dans le sillon de la r\u00e9volution fran\u00e7aise, appartient au si\u00e8cle des lumi\u00e8res; quant \u00e0 la psychopathologie, elle a pris son essor avec la r\u00e9volution freudienne; ayant de ce fait, un champ propre : le psychisme, entre sciences organiques et sciences sociales. Invent\u00e9e par un neurologue, la psychanalyse dans son errance, entre science et philosophie, trouve une visibilit\u00e9 \u00e0 \u00eatre une pratique d\u2019\u00e9coute de la souffrance de l\u2019autre ; d\u2019ailleurs, l\u2019\u00e9coute de l\u2019autre souffrant est ce qui d\u00e9fini la pratique m\u00e9dicale et Freud, neurologue, d\u00e9couvre que ce qui est important c\u2019est surtout d\u2019\u00e9couter le malade sic et non de se borner seulement au savoir des maladies. Mais \u00e9couter n\u203aest pas chose simple et \u00e0 l\u2019exemple du Christ, il faut la puissance d\u203aun Dieu pour \u00e9couter les souffrances des humains. De m\u00eame, dire n\u2019est pas simple non plus, c\u2019est en cela parler, c\u2019est cr\u00e9er du n\u00e9ant, un nom et au commencement c\u2019est le verbe. Dans ce cycle, l\u2019humain cr\u00e9e ses dieux et les dieux cr\u00e9ent l\u2019humain, l\u2019un dans sa lumi\u00e8re divine est en v\u00e9rit\u00e9 l\u2019ombre de l\u2019autre. C\u2019est ainsi, l\u2019ombre et la lumi\u00e8re, comme soi et l\u2019autre, sont un dans leurs diff\u00e9rences, ce qui nous am\u00e8ne \u00e0 dire que la psychopathologie, qui revient \u00e0 l\u203aexpression du malade, est l\u2019ombre des lumi\u00e8res nosographiques qui revient au savoir des m\u00e9decins, mais cette unicit\u00e9 reste fractur\u00e9e \u00e0 l\u2019endroit d\u2019un semblant d\u2019\u00e9coute sans dire ni trace. Une psychopathologie de l\u2019expression valable est en v\u00e9rit\u00e9 un art -th\u00e9rapie \u00e0 la fois th\u00e9rapie par l\u2019art : le dire et son \u00e9coute, et l\u2019art d\u2019un th\u00e9rapeute : l\u2019\u00e9coute et son dire qui trace .Tel est le sens de ce travail : l\u2019art-th\u00e9rapie de la psychopathologie de l\u2019expression, \u00e0 l\u2019occasion du cinquanti\u00e8me anniversaire de la SFPE-AT.<\/p>\n\n\n\n<p class=\"has-text-color has-link-color wp-elements-0c5dd61414d2cb4c88e3596780dedeb0\" style=\"color:#2753a5\"><strong><em>Pour lire le texte complet <a href=\"\/index.php\/options-dinscription\/\"><mark style=\"background-color:rgba(0, 0, 0, 0)\" class=\"has-inline-color has-vivid-cyan-blue-color\">s&rsquo;inscrire<\/mark><\/a> ou <a href=\"\/index.php\/my-account\/edit-account\/\"><mark style=\"background-color:rgba(0, 0, 0, 0)\" class=\"has-inline-color has-vivid-cyan-blue-color\">se connecter<\/mark><\/a><\/em><\/strong><\/p>\n\n\n\n\n\n<div style=\"height:100px\" aria-hidden=\"true\" class=\"wp-block-spacer\"><\/div>\n\n\n\n<div class=\"wp-block-buttons is-content-justification-center is-layout-flex wp-container-core-buttons-is-layout-a89b3969 wp-block-buttons-is-layout-flex\">\n<div class=\"wp-block-button has-custom-font-size has-small-font-size\"><a class=\"wp-block-button__link has-vivid-red-background-color has-background wp-element-button\" href=\"\/index.php\/2024\/05\/15\/ombre-et-lumiere\/\">&lt;&#8211; retour<\/a><\/div>\n<\/div>\n<\/div>\n\n\n\n<div class=\"wp-block-column is-layout-flow wp-block-column-is-layout-flow\" style=\"flex-basis:33.33%\">\n<figure class=\"wp-block-table\"><table class=\"has-background\" style=\"background-color:#f8f2f2\"><thead><tr><th><mark class=\"has-inline-color has-vivid-red-color\" style=\"background-color: rgba(0, 0, 0, 0);\"><strong>Auteur<\/strong><\/mark><\/th><\/tr><\/thead><tbody><tr><td><strong>Youssef Mourtada<\/strong><br><\/td><\/tr><\/tbody><\/table><\/figure>\n\n\n\n<figure class=\"wp-block-table\"><table><thead><tr><th><mark class=\"has-inline-color has-vivid-red-color\" style=\"background-color: rgba(0, 0, 0, 0);\"><strong>R\u00e9f\u00e9rence<\/strong><\/mark><\/th><\/tr><\/thead><tbody><tr><td><strong>RA006-07<\/strong><br><strong>Ombre et Lumi\u00e8re<\/strong><br>Journ\u00e9es d\u2019Automne 2014<\/td><\/tr><\/tbody><\/table><\/figure>\n\n\n\n<figure class=\"wp-block-table\"><table><thead><tr><th><mark class=\"has-inline-color has-vivid-red-color\" style=\"background-color: rgba(0, 0, 0, 0);\"><strong>Cat\u00e9gories<\/strong><\/mark><\/th><\/tr><\/thead><tbody><tr><td>Art-th\u00e9rapie<br>Histoire<br>Psychiatrie<br>Psychopathologie de l\u2019expression<\/td><\/tr><\/tbody><\/table><\/figure>\n<\/div>\n<\/div>\n","protected":false},"excerpt":{"rendered":"<p>La psychiatrie n\u00e9e dans le sillon de la r\u00e9volution fran\u00e7aise, appartient au si\u00e8cle des lumi\u00e8res; quant \u00e0 la psychopathologie, elle a pris son essor avec la r\u00e9volution freudienne; ayant de ce fait, un champ propre : le psychisme, entre sciences organiques et sciences sociales. Invent\u00e9e par un neurologue, la psychanalyse&hellip;<\/p>\n","protected":false},"author":2,"featured_media":0,"comment_status":"closed","ping_status":"open","sticky":false,"template":"","format":"standard","meta":{"pmpro_default_level":"","ngg_post_thumbnail":0,"footnotes":""},"categories":[46],"tags":[492,575,53,574,488,64],"class_list":["post-1041","post","type-post","status-publish","format-standard","hentry","category-mourtada-youssef","tag-art-therapie","tag-histoire","tag-ombre-et-lumiere","tag-psychiatrie","tag-psychopathologie-de-lexpression","tag-ra006-07","pmpro-has-access"],"_links":{"self":[{"href":"https:\/\/bibliotheque-sfpe-at.com\/index.php\/wp-json\/wp\/v2\/posts\/1041","targetHints":{"allow":["GET"]}}],"collection":[{"href":"https:\/\/bibliotheque-sfpe-at.com\/index.php\/wp-json\/wp\/v2\/posts"}],"about":[{"href":"https:\/\/bibliotheque-sfpe-at.com\/index.php\/wp-json\/wp\/v2\/types\/post"}],"author":[{"embeddable":true,"href":"https:\/\/bibliotheque-sfpe-at.com\/index.php\/wp-json\/wp\/v2\/users\/2"}],"replies":[{"embeddable":true,"href":"https:\/\/bibliotheque-sfpe-at.com\/index.php\/wp-json\/wp\/v2\/comments?post=1041"}],"version-history":[{"count":3,"href":"https:\/\/bibliotheque-sfpe-at.com\/index.php\/wp-json\/wp\/v2\/posts\/1041\/revisions"}],"predecessor-version":[{"id":4444,"href":"https:\/\/bibliotheque-sfpe-at.com\/index.php\/wp-json\/wp\/v2\/posts\/1041\/revisions\/4444"}],"wp:attachment":[{"href":"https:\/\/bibliotheque-sfpe-at.com\/index.php\/wp-json\/wp\/v2\/media?parent=1041"}],"wp:term":[{"taxonomy":"category","embeddable":true,"href":"https:\/\/bibliotheque-sfpe-at.com\/index.php\/wp-json\/wp\/v2\/categories?post=1041"},{"taxonomy":"post_tag","embeddable":true,"href":"https:\/\/bibliotheque-sfpe-at.com\/index.php\/wp-json\/wp\/v2\/tags?post=1041"}],"curies":[{"name":"wp","href":"https:\/\/api.w.org\/{rel}","templated":true}]}}