{"id":1043,"date":"2024-05-16T19:26:49","date_gmt":"2024-05-16T17:26:49","guid":{"rendered":"https:\/\/sfpe-at.com\/?p=1043"},"modified":"2025-03-21T17:25:57","modified_gmt":"2025-03-21T16:25:57","slug":"a-lombre-de-la-creation","status":"publish","type":"post","link":"https:\/\/bibliotheque-sfpe-at.com\/index.php\/2024\/05\/16\/a-lombre-de-la-creation\/","title":{"rendered":"\u00c0 l\u2019ombre de la cr\u00e9ation"},"content":{"rendered":"\n<div class=\"wp-block-columns is-layout-flex wp-container-core-columns-is-layout-28f84493 wp-block-columns-is-layout-flex\">\n<div class=\"wp-block-column is-layout-flow wp-block-column-is-layout-flow\" style=\"flex-basis:66.66%\">\n<p>Dans cette communication, nous d\u00e9clinerons les rapports complexes entretenus par l\u2019ombre et la lumi\u00e8re, leur dialectique scandant la trajectoire de l\u2019artiste. Nous proposons plusieurs acceptions \u00e0 l\u2019ombre : la chute et le trauma. Tous deux nous sont apparus comme des destins paradigmatiques de l\u2019artiste. Nous avons tout d\u2019abord choisi de nous int\u00e9resser \u00e0 la chute du danseur illustre Nijinski (1889-1950) dont le talent, les performances et le jeu d\u2019interpr\u00e9tation faisaient oublier son incapacit\u00e9 \u00e0 se confronter au r\u00e9el et aux exigences de la vie (de l\u2019ombre \u00e0 la lumi\u00e8re du saut), jusqu\u2019\u00e0 ce que l\u2019arr\u00eat de la danse co\u00efncide avec la d\u00e9compensation sur un mode psychiatrique (de la lumi\u00e8re \u00e0 l\u2019ombre). Son mariage pr\u00e9cipit\u00e9 avec une de ses adoratrices met fin \u00e0 sa relation passionnelle, soutenante sous bien des aspects, avec son mentor et amant Diaghilev. L\u2019abandon de ses performances, qui rassemblait les morceaux \u00e9pars de son identit\u00e9, en fait le pantin de la folie, apr\u00e8s avoir \u00e9t\u00e9 un personnage de sc\u00e8ne \u00e9blouissant les foules. Si l\u2019ombre peut se confondre avec la d\u00e9personnalisation comme dans l\u2019exemple de l\u2019identit\u00e9 dissoute de Nijinsky, elle peut prendre les traits de la rencontre traumatique d\u2019o\u00f9 surgit l\u2019exigence de la cr\u00e9ation comme avec Niki de Saint Phalle (de l\u2019ombre \u00e0 la lumi\u00e8re sculpturale). L\u2019inceste paternel dont elle a \u00e9t\u00e9 victime et qu\u2019elle a refoul\u00e9 pendant de nombreuses ann\u00e9es et des douleurs tant morales que physiques ont favoris\u00e9 sa jet\u00e9e dans une activit\u00e9 cr\u00e9atrice et une intense productivit\u00e9. Ses oeuvres restent satur\u00e9es de fantasmes et de symboles: m\u00e8res d\u00e9voreuses, femmes aux proportions g\u00e9n\u00e9reuses\u2026 Chaque crise physique et psychique galvanise son besoin de cr\u00e9ation. L\u2019ombre poss\u00e8de alors des effets structurants, faisant advenir de l\u2019impens\u00e9, de l\u2019impensable, du non-nommable des formes esth\u00e9tiques charg\u00e9es de sens, attestant ce travail d\u2019int\u00e9gration des \u00e9v\u00e8nements ayant jet\u00e9 leur ombre sur la vie du sujet.<\/p>\n\n\n\n<p class=\"has-text-color has-link-color wp-elements-0c5dd61414d2cb4c88e3596780dedeb0\" style=\"color:#2753a5\"><strong><em>Pour lire le texte complet <a href=\"\/index.php\/options-dinscription\/\"><mark style=\"background-color:rgba(0, 0, 0, 0)\" class=\"has-inline-color has-vivid-cyan-blue-color\">s&rsquo;inscrire<\/mark><\/a> ou <a href=\"\/index.php\/my-account\/edit-account\/\"><mark style=\"background-color:rgba(0, 0, 0, 0)\" class=\"has-inline-color has-vivid-cyan-blue-color\">se connecter<\/mark><\/a><\/em><\/strong><\/p>\n\n\n\n\n\n<div style=\"height:100px\" aria-hidden=\"true\" class=\"wp-block-spacer\"><\/div>\n\n\n\n<div class=\"wp-block-buttons is-content-justification-center is-layout-flex wp-container-core-buttons-is-layout-a89b3969 wp-block-buttons-is-layout-flex\">\n<div class=\"wp-block-button has-custom-font-size has-small-font-size\"><a class=\"wp-block-button__link has-vivid-red-background-color has-background wp-element-button\" href=\"\/index.php\/2024\/05\/15\/ombre-et-lumiere\/\">&lt;&#8211; retour<\/a><\/div>\n<\/div>\n<\/div>\n\n\n\n<div class=\"wp-block-column is-layout-flow wp-block-column-is-layout-flow\" style=\"flex-basis:33.33%\">\n<figure class=\"wp-block-table\"><table class=\"has-background\" style=\"background-color:#f8f2f2\"><thead><tr><th><mark class=\"has-inline-color has-vivid-red-color\" style=\"background-color: rgba(0, 0, 0, 0);\"><strong>Auteur<\/strong><\/mark><\/th><\/tr><\/thead><tbody><tr><td><strong>Anne-Val\u00e9rie Mazoyer<\/strong><br><span style=\"font-size: revert; font-family: inherit; font-weight: inherit; color: initial;\">&nbsp;<\/span><\/td><\/tr><\/tbody><\/table><\/figure>\n\n\n\n<figure class=\"wp-block-table\"><table><thead><tr><th><mark class=\"has-inline-color has-vivid-red-color\" style=\"background-color: rgba(0, 0, 0, 0);\"><strong>R\u00e9f\u00e9rence<\/strong><\/mark><\/th><\/tr><\/thead><tbody><tr><td><strong>RA006-08<\/strong><br><strong>Ombre et Lumi\u00e8re<\/strong><br>Journ\u00e9es d\u2019Automne 2014<\/td><\/tr><\/tbody><\/table><\/figure>\n\n\n\n<figure class=\"wp-block-table\"><table><thead><tr><th><mark class=\"has-inline-color has-vivid-red-color\" style=\"background-color: rgba(0, 0, 0, 0);\"><strong>Cat\u00e9gories<\/strong><\/mark><\/th><\/tr><\/thead><tbody><tr><td>Art<br>Danse<br>Peinture<\/td><\/tr><\/tbody><\/table><\/figure>\n<\/div>\n<\/div>\n","protected":false},"excerpt":{"rendered":"<p>Dans cette communication, nous d\u00e9clinerons les rapports complexes entretenus par l\u2019ombre et la lumi\u00e8re, leur dialectique scandant la trajectoire de l\u2019artiste. Nous proposons plusieurs acceptions \u00e0 l\u2019ombre : la chute et le trauma. Tous deux nous sont apparus comme des destins paradigmatiques de l\u2019artiste. Nous avons tout d\u2019abord choisi de&hellip;<\/p>\n","protected":false},"author":2,"featured_media":0,"comment_status":"closed","ping_status":"open","sticky":false,"template":"","format":"standard","meta":{"pmpro_default_level":"","ngg_post_thumbnail":0,"footnotes":""},"categories":[66],"tags":[483,1294,53,484,65],"class_list":["post-1043","post","type-post","status-publish","format-standard","hentry","category-mazoyer-anne-valerie","tag-art","tag-danse-mouvement","tag-ombre-et-lumiere","tag-peinture","tag-ra006-08","pmpro-has-access"],"_links":{"self":[{"href":"https:\/\/bibliotheque-sfpe-at.com\/index.php\/wp-json\/wp\/v2\/posts\/1043","targetHints":{"allow":["GET"]}}],"collection":[{"href":"https:\/\/bibliotheque-sfpe-at.com\/index.php\/wp-json\/wp\/v2\/posts"}],"about":[{"href":"https:\/\/bibliotheque-sfpe-at.com\/index.php\/wp-json\/wp\/v2\/types\/post"}],"author":[{"embeddable":true,"href":"https:\/\/bibliotheque-sfpe-at.com\/index.php\/wp-json\/wp\/v2\/users\/2"}],"replies":[{"embeddable":true,"href":"https:\/\/bibliotheque-sfpe-at.com\/index.php\/wp-json\/wp\/v2\/comments?post=1043"}],"version-history":[{"count":3,"href":"https:\/\/bibliotheque-sfpe-at.com\/index.php\/wp-json\/wp\/v2\/posts\/1043\/revisions"}],"predecessor-version":[{"id":4445,"href":"https:\/\/bibliotheque-sfpe-at.com\/index.php\/wp-json\/wp\/v2\/posts\/1043\/revisions\/4445"}],"wp:attachment":[{"href":"https:\/\/bibliotheque-sfpe-at.com\/index.php\/wp-json\/wp\/v2\/media?parent=1043"}],"wp:term":[{"taxonomy":"category","embeddable":true,"href":"https:\/\/bibliotheque-sfpe-at.com\/index.php\/wp-json\/wp\/v2\/categories?post=1043"},{"taxonomy":"post_tag","embeddable":true,"href":"https:\/\/bibliotheque-sfpe-at.com\/index.php\/wp-json\/wp\/v2\/tags?post=1043"}],"curies":[{"name":"wp","href":"https:\/\/api.w.org\/{rel}","templated":true}]}}