{"id":1045,"date":"2024-05-16T19:35:10","date_gmt":"2024-05-16T17:35:10","guid":{"rendered":"https:\/\/sfpe-at.com\/?p=1045"},"modified":"2025-03-21T17:26:23","modified_gmt":"2025-03-21T16:26:23","slug":"1045","status":"publish","type":"post","link":"https:\/\/bibliotheque-sfpe-at.com\/index.php\/2024\/05\/16\/1045\/","title":{"rendered":"Camille Claudel, entre ombre et lumi\u00e8re"},"content":{"rendered":"\n<p><\/p>\n\n\n\n<p><em>\u00ab Mais moi, de qui dira-t-on que je suis l\u2019ombre ? non<br>pas de cet homme ou de cette femme s\u00e9par\u00e9s,<br>Mais de tous les deux \u00e0 la fois qui l\u2019un dans l\u2019autre en moi se sont submerg\u00e9s<br>En cet \u00eatre nouveau fait de noirceur informe&#8230; \u00bb<\/em><\/p>\n\n\n\n<p>Paul Claudel, Le Soulier de satin, sc\u00e8ne XIII, \u00ab l\u2019Ombre double11\u00bb.<\/p>\n\n\n\n<p><\/p>\n\n\n\n<div class=\"wp-block-columns is-layout-flex wp-container-core-columns-is-layout-28f84493 wp-block-columns-is-layout-flex\">\n<div class=\"wp-block-column is-layout-flow wp-block-column-is-layout-flow\" style=\"flex-basis:66.66%\">\n<p>J\u2019ai d\u00e9j\u00e0 expos\u00e9, lors des Journ\u00e9es d\u2019automne de 2010, pourquoi et comment l\u2019\u0153uvre de Camille Claudel entretenait avec l\u2019ombre des rapports singuliers. D\u2019une vie \u00e9mouvante surgit en effet une \u0153uvre peupl\u00e9e d\u2019ombres. Ombre d\u2019un fr\u00e8re mort d\u2019abord ; ombre de l\u2019\u0153uvre de Paul, masquant de son aura celle de Camille ; de Rodin ensuite, comme estomp\u00e9e sous l\u2019ombre d\u2019un ma\u00eetre dont la stature emplira d\u2019adoration fervente \u2014 et pour sa perte \u2014 une jeune femme n\u00e9e dans un deuil maternel. Comme commissaire de plusieurs expositions Camille Claudel, j\u2019ai expos\u00e9 ses sculptures dans une lumi\u00e8re en clair-obscur, r\u00e9v\u00e9latrice \u00e0 mon sens des profondeurs de son drame et de son esth\u00e9tique. \u00c0 l\u2019inverse de ce qui appara\u00eet comme la tradition m\u00eame, l\u2019extraordinaire pouvoir des figures de Camille \u00e9mane de l\u2019ombre. Quand un visage, un dos, un bras sont immerg\u00e9s dans la p\u00e9nombre, quand \u00e0 la continuit\u00e9 de d\u00e9coupes trop \u00e9clair\u00e9es se substituent quelques lueurs surgies de la nuit, s\u2019ouvre pour l\u2019imaginaire un espace sculptural ph\u00e9nom\u00e9nal. Les formes sortent de leur d\u00e9finition commune ; elles semblent habit\u00e9es d\u2019une puissance saisissante hors de port\u00e9e de la pens\u00e9e concr\u00e8te. Elles sont l\u2019incarnation m\u00eame d\u2019une lutte saisissante entre le jour et la nuit. C\u2019est une vid\u00e9o cr\u00e9\u00e9e \u00e0 l\u2019occasion de ces expositions que nous visionnerons. L\u2019enjeu de cette projection \u00e9tait de pr\u00e9parer sensiblement les visiteurs \u00e0 d\u00e9couvrir un \u0153uvre, comme on ne l\u2019avait jamais montr\u00e9e, sous la lumi\u00e8re du clair-obscur r\u00e9v\u00e9latrice \u00e0 la fois de la cr\u00e9ation incomparable et de la vie tragique de Camille Claudel. Il fallait, pour cette \u00e9vocation, trouver, une personnalit\u00e9 capable d\u2019\u00e9voquer ces voix de l\u2019ombre, au rythme des mots, et entre les mots m\u00eames, dans une respiration, la pr\u00e9sence \u00e9loquente de la nuit. Cette voix fut celle de Genevi\u00e8ve Casile.<\/p>\n\n\n\n<p class=\"has-text-color has-link-color wp-elements-0c5dd61414d2cb4c88e3596780dedeb0\" style=\"color:#2753a5\"><strong><em>Pour lire le texte complet <a href=\"\/index.php\/options-dinscription\/\"><mark style=\"background-color:rgba(0, 0, 0, 0)\" class=\"has-inline-color has-vivid-cyan-blue-color\">s&rsquo;inscrire<\/mark><\/a> ou <a href=\"\/index.php\/my-account\/edit-account\/\"><mark style=\"background-color:rgba(0, 0, 0, 0)\" class=\"has-inline-color has-vivid-cyan-blue-color\">se connecter<\/mark><\/a><\/em><\/strong><\/p>\n\n\n\n\n\n<div style=\"height:100px\" aria-hidden=\"true\" class=\"wp-block-spacer\"><\/div>\n\n\n\n<div class=\"wp-block-buttons is-content-justification-center is-layout-flex wp-container-core-buttons-is-layout-a89b3969 wp-block-buttons-is-layout-flex\">\n<div class=\"wp-block-button has-custom-font-size has-small-font-size\"><a class=\"wp-block-button__link has-vivid-red-background-color has-background wp-element-button\" href=\"\/index.php\/2024\/05\/15\/ombre-et-lumiere\/\">&lt;&#8211; retour<\/a><\/div>\n<\/div>\n<\/div>\n\n\n\n<div class=\"wp-block-column is-layout-flow wp-block-column-is-layout-flow\" style=\"flex-basis:33.33%\">\n<figure class=\"wp-block-table\"><table class=\"has-background\" style=\"background-color:#f8f2f2\"><thead><tr><th><mark class=\"has-inline-color has-vivid-red-color\" style=\"background-color: rgba(0, 0, 0, 0);\"><strong>Auteur<\/strong><\/mark><\/th><\/tr><\/thead><tbody><tr><td><strong>G\u00e9rard Bout\u00e9<\/strong><\/td><\/tr><\/tbody><\/table><\/figure>\n\n\n\n<figure class=\"wp-block-table\"><table><thead><tr><th><mark class=\"has-inline-color has-vivid-red-color\" style=\"background-color: rgba(0, 0, 0, 0);\"><strong>R\u00e9f\u00e9rence<\/strong><\/mark><\/th><\/tr><\/thead><tbody><tr><td><strong>RA006-09<\/strong><br><strong>Ombre et Lumi\u00e8re<\/strong><br>Journ\u00e9es d\u2019Automne 2014<\/td><\/tr><\/tbody><\/table><\/figure>\n\n\n\n<figure class=\"wp-block-table\"><table><thead><tr><th><mark class=\"has-inline-color has-vivid-red-color\" style=\"background-color: rgba(0, 0, 0, 0);\"><strong>Cat\u00e9gories<\/strong><\/mark><\/th><\/tr><\/thead><tbody><tr><td>Art<br>Exposition<br>vid\u00e9o<br>Sculpture<\/td><\/tr><\/tbody><\/table><\/figure>\n<\/div>\n<\/div>\n","protected":false},"excerpt":{"rendered":"<p>\u00ab Mais moi, de qui dira-t-on que je suis l\u2019ombre ? nonpas de cet homme ou de cette femme s\u00e9par\u00e9s,Mais de tous les deux \u00e0 la fois qui l\u2019un dans l\u2019autre en moi se sont submerg\u00e9sEn cet \u00eatre nouveau fait de noirceur informe&#8230; \u00bb Paul Claudel, Le Soulier de satin,&hellip;<\/p>\n","protected":false},"author":2,"featured_media":0,"comment_status":"closed","ping_status":"open","sticky":false,"template":"","format":"standard","meta":{"pmpro_default_level":"","ngg_post_thumbnail":0,"footnotes":""},"categories":[68],"tags":[483,571,53,67,495,499],"class_list":["post-1045","post","type-post","status-publish","format-standard","hentry","category-boute-gerard","tag-art","tag-musees-expositions-spectacles","tag-ombre-et-lumiere","tag-ra006-09","tag-sculpture","tag-video","pmpro-has-access"],"_links":{"self":[{"href":"https:\/\/bibliotheque-sfpe-at.com\/index.php\/wp-json\/wp\/v2\/posts\/1045","targetHints":{"allow":["GET"]}}],"collection":[{"href":"https:\/\/bibliotheque-sfpe-at.com\/index.php\/wp-json\/wp\/v2\/posts"}],"about":[{"href":"https:\/\/bibliotheque-sfpe-at.com\/index.php\/wp-json\/wp\/v2\/types\/post"}],"author":[{"embeddable":true,"href":"https:\/\/bibliotheque-sfpe-at.com\/index.php\/wp-json\/wp\/v2\/users\/2"}],"replies":[{"embeddable":true,"href":"https:\/\/bibliotheque-sfpe-at.com\/index.php\/wp-json\/wp\/v2\/comments?post=1045"}],"version-history":[{"count":4,"href":"https:\/\/bibliotheque-sfpe-at.com\/index.php\/wp-json\/wp\/v2\/posts\/1045\/revisions"}],"predecessor-version":[{"id":4446,"href":"https:\/\/bibliotheque-sfpe-at.com\/index.php\/wp-json\/wp\/v2\/posts\/1045\/revisions\/4446"}],"wp:attachment":[{"href":"https:\/\/bibliotheque-sfpe-at.com\/index.php\/wp-json\/wp\/v2\/media?parent=1045"}],"wp:term":[{"taxonomy":"category","embeddable":true,"href":"https:\/\/bibliotheque-sfpe-at.com\/index.php\/wp-json\/wp\/v2\/categories?post=1045"},{"taxonomy":"post_tag","embeddable":true,"href":"https:\/\/bibliotheque-sfpe-at.com\/index.php\/wp-json\/wp\/v2\/tags?post=1045"}],"curies":[{"name":"wp","href":"https:\/\/api.w.org\/{rel}","templated":true}]}}