{"id":1048,"date":"2024-05-16T19:43:10","date_gmt":"2024-05-16T17:43:10","guid":{"rendered":"https:\/\/sfpe-at.com\/?p=1048"},"modified":"2025-03-21T17:27:06","modified_gmt":"2025-03-21T16:27:06","slug":"etre-ombre-rilke-ou-s-illuminer-dimmense-ungaretti-dialectique-du-sujet-createur-au-temps-de-lexpressionnisme","status":"publish","type":"post","link":"https:\/\/bibliotheque-sfpe-at.com\/index.php\/2024\/05\/16\/etre-ombre-rilke-ou-s-illuminer-dimmense-ungaretti-dialectique-du-sujet-createur-au-temps-de-lexpressionnisme\/","title":{"rendered":"\u00ab\u00catre ombre \u00bb (Rilke) ou s\u2019 \u00ab illuminer d\u2019immense \u00bb (Ungaretti) : dialectique du sujet cr\u00e9ateur au temps de l\u2019expressionnisme"},"content":{"rendered":"\n<p><\/p>\n\n\n\n<div class=\"wp-block-columns is-layout-flex wp-container-core-columns-is-layout-28f84493 wp-block-columns-is-layout-flex\">\n<div class=\"wp-block-column is-layout-flow wp-block-column-is-layout-flow\" style=\"flex-basis:66.66%\">\n<p>Lumi\u00e8re et ombre : la relation complexe qu\u2019entretiennent dans notre psychisme ces deux ph\u00e9nom\u00e8nes rappelle le v\u0153u, \u00e9trange mais ardent, exprim\u00e9 par Rilke dans Das Testament, de n\u2019\u00eatre que \u00ab l\u2019ombre, infime, presque imperceptible, d\u2019une pomme sur une Madone de Van Eyck \u00bb. Que signifie ce d\u00e9sir ? Quel est l\u2019enjeu de cette formule ? Pour tenter de la comprendre, interrogeons l\u2019Histoire et retrouvons la tradition romantique dont Rilke compte, pour une large part, au nombre de ses h\u00e9ritiers. C\u2019est de l\u2019ombre, de l\u2019approche de la nuit qu\u2019il puise son inspiration. Novalis et ses Hymnes \u00e0 la nuit ont \u00e9t\u00e9, depuis 1800, la bible de plusieurs g\u00e9n\u00e9rations de po\u00e8tes et d\u2019artistes. Seule la nuit est propice au recueillement et \u00e0 la contemplation ; elle seule ouvre nos sens aux dimensions du cosmos, et fait \u00e9prouver \u00e0 notre esprit le sentiment d\u2019une proximit\u00e9 entre mort et naissance. L\u2019ombre qui accompagne chacun de nos gestes vient nous rappeler, en pleine lumi\u00e8re, le retour prochain de la nuit. Les peintres et les po\u00e8tes t\u00e9moignent de la marque de ce ph\u00e9nom\u00e8ne sur notre psychisme. Si cette ombre venait \u00e0 dispara\u00eetre par accident, \u00e0 se s\u00e9parer de nous, notre c\u0153ur cesserait de battre. Dans L\u2019\u00c9trange histoire de Peter Schlemihl, Chamisso nous fait mesurer son importance vitale : vendre son ombre au diable, c\u2019est se vouer \u00e0 un bannissement qu\u2019aucune richesse ne saurait compenser, c\u2019est se condamner \u00e0 une errance \u00e9ternelle. Tournant le dos \u00e0 l\u2019Impressionnisme, le Symbolisme ne cesse de poursuivre cette \u00e2me dans ses visions m\u00eal\u00e9es de nostalgie et d\u2019effroi ; l\u2019Expressionnisme croit s\u2019en affranchir en s\u2019offrant \u00e0 une lumi\u00e8re aveuglante, lib\u00e9ratrice de nos forces psychiques. Mais celle-ci n\u2019est pas la lumi\u00e8re de la science ; et \u00ab Midi le Juste \u00bb d\u00e9signe au contraire, chez Val\u00e9ry, une spiritualit\u00e9 d\u00e9cupl\u00e9e, une ombre invers\u00e9e. Rilke succomberait-il lui aussi aux puissances de l\u2019ombre ? Il nous appara\u00eetra plut\u00f4t sous les traits d\u2019un passeur traversant l\u2019Ach\u00e9ron au p\u00e9ril de son identit\u00e9, prouvant ainsi que toute lumi\u00e8re na\u00eet d\u2019une confrontation avec l\u2019obscurit\u00e9 \u2014 Maeterlinck dit que \u00ab l\u2019ombre \u00e9lucide \u00bb \u2014 ; c\u2019est \u00e0 ce prix que l\u2019art peut se faire \u00ab \u00e9clair de l\u2019\u00catre \u00bb.<\/p>\n\n\n\n<p class=\"has-text-color has-link-color wp-elements-0c5dd61414d2cb4c88e3596780dedeb0\" style=\"color:#2753a5\"><strong><em>Pour lire le texte complet <a href=\"\/index.php\/options-dinscription\/\"><mark style=\"background-color:rgba(0, 0, 0, 0)\" class=\"has-inline-color has-vivid-cyan-blue-color\">s&rsquo;inscrire<\/mark><\/a> ou <a href=\"\/index.php\/my-account\/edit-account\/\"><mark style=\"background-color:rgba(0, 0, 0, 0)\" class=\"has-inline-color has-vivid-cyan-blue-color\">se connecter<\/mark><\/a><\/em><\/strong><\/p>\n\n\n\n\n\n<div style=\"height:100px\" aria-hidden=\"true\" class=\"wp-block-spacer\"><\/div>\n\n\n\n<div class=\"wp-block-buttons is-content-justification-center is-layout-flex wp-container-core-buttons-is-layout-a89b3969 wp-block-buttons-is-layout-flex\">\n<div class=\"wp-block-button has-custom-font-size has-small-font-size\"><a class=\"wp-block-button__link has-vivid-red-background-color has-background wp-element-button\" href=\"\/index.php\/2024\/05\/15\/ombre-et-lumiere\/\">&lt;&#8211; retour<\/a><\/div>\n<\/div>\n<\/div>\n\n\n\n<div class=\"wp-block-column is-layout-flow wp-block-column-is-layout-flow\" style=\"flex-basis:33.33%\">\n<figure class=\"wp-block-table\"><table class=\"has-background\" style=\"background-color:#f8f2f2\"><thead><tr><th><mark class=\"has-inline-color has-vivid-red-color\" style=\"background-color: rgba(0, 0, 0, 0);\"><strong>Auteur<\/strong><\/mark><\/th><\/tr><\/thead><tbody><tr><td><strong>Georges Bloess<\/strong><span style=\"font-size: revert; font-family: inherit; font-weight: inherit; color: initial;\">&nbsp;<\/span><\/td><\/tr><\/tbody><\/table><\/figure>\n\n\n\n<figure class=\"wp-block-table\"><table><thead><tr><th><mark class=\"has-inline-color has-vivid-red-color\" style=\"background-color: rgba(0, 0, 0, 0);\"><strong>R\u00e9f\u00e9rence<\/strong><\/mark><\/th><\/tr><\/thead><tbody><tr><td><strong>RA006-10<\/strong><br><strong>Ombre et Lumi\u00e8re<\/strong><br>Journ\u00e9es d\u2019Automne 2014<\/td><\/tr><\/tbody><\/table><\/figure>\n\n\n\n<figure class=\"wp-block-table\"><table><thead><tr><th><mark class=\"has-inline-color has-vivid-red-color\" style=\"background-color: rgba(0, 0, 0, 0);\"><strong>Cat\u00e9gories<\/strong><\/mark><\/th><\/tr><\/thead><tbody><tr><td>Art<br>Litt\u00e9rature<br>Peinture<br>Po\u00e9sie<\/td><\/tr><\/tbody><\/table><\/figure>\n<\/div>\n<\/div>\n","protected":false},"excerpt":{"rendered":"<p>Lumi\u00e8re et ombre : la relation complexe qu\u2019entretiennent dans notre psychisme ces deux ph\u00e9nom\u00e8nes rappelle le v\u0153u, \u00e9trange mais ardent, exprim\u00e9 par Rilke dans Das Testament, de n\u2019\u00eatre que \u00ab l\u2019ombre, infime, presque imperceptible, d\u2019une pomme sur une Madone de Van Eyck \u00bb. Que signifie ce d\u00e9sir ? Quel est&hellip;<\/p>\n","protected":false},"author":2,"featured_media":0,"comment_status":"closed","ping_status":"open","sticky":false,"template":"","format":"standard","meta":{"pmpro_default_level":"","ngg_post_thumbnail":0,"footnotes":""},"categories":[70],"tags":[483,509,53,484,496,69],"class_list":["post-1048","post","type-post","status-publish","format-standard","hentry","category-bloess-georges","tag-art","tag-litterature","tag-ombre-et-lumiere","tag-peinture","tag-poesie","tag-ra006-10","pmpro-has-access"],"_links":{"self":[{"href":"https:\/\/bibliotheque-sfpe-at.com\/index.php\/wp-json\/wp\/v2\/posts\/1048","targetHints":{"allow":["GET"]}}],"collection":[{"href":"https:\/\/bibliotheque-sfpe-at.com\/index.php\/wp-json\/wp\/v2\/posts"}],"about":[{"href":"https:\/\/bibliotheque-sfpe-at.com\/index.php\/wp-json\/wp\/v2\/types\/post"}],"author":[{"embeddable":true,"href":"https:\/\/bibliotheque-sfpe-at.com\/index.php\/wp-json\/wp\/v2\/users\/2"}],"replies":[{"embeddable":true,"href":"https:\/\/bibliotheque-sfpe-at.com\/index.php\/wp-json\/wp\/v2\/comments?post=1048"}],"version-history":[{"count":3,"href":"https:\/\/bibliotheque-sfpe-at.com\/index.php\/wp-json\/wp\/v2\/posts\/1048\/revisions"}],"predecessor-version":[{"id":4447,"href":"https:\/\/bibliotheque-sfpe-at.com\/index.php\/wp-json\/wp\/v2\/posts\/1048\/revisions\/4447"}],"wp:attachment":[{"href":"https:\/\/bibliotheque-sfpe-at.com\/index.php\/wp-json\/wp\/v2\/media?parent=1048"}],"wp:term":[{"taxonomy":"category","embeddable":true,"href":"https:\/\/bibliotheque-sfpe-at.com\/index.php\/wp-json\/wp\/v2\/categories?post=1048"},{"taxonomy":"post_tag","embeddable":true,"href":"https:\/\/bibliotheque-sfpe-at.com\/index.php\/wp-json\/wp\/v2\/tags?post=1048"}],"curies":[{"name":"wp","href":"https:\/\/api.w.org\/{rel}","templated":true}]}}