{"id":1050,"date":"2024-05-16T19:51:45","date_gmt":"2024-05-16T17:51:45","guid":{"rendered":"https:\/\/sfpe-at.com\/?p=1050"},"modified":"2025-03-21T17:27:29","modified_gmt":"2025-03-21T16:27:29","slug":"ombres-et-peintures-lunaires-de-carl-gustav-carus","status":"publish","type":"post","link":"https:\/\/bibliotheque-sfpe-at.com\/index.php\/2024\/05\/16\/ombres-et-peintures-lunaires-de-carl-gustav-carus\/","title":{"rendered":"Ombres et peintures lunaires de Carl Gustav Carus"},"content":{"rendered":"\n<p><\/p>\n\n\n\n<div class=\"wp-block-columns is-layout-flex wp-container-core-columns-is-layout-28f84493 wp-block-columns-is-layout-flex\">\n<div class=\"wp-block-column is-layout-flow wp-block-column-is-layout-flow\" style=\"flex-basis:66.66%\">\n<p>L\u2019ombre et la lune sont deux topo\u00ef du romantisme, allemand en particulier. L\u2019\u00e9loge romantique de l\u2019ombre succ\u00e8de \u00e0 l\u2019Aufkl\u00e4rung, au si\u00e8cle des Lumi\u00e8res. L\u2019histoire de l\u2019ombre vendue de Peter Schlemihl de von Chamisso, les nombreuses peintures de Caspar David Friedrich, privil\u00e9giant les lumi\u00e8res transitoires des levers ou couchers de lune et de soleil, la physiognomonie de Lavater et ses silhouettes, sont c\u00e9l\u00e8bres. Si l\u2019ombre est \u00e0 l\u2019origine du dessin selon par Pline l\u2019Ancien, elle a \u00e9t\u00e9 th\u00e9oris\u00e9e par L\u00e9onard de Vinci et le clair-obscur atteint son apog\u00e9e au XVIIe si\u00e8cle (Rembrandt, Caravaggio), la part de l\u2019ombre humaine, avec son c\u00f4t\u00e9 fantastique et son inqui\u00e9tante \u00e9tranget\u00e9, aboutit au th\u00e8me du double et de l\u2019inconscient. Carl Gustav Carus (1789-1869), m\u00e9decin, psychologue, philosophe, naturaliste, peintre, s\u2019est beaucoup int\u00e9ress\u00e9 \u00e0 la lune. Il d\u00e9crit dans son autobiographie les nombreuses soir\u00e9es pass\u00e9es \u00e0 la contempler, au point que certains de ses amis se seraient moqu\u00e9 de lui, en disant qu\u2019il ne peignait que des clairs de lune. Avouant une profonde attirance pour le cr\u00e9puscule, il reconnaissait trouver dans l\u2019obscurit\u00e9 sa principale source d\u2019inspiration. Il a peint Faust dans son atelier entour\u00e9 d\u2019ombres \u00e9crivant et r\u00eavant, et de nombreux paysages (dont un cimeti\u00e8re avec une lune rousse), \u00e9tablissant des correspondances entre l\u2019atmosph\u00e8re des \u00e9tats de la nature et la disposition thymique (Stimmung) du contemplateur. Il a \u00e9crit un Conte de la lune perdue (die Sage von velorenen Monde) analysant le deuil, la m\u00e9lancolie, la nostalgie suite \u00e0 la perte de la lune, \u00e0 l\u2019aide de nombreuses m\u00e9taphores, dont celle du \u00ab soleil de la nuit \u00bb, reprenant celle de Novalis d\u00e9crivant \u00ab la lune comme r\u00eave de soleil \u00bb, et de Joseph Addison d\u00e9finissant \u00ab le r\u00eave comme un clair de lune dans le cerveau \u00bb. Ombres, lumi\u00e8re lunaire, r\u00eave et inconscient, nourrissent une Schw\u00e4rmerei, source romantique de la psychanalyse. Freud, dans son analyse de L\u2019Homme au sable (Der Sandman, \u00ab tableau nocturne \u00bb d\u2019E.T.A. d\u2019Hoffmann) d\u00e9finira l\u2019Unheimliche, l\u2019\u00e9trange-familier ou l\u2019inqui\u00e9tante \u00e9tranget\u00e9, et fera la lune, lieu de d\u00e9voration des yeux des enfants pas sages, une terrifiante plan\u00e8te de la castration.<\/p>\n\n\n\n<p class=\"has-text-color has-link-color wp-elements-0c5dd61414d2cb4c88e3596780dedeb0\" style=\"color:#2753a5\"><strong><em>Pour lire le texte complet <a href=\"\/index.php\/options-dinscription\/\"><mark style=\"background-color:rgba(0, 0, 0, 0)\" class=\"has-inline-color has-vivid-cyan-blue-color\">s&rsquo;inscrire<\/mark><\/a> ou <a href=\"\/index.php\/my-account\/edit-account\/\"><mark style=\"background-color:rgba(0, 0, 0, 0)\" class=\"has-inline-color has-vivid-cyan-blue-color\">se connecter<\/mark><\/a><\/em><\/strong><\/p>\n\n\n\n\n\n<div style=\"height:100px\" aria-hidden=\"true\" class=\"wp-block-spacer\"><\/div>\n\n\n\n<div class=\"wp-block-buttons is-content-justification-center is-layout-flex wp-container-core-buttons-is-layout-a89b3969 wp-block-buttons-is-layout-flex\">\n<div class=\"wp-block-button has-custom-font-size has-small-font-size\"><a class=\"wp-block-button__link has-vivid-red-background-color has-background wp-element-button\" href=\"\/index.php\/2024\/05\/15\/ombre-et-lumiere\/\">&lt;&#8211; retour<\/a><\/div>\n<\/div>\n<\/div>\n\n\n\n<div class=\"wp-block-column is-layout-flow wp-block-column-is-layout-flow\" style=\"flex-basis:33.33%\">\n<figure class=\"wp-block-table\"><table class=\"has-background\" style=\"background-color:#f8f2f2\"><thead><tr><th><mark class=\"has-inline-color has-vivid-red-color\" style=\"background-color: rgba(0, 0, 0, 0);\"><strong>Auteur<\/strong><\/mark><\/th><\/tr><\/thead><tbody><tr><td><strong>Pascal Pierlot<\/strong><\/td><\/tr><\/tbody><\/table><\/figure>\n\n\n\n<figure class=\"wp-block-table\"><table><thead><tr><th><mark class=\"has-inline-color has-vivid-red-color\" style=\"background-color: rgba(0, 0, 0, 0);\"><strong>R\u00e9f\u00e9rence<\/strong><\/mark><\/th><\/tr><\/thead><tbody><tr><td><strong>RA006-11<\/strong><br><strong>Ombre et Lumi\u00e8re<\/strong><br>Journ\u00e9es d\u2019Automne 2014<\/td><\/tr><\/tbody><\/table><\/figure>\n\n\n\n<figure class=\"wp-block-table\"><table><thead><tr><th><mark class=\"has-inline-color has-vivid-red-color\" style=\"background-color: rgba(0, 0, 0, 0);\"><strong>Cat\u00e9gories<\/strong><\/mark><\/th><\/tr><\/thead><tbody><tr><td>Art<br>Peinture<\/td><\/tr><\/tbody><\/table><\/figure>\n<\/div>\n<\/div>\n","protected":false},"excerpt":{"rendered":"<p>L\u2019ombre et la lune sont deux topo\u00ef du romantisme, allemand en particulier. L\u2019\u00e9loge romantique de l\u2019ombre succ\u00e8de \u00e0 l\u2019Aufkl\u00e4rung, au si\u00e8cle des Lumi\u00e8res. L\u2019histoire de l\u2019ombre vendue de Peter Schlemihl de von Chamisso, les nombreuses peintures de Caspar David Friedrich, privil\u00e9giant les lumi\u00e8res transitoires des levers ou couchers de lune&hellip;<\/p>\n","protected":false},"author":2,"featured_media":0,"comment_status":"closed","ping_status":"open","sticky":false,"template":"","format":"standard","meta":{"pmpro_default_level":"","ngg_post_thumbnail":0,"footnotes":""},"categories":[71],"tags":[483,53,484,72],"class_list":["post-1050","post","type-post","status-publish","format-standard","hentry","category-pierlot-pascal","tag-art","tag-ombre-et-lumiere","tag-peinture","tag-ra006-11","pmpro-has-access"],"_links":{"self":[{"href":"https:\/\/bibliotheque-sfpe-at.com\/index.php\/wp-json\/wp\/v2\/posts\/1050","targetHints":{"allow":["GET"]}}],"collection":[{"href":"https:\/\/bibliotheque-sfpe-at.com\/index.php\/wp-json\/wp\/v2\/posts"}],"about":[{"href":"https:\/\/bibliotheque-sfpe-at.com\/index.php\/wp-json\/wp\/v2\/types\/post"}],"author":[{"embeddable":true,"href":"https:\/\/bibliotheque-sfpe-at.com\/index.php\/wp-json\/wp\/v2\/users\/2"}],"replies":[{"embeddable":true,"href":"https:\/\/bibliotheque-sfpe-at.com\/index.php\/wp-json\/wp\/v2\/comments?post=1050"}],"version-history":[{"count":4,"href":"https:\/\/bibliotheque-sfpe-at.com\/index.php\/wp-json\/wp\/v2\/posts\/1050\/revisions"}],"predecessor-version":[{"id":4448,"href":"https:\/\/bibliotheque-sfpe-at.com\/index.php\/wp-json\/wp\/v2\/posts\/1050\/revisions\/4448"}],"wp:attachment":[{"href":"https:\/\/bibliotheque-sfpe-at.com\/index.php\/wp-json\/wp\/v2\/media?parent=1050"}],"wp:term":[{"taxonomy":"category","embeddable":true,"href":"https:\/\/bibliotheque-sfpe-at.com\/index.php\/wp-json\/wp\/v2\/categories?post=1050"},{"taxonomy":"post_tag","embeddable":true,"href":"https:\/\/bibliotheque-sfpe-at.com\/index.php\/wp-json\/wp\/v2\/tags?post=1050"}],"curies":[{"name":"wp","href":"https:\/\/api.w.org\/{rel}","templated":true}]}}