{"id":1053,"date":"2024-05-16T19:55:58","date_gmt":"2024-05-16T17:55:58","guid":{"rendered":"https:\/\/sfpe-at.com\/?p=1053"},"modified":"2025-03-21T17:28:41","modified_gmt":"2025-03-21T16:28:41","slug":"ombres-et-peintures-lunaires-de-carl-gustav-carus-2","status":"publish","type":"post","link":"https:\/\/bibliotheque-sfpe-at.com\/index.php\/2024\/05\/16\/ombres-et-peintures-lunaires-de-carl-gustav-carus-2\/","title":{"rendered":"Mano a mano: ombre et lumi\u00e8res dans le duende"},"content":{"rendered":"\n<p><\/p>\n\n\n\n<div class=\"wp-block-columns is-layout-flex wp-container-core-columns-is-layout-28f84493 wp-block-columns-is-layout-flex\">\n<div class=\"wp-block-column is-layout-flow wp-block-column-is-layout-flow\" style=\"flex-basis:66.66%\">\n<p>Sol y sombra \u2014 la disposition spatio-temporelle dans les ar\u00e8nes exacerbe les jeux et oppositions entre ombre et lumi\u00e8re1. Fond\u00e9e sur ce contraste primitif, ancestral, la corrida qui s\u2019y d\u00e9roule tire son pouvoir de fascination et son rythme de l\u2019alternance de bin\u00f4mes multiples : nature\/culture, vie\/mort, masculin\/f\u00e9minin, instant\/ \u00e9ternit\u00e9, ombre\/lumi\u00e8re&#8230; Ces contrastes sont encore redoubl\u00e9s et diffract\u00e9s par l\u2019habit de lumi\u00e8re du torero et la robe, la plus souvent noire, du toro, la bestialit\u00e9 et la force de l\u2019animal s\u2019opposant au raffinement et \u00e0 la technicit\u00e9 extr\u00eame du matador. \u00c0 travers son oscillation entre horreur et sublime, la corrida instaure une dualit\u00e9, une ambigu\u00eft\u00e9, un ind\u00e9cidable redessinant, dans l\u2019espace singulier de l\u2019ar\u00e8ne, la bisexualit\u00e9 psychique. Ces notions et leur duplicit\u00e9 seront questionn\u00e9es \u00e0 travers quelques exemples de l\u2019art espagnol comprenant la peinture, l\u2019art tauromachique et le flamenco. Dans cette communication \u00e0 deux voix, seront d\u00e9pli\u00e9s successivement, en mano a mano2, le temple3 et le duende, le premier d\u00e9crivant une synchronisation, un accordage parfait entre les passes de cape du torero et les passages du toro qui, ensemble, cr\u00e9ent une temporalit\u00e9 singuli\u00e8re, orphique. Celle-ci mat\u00e9rialise \u00e0 la fois l\u2019imm\u00e9diatet\u00e9 en une sorte d\u2019exacerbation de l\u2019instant et sa dilatation, par l\u2019exp\u00e9rience de la beaut\u00e9, \u00e0 l\u2019infini. Le duende, quant \u00e0 lui, d\u00e9crit une des subversions possibles du sujet \u00e0 travers l\u2019exp\u00e9rience cr\u00e9atrice. Il s\u2019agirait d\u2019une disposition sp\u00e9cifique, proche de la transe, au cours de laquelle le g\u00e9nie, l\u2019inspiration, prennent possession de l\u2019artiste \u2014 qu\u2019il soit peintre, torero, danseur, musicien, cantaor \u2014 pour lui permettre, sans effort apparent, d\u2019atteindre le sublime (Lorca, 1930). Nous illustrerons le duende \u00e0 travers plusieurs exemples de la peinture espagnole \u2014 notamment Goya et Picasso \u2014 pour visiter ensuite le mythe de Carmen dont le regard noir nous fera c\u00f4toyer l\u2019ombre tant de l\u2019ange que de la mort. Ces travers\u00e9es de miroirs et passages du clair-obscur nous renseigneront-ils plus avant sur les processus psychiques impliqu\u00e9s dans la cr\u00e9ation ? L\u2019acte psychoth\u00e9rapeutique et son efficace pourra-t-il se comprendre diff\u00e9remment \u00e0 travers les prismes du temple et du duende ?<\/p>\n\n\n\n<p class=\"has-text-color has-link-color wp-elements-0c5dd61414d2cb4c88e3596780dedeb0\" style=\"color:#2753a5\"><strong><em>Pour lire le texte complet <a href=\"\/index.php\/options-dinscription\/\"><mark style=\"background-color:rgba(0, 0, 0, 0)\" class=\"has-inline-color has-vivid-cyan-blue-color\">s&rsquo;inscrire<\/mark><\/a> ou <a href=\"\/index.php\/my-account\/edit-account\/\"><mark style=\"background-color:rgba(0, 0, 0, 0)\" class=\"has-inline-color has-vivid-cyan-blue-color\">se connecter<\/mark><\/a><\/em><\/strong><\/p>\n\n\n\n\n\n<div style=\"height:100px\" aria-hidden=\"true\" class=\"wp-block-spacer\"><\/div>\n\n\n\n<div class=\"wp-block-buttons is-content-justification-center is-layout-flex wp-container-core-buttons-is-layout-a89b3969 wp-block-buttons-is-layout-flex\">\n<div class=\"wp-block-button has-custom-font-size has-small-font-size\"><a class=\"wp-block-button__link has-vivid-red-background-color has-background wp-element-button\" href=\"\/index.php\/2024\/05\/15\/ombre-et-lumiere\/\">&lt;&#8211; retour<\/a><\/div>\n<\/div>\n<\/div>\n\n\n\n<div class=\"wp-block-column is-layout-flow wp-block-column-is-layout-flow\" style=\"flex-basis:33.33%\">\n<figure class=\"wp-block-table\"><table class=\"has-background\" style=\"background-color:#f8f2f2\"><thead><tr><th><mark class=\"has-inline-color has-vivid-red-color\" style=\"background-color: rgba(0, 0, 0, 0);\"><strong>Auteur<\/strong><\/mark><\/th><\/tr><\/thead><tbody><tr><td><strong>Silke Schauder<\/strong><br><strong>Christophe Paradas<\/strong><\/td><\/tr><\/tbody><\/table><\/figure>\n\n\n\n<figure class=\"wp-block-table\"><table><thead><tr><th><mark class=\"has-inline-color has-vivid-red-color\" style=\"background-color: rgba(0, 0, 0, 0);\"><strong>R\u00e9f\u00e9rence<\/strong><\/mark><\/th><\/tr><\/thead><tbody><tr><td><strong>RA006-12<\/strong><br><strong>Ombre et Lumi\u00e8re<\/strong><br>Journ\u00e9es d\u2019Automne 2014<\/td><\/tr><\/tbody><\/table><\/figure>\n\n\n\n<figure class=\"wp-block-table\"><table><thead><tr><th><mark class=\"has-inline-color has-vivid-red-color\" style=\"background-color: rgba(0, 0, 0, 0);\"><strong>Cat\u00e9gories<\/strong><\/mark><\/th><\/tr><\/thead><tbody><tr><td>Art<br>Litt\u00e9rature<br>Musique<br>Peinture<\/td><\/tr><\/tbody><\/table><\/figure>\n<\/div>\n<\/div>\n","protected":false},"excerpt":{"rendered":"<p>Sol y sombra \u2014 la disposition spatio-temporelle dans les ar\u00e8nes exacerbe les jeux et oppositions entre ombre et lumi\u00e8re1. Fond\u00e9e sur ce contraste primitif, ancestral, la corrida qui s\u2019y d\u00e9roule tire son pouvoir de fascination et son rythme de l\u2019alternance de bin\u00f4mes multiples : nature\/culture, vie\/mort, masculin\/f\u00e9minin, instant\/ \u00e9ternit\u00e9, ombre\/lumi\u00e8re&#8230;&hellip;<\/p>\n","protected":false},"author":2,"featured_media":0,"comment_status":"closed","ping_status":"open","sticky":false,"template":"","format":"standard","meta":{"pmpro_default_level":"","ngg_post_thumbnail":0,"footnotes":""},"categories":[74,73],"tags":[483,509,538,53,484,75],"class_list":["post-1053","post","type-post","status-publish","format-standard","hentry","category-paradas-christophe","category-schauder-silke","tag-art","tag-litterature","tag-musique","tag-ombre-et-lumiere","tag-peinture","tag-ra006-12","pmpro-has-access"],"_links":{"self":[{"href":"https:\/\/bibliotheque-sfpe-at.com\/index.php\/wp-json\/wp\/v2\/posts\/1053","targetHints":{"allow":["GET"]}}],"collection":[{"href":"https:\/\/bibliotheque-sfpe-at.com\/index.php\/wp-json\/wp\/v2\/posts"}],"about":[{"href":"https:\/\/bibliotheque-sfpe-at.com\/index.php\/wp-json\/wp\/v2\/types\/post"}],"author":[{"embeddable":true,"href":"https:\/\/bibliotheque-sfpe-at.com\/index.php\/wp-json\/wp\/v2\/users\/2"}],"replies":[{"embeddable":true,"href":"https:\/\/bibliotheque-sfpe-at.com\/index.php\/wp-json\/wp\/v2\/comments?post=1053"}],"version-history":[{"count":4,"href":"https:\/\/bibliotheque-sfpe-at.com\/index.php\/wp-json\/wp\/v2\/posts\/1053\/revisions"}],"predecessor-version":[{"id":4449,"href":"https:\/\/bibliotheque-sfpe-at.com\/index.php\/wp-json\/wp\/v2\/posts\/1053\/revisions\/4449"}],"wp:attachment":[{"href":"https:\/\/bibliotheque-sfpe-at.com\/index.php\/wp-json\/wp\/v2\/media?parent=1053"}],"wp:term":[{"taxonomy":"category","embeddable":true,"href":"https:\/\/bibliotheque-sfpe-at.com\/index.php\/wp-json\/wp\/v2\/categories?post=1053"},{"taxonomy":"post_tag","embeddable":true,"href":"https:\/\/bibliotheque-sfpe-at.com\/index.php\/wp-json\/wp\/v2\/tags?post=1053"}],"curies":[{"name":"wp","href":"https:\/\/api.w.org\/{rel}","templated":true}]}}