{"id":1061,"date":"2024-05-17T12:48:59","date_gmt":"2024-05-17T10:48:59","guid":{"rendered":"https:\/\/sfpe-at.com\/?p=1061"},"modified":"2025-03-21T17:30:10","modified_gmt":"2025-03-21T16:30:10","slug":"la-barbe-bleue-de-la-perversion-a-la-creativite-le-chemin-dindividuation-de-la-femme","status":"publish","type":"post","link":"https:\/\/bibliotheque-sfpe-at.com\/index.php\/2024\/05\/17\/la-barbe-bleue-de-la-perversion-a-la-creativite-le-chemin-dindividuation-de-la-femme\/","title":{"rendered":"La barbe-bleue de la perversion \u00e0 la cr\u00e9ativit\u00e9, le chemin d\u2019individuation de la femme"},"content":{"rendered":"\n<div class=\"wp-block-columns is-layout-flex wp-container-core-columns-is-layout-28f84493 wp-block-columns-is-layout-flex\">\n<div class=\"wp-block-column is-layout-flow wp-block-column-is-layout-flow\" style=\"flex-basis:66.66%\">\n<p>Le conte Barbe-Bleue a inspir\u00e9 la cr\u00e9ation de l\u2019exposition Barbe-Bleue, le cabinet secret, dont l\u2019artiste pratique l\u2019art textile1. Il s\u2019agit d\u2019une exploration de l\u2019espace (le lieu est une magnifique cave vo\u00fbt\u00e9e \u00e9clair\u00e9e \u00e0 la bougie) et du temps (sept expositions sur deux ans). Au fil de ce temps, l\u2019artiste cr\u00e9e sept robes avec diff\u00e9rents mat\u00e9riaux dont ses propres cheveux, qu\u2019elle coud, tisse, d\u00e9fait\u2026 et qu\u2019elle pend dans la cave comme \u00e9vocation des \u00e9pouses d\u00e9funtes de Barbe-Bleue2. \u00c0 travers le th\u00e8me de Barbe-Bleue, nous traitons du pr\u00e9dateur externe. Il s\u2019agit d\u2019analyser les relations d\u2019emprise dans le couple. Barbe-Bleue peut \u00eatre vu comme le s\u00e9ducteur de jeunes filles qu\u2019il enferme dans son univers domestique flamboyant et qu\u2019il tue au seuil de la sexualit\u00e9 devant l\u2019impossible engagement, r\u00e9p\u00e9tant l\u2019outrage six fois. La septi\u00e8me jeune fille est capable d\u2019\u00e9chapper au pi\u00e8ge tendu par l\u2019ogre. Tout ce qui est ext\u00e9rieur est aussi int\u00e9rieur, peut-on dire avec Goethe. Il s\u2019agit aussi, bien entendu, de l\u2019\u00e9tude du pr\u00e9dateur interne de la psych\u00e9 f\u00e9minine qui est lui-m\u00eame l\u2019emp\u00eacheur de l\u2019accomplissement. Nous pouvons consid\u00e9rer l\u2019\u00e9preuve de la Barbe-Bleue comme le cheminement menant \u00e0 l\u2019individuation. La jeune fille devient capable de cr\u00e9ativit\u00e9 pour \u00e9chapper \u00e0 ses d\u00e9mons internes et s\u2019accomplir.<\/p>\n\n\n\n<p class=\"has-text-color has-link-color wp-elements-0c5dd61414d2cb4c88e3596780dedeb0\" style=\"color:#2753a5\"><strong><em>Pour lire le texte complet <a href=\"\/index.php\/options-dinscription\/\"><mark style=\"background-color:rgba(0, 0, 0, 0)\" class=\"has-inline-color has-vivid-cyan-blue-color\">s&rsquo;inscrire<\/mark><\/a> ou <a href=\"\/index.php\/my-account\/edit-account\/\"><mark style=\"background-color:rgba(0, 0, 0, 0)\" class=\"has-inline-color has-vivid-cyan-blue-color\">se connecter<\/mark><\/a><\/em><\/strong><\/p>\n\n\n\n\n\n<div style=\"height:100px\" aria-hidden=\"true\" class=\"wp-block-spacer\"><\/div>\n\n\n\n<div class=\"wp-block-buttons is-content-justification-center is-layout-flex wp-container-core-buttons-is-layout-a89b3969 wp-block-buttons-is-layout-flex\">\n<div class=\"wp-block-button has-custom-font-size has-small-font-size\"><a class=\"wp-block-button__link has-vivid-red-background-color has-background wp-element-button\" href=\"\/index.php\/2024\/05\/15\/ombre-et-lumiere\/\">&lt;&#8211; retour<\/a><\/div>\n<\/div>\n<\/div>\n\n\n\n<div class=\"wp-block-column is-layout-flow wp-block-column-is-layout-flow\" style=\"flex-basis:33.33%\">\n<figure class=\"wp-block-table\"><table class=\"has-background\" style=\"background-color:#f8f2f2\"><thead><tr><th><mark class=\"has-inline-color has-vivid-red-color\" style=\"background-color: rgba(0, 0, 0, 0);\"><strong>Auteur<\/strong><\/mark><\/th><\/tr><\/thead><tbody><tr><td><strong>Annie Boyer-Labrouche<\/strong><\/td><\/tr><\/tbody><\/table><\/figure>\n\n\n\n<figure class=\"wp-block-table\"><table><thead><tr><th><mark class=\"has-inline-color has-vivid-red-color\" style=\"background-color: rgba(0, 0, 0, 0);\"><strong>R\u00e9f\u00e9rence<\/strong><\/mark><\/th><\/tr><\/thead><tbody><tr><td><strong>RA006-14<\/strong><br><strong>Ombre et Lumi\u00e8re<\/strong><br>Journ\u00e9es d\u2019Automne 2014<\/td><\/tr><\/tbody><\/table><\/figure>\n\n\n\n<figure class=\"wp-block-table\"><table><thead><tr><th><mark class=\"has-inline-color has-vivid-red-color\" style=\"background-color: rgba(0, 0, 0, 0);\"><strong>Cat\u00e9gories<\/strong><\/mark><\/th><\/tr><\/thead><tbody><tr><td>Conte<br>Litt\u00e9rature<\/td><\/tr><\/tbody><\/table><\/figure>\n<\/div>\n<\/div>\n","protected":false},"excerpt":{"rendered":"<p>Le conte Barbe-Bleue a inspir\u00e9 la cr\u00e9ation de l\u2019exposition Barbe-Bleue, le cabinet secret, dont l\u2019artiste pratique l\u2019art textile1. Il s\u2019agit d\u2019une exploration de l\u2019espace (le lieu est une magnifique cave vo\u00fbt\u00e9e \u00e9clair\u00e9e \u00e0 la bougie) et du temps (sept expositions sur deux ans). Au fil de ce temps, l\u2019artiste cr\u00e9e&hellip;<\/p>\n","protected":false},"author":2,"featured_media":0,"comment_status":"closed","ping_status":"open","sticky":false,"template":"","format":"standard","meta":{"pmpro_default_level":"","ngg_post_thumbnail":0,"footnotes":""},"categories":[79],"tags":[596,509,53,78],"class_list":["post-1061","post","type-post","status-publish","format-standard","hentry","category-boyer-labrouche-annie","tag-conte","tag-litterature","tag-ombre-et-lumiere","tag-ra006-14","pmpro-has-access"],"_links":{"self":[{"href":"https:\/\/bibliotheque-sfpe-at.com\/index.php\/wp-json\/wp\/v2\/posts\/1061","targetHints":{"allow":["GET"]}}],"collection":[{"href":"https:\/\/bibliotheque-sfpe-at.com\/index.php\/wp-json\/wp\/v2\/posts"}],"about":[{"href":"https:\/\/bibliotheque-sfpe-at.com\/index.php\/wp-json\/wp\/v2\/types\/post"}],"author":[{"embeddable":true,"href":"https:\/\/bibliotheque-sfpe-at.com\/index.php\/wp-json\/wp\/v2\/users\/2"}],"replies":[{"embeddable":true,"href":"https:\/\/bibliotheque-sfpe-at.com\/index.php\/wp-json\/wp\/v2\/comments?post=1061"}],"version-history":[{"count":3,"href":"https:\/\/bibliotheque-sfpe-at.com\/index.php\/wp-json\/wp\/v2\/posts\/1061\/revisions"}],"predecessor-version":[{"id":4452,"href":"https:\/\/bibliotheque-sfpe-at.com\/index.php\/wp-json\/wp\/v2\/posts\/1061\/revisions\/4452"}],"wp:attachment":[{"href":"https:\/\/bibliotheque-sfpe-at.com\/index.php\/wp-json\/wp\/v2\/media?parent=1061"}],"wp:term":[{"taxonomy":"category","embeddable":true,"href":"https:\/\/bibliotheque-sfpe-at.com\/index.php\/wp-json\/wp\/v2\/categories?post=1061"},{"taxonomy":"post_tag","embeddable":true,"href":"https:\/\/bibliotheque-sfpe-at.com\/index.php\/wp-json\/wp\/v2\/tags?post=1061"}],"curies":[{"name":"wp","href":"https:\/\/api.w.org\/{rel}","templated":true}]}}