{"id":1065,"date":"2024-05-17T13:05:36","date_gmt":"2024-05-17T11:05:36","guid":{"rendered":"https:\/\/sfpe-at.com\/?p=1065"},"modified":"2025-03-21T17:31:30","modified_gmt":"2025-03-21T16:31:30","slug":"lange-de-gabriel-le-guez-ricord-entre-ombre-et-lumiere","status":"publish","type":"post","link":"https:\/\/bibliotheque-sfpe-at.com\/index.php\/2024\/05\/17\/lange-de-gabriel-le-guez-ricord-entre-ombre-et-lumiere\/","title":{"rendered":"L\u2019ange de Gabriel(-le) Guez Ricord entre ombre et lumi\u00e8re \u00a0"},"content":{"rendered":"\n<div class=\"wp-block-columns is-layout-flex wp-container-core-columns-is-layout-28f84493 wp-block-columns-is-layout-flex\">\n<div class=\"wp-block-column is-layout-flow wp-block-column-is-layout-flow\" style=\"flex-basis:66.66%\">\n<p>Gabriel(-le) : une signature et un destin entre \u00ab ailes \u00bb . &nbsp;Il a quitt\u00e9 l\u2019astrophysique pour une annonce po\u00e9tique : L\u2019Ange m\u00e9diateur, cot\u00e9 Jour, cot\u00e9 Nuit, relie en sa beaut\u00e9 ces deux oppos\u00e9s symboliques comme en son corps ses deux ailes : l\u2019une de lumi\u00e8re, l\u2019autre ent\u00e9n\u00e9br\u00e9e. I &#8211; L\u2019Ange de Gabriel : Le traitement pictural et scriptural de l\u2019Ange chez Guez Ricord, cr\u00e9ateur schizophr\u00e8ne, intervient comme tentative solitaire de m\u00e9diation, celle d\u2019un objet unificateur entre ombre et lumi\u00e8re pour \u00e9chapper \u00e0 l\u2019enfer : l\u2019ind\u00e9cidable de l\u2019\u00eatre . L\u2019Ange et l\u2019Homme doivent mutuellement se sauver. L\u2019unio-mystica s\u2019inscrit comme recherche \u00e9perdue d\u2019un temps originaire indiff\u00e9renci\u00e9, fusionnel. Rem\u00e8de paradoxal, impuissant \u00e0 endiguer durablement les fractures des crises schizophr\u00e9niques. II -Penser la m\u00e9diation au-del\u00e0 de l\u2019objet m\u00e9diateur. Si Guez Ricord tente d\u00e9sesp\u00e9r\u00e9ment de mettre au monde cet objet m\u00e9diateur dans une extr\u00eame solitude, il entreprend en 74 un \u00ab travail de m\u00e9diation \u00bb avec Jean-Pierre Coudray. Travail qui, \u00e0 l\u2019instar des surr\u00e9alistes, utilise le Tarot de Marseille comme \u00ab pont diplomatique \u00bb. Mais il interrompt ce suivi et reprend seul sa qu\u00eate jusqu\u2019\u00e0 rendre les armes en se donnant la mort dans un rituel le r\u00e9conciliant avec la magie de l\u2019omnipotence. La mise au monde d\u2019un objet m\u00e9diateur est-elle donc insuffisante ? L\u2019espace de m\u00e9diation ne trouve-t-il pas tout son sens en la pr\u00e9sence du tiers comme adresse et t\u00e9moin du sujet en souffrance ?<\/p>\n\n\n\n<p class=\"has-text-color has-link-color wp-elements-0c5dd61414d2cb4c88e3596780dedeb0\" style=\"color:#2753a5\"><strong><em>Pour lire le texte complet <a href=\"\/index.php\/options-dinscription\/\"><mark style=\"background-color:rgba(0, 0, 0, 0)\" class=\"has-inline-color has-vivid-cyan-blue-color\">s&rsquo;inscrire<\/mark><\/a> ou <a href=\"\/index.php\/my-account\/edit-account\/\"><mark style=\"background-color:rgba(0, 0, 0, 0)\" class=\"has-inline-color has-vivid-cyan-blue-color\">se connecter<\/mark><\/a><\/em><\/strong><\/p>\n\n\n\n\n\n<div style=\"height:100px\" aria-hidden=\"true\" class=\"wp-block-spacer\"><\/div>\n\n\n\n<div class=\"wp-block-buttons is-content-justification-center is-layout-flex wp-container-core-buttons-is-layout-a89b3969 wp-block-buttons-is-layout-flex\">\n<div class=\"wp-block-button has-custom-font-size has-small-font-size\"><a class=\"wp-block-button__link has-vivid-red-background-color has-background wp-element-button\" href=\"\/index.php\/2024\/05\/15\/ombre-et-lumiere\/\">&lt;&#8211; retour<\/a><\/div>\n<\/div>\n<\/div>\n\n\n\n<div class=\"wp-block-column is-layout-flow wp-block-column-is-layout-flow\" style=\"flex-basis:33.33%\">\n<figure class=\"wp-block-table\"><table class=\"has-background\" style=\"background-color:#f8f2f2\"><thead><tr><th><mark class=\"has-inline-color has-vivid-red-color\" style=\"background-color: rgba(0, 0, 0, 0);\"><strong>Auteur<\/strong><\/mark><\/th><\/tr><\/thead><tbody><tr><td><strong>Jean-Pierre Royol <\/strong>(\u2020)<\/td><\/tr><\/tbody><\/table><\/figure>\n\n\n\n<figure class=\"wp-block-table\"><table><thead><tr><th><mark class=\"has-inline-color has-vivid-red-color\" style=\"background-color: rgba(0, 0, 0, 0);\"><strong>R\u00e9f\u00e9rence<\/strong><\/mark><\/th><\/tr><\/thead><tbody><tr><td><strong>RA006-17<\/strong><br><strong>Ombre et Lumi\u00e8re<\/strong><br>Journ\u00e9es d\u2019Automne 2014<\/td><\/tr><\/tbody><\/table><\/figure>\n\n\n\n<figure class=\"wp-block-table\"><table><thead><tr><th><mark class=\"has-inline-color has-vivid-red-color\" style=\"background-color: rgba(0, 0, 0, 0);\"><strong>Cat\u00e9gories<\/strong><\/mark><\/th><\/tr><\/thead><tbody><tr><td>Art<br>Art-th\u00e9rapie<br>\u00c9criture<br>Peinture<br>Psychiatrie<\/td><\/tr><\/tbody><\/table><\/figure>\n<\/div>\n<\/div>\n","protected":false},"excerpt":{"rendered":"<p>Gabriel(-le) : une signature et un destin entre \u00ab ailes \u00bb . &nbsp;Il a quitt\u00e9 l\u2019astrophysique pour une annonce po\u00e9tique : L\u2019Ange m\u00e9diateur, cot\u00e9 Jour, cot\u00e9 Nuit, relie en sa beaut\u00e9 ces deux oppos\u00e9s symboliques comme en son corps ses deux ailes : l\u2019une de lumi\u00e8re, l\u2019autre ent\u00e9n\u00e9br\u00e9e. I &#8211;&hellip;<\/p>\n","protected":false},"author":2,"featured_media":0,"comment_status":"closed","ping_status":"open","sticky":false,"template":"","format":"standard","meta":{"pmpro_default_level":"","ngg_post_thumbnail":0,"footnotes":""},"categories":[83],"tags":[483,492,497,53,484,574,82],"class_list":["post-1065","post","type-post","status-publish","format-standard","hentry","category-royol-jean-pierre","tag-art","tag-art-therapie","tag-ecriture","tag-ombre-et-lumiere","tag-peinture","tag-psychiatrie","tag-ra006-17","pmpro-has-access"],"_links":{"self":[{"href":"https:\/\/bibliotheque-sfpe-at.com\/index.php\/wp-json\/wp\/v2\/posts\/1065","targetHints":{"allow":["GET"]}}],"collection":[{"href":"https:\/\/bibliotheque-sfpe-at.com\/index.php\/wp-json\/wp\/v2\/posts"}],"about":[{"href":"https:\/\/bibliotheque-sfpe-at.com\/index.php\/wp-json\/wp\/v2\/types\/post"}],"author":[{"embeddable":true,"href":"https:\/\/bibliotheque-sfpe-at.com\/index.php\/wp-json\/wp\/v2\/users\/2"}],"replies":[{"embeddable":true,"href":"https:\/\/bibliotheque-sfpe-at.com\/index.php\/wp-json\/wp\/v2\/comments?post=1065"}],"version-history":[{"count":3,"href":"https:\/\/bibliotheque-sfpe-at.com\/index.php\/wp-json\/wp\/v2\/posts\/1065\/revisions"}],"predecessor-version":[{"id":4454,"href":"https:\/\/bibliotheque-sfpe-at.com\/index.php\/wp-json\/wp\/v2\/posts\/1065\/revisions\/4454"}],"wp:attachment":[{"href":"https:\/\/bibliotheque-sfpe-at.com\/index.php\/wp-json\/wp\/v2\/media?parent=1065"}],"wp:term":[{"taxonomy":"category","embeddable":true,"href":"https:\/\/bibliotheque-sfpe-at.com\/index.php\/wp-json\/wp\/v2\/categories?post=1065"},{"taxonomy":"post_tag","embeddable":true,"href":"https:\/\/bibliotheque-sfpe-at.com\/index.php\/wp-json\/wp\/v2\/tags?post=1065"}],"curies":[{"name":"wp","href":"https:\/\/api.w.org\/{rel}","templated":true}]}}