{"id":1069,"date":"2024-05-17T13:17:57","date_gmt":"2024-05-17T11:17:57","guid":{"rendered":"https:\/\/sfpe-at.com\/?p=1069"},"modified":"2025-03-21T17:32:40","modified_gmt":"2025-03-21T16:32:40","slug":"lumiere-sur-les-traversees-de-lombre-dans-loeuvre-de-jean-michel-basquiat","status":"publish","type":"post","link":"https:\/\/bibliotheque-sfpe-at.com\/index.php\/2024\/05\/17\/lumiere-sur-les-traversees-de-lombre-dans-loeuvre-de-jean-michel-basquiat\/","title":{"rendered":"Lumi\u00e8re sur les travers\u00e9es de l\u2019ombre dans l\u2019\u0153uvre de Jean-Michel Basquiat \u00a0"},"content":{"rendered":"\n<div class=\"wp-block-columns is-layout-flex wp-container-core-columns-is-layout-28f84493 wp-block-columns-is-layout-flex\">\n<div class=\"wp-block-column is-layout-flow wp-block-column-is-layout-flow\" style=\"flex-basis:66.66%\">\n<p>La fascination morbide de Jean-Michel Basquiat pour des pass\u00e9s, historique et personnel, qui se juxtaposent, \u00e9pouvant\u00e9 par la soci\u00e9t\u00e9 contemporaine, offre un interstice cr\u00e9atif entre art brut et n\u00e9o-expressionnisme am\u00e9ricain. \u00c9criture, sonorit\u00e9s, contrastes, couleurs tapageuses, rythment ses compositions dans lesquelles encerclements et autres dessins obsessionnels ou autistiques traduisent une pulsionnalit\u00e9 active et intense, et la n\u00e9cessit\u00e9 de circonscrire, par la forme, les limites dedans\/dehors. Les alternances entre assombrissements radicaux et \u00e9clairages brutaux, comme ruptures agressives via l\u2019utilisation du pastel gras, semblent se substituer aux estompages, \u00e0 l\u2019ombre et \u00e0 la lumi\u00e8re dans leurs nuances ; traduisant l\u2019\u00e9laboration d\u2019un nouveau langage en qu\u00eate de d\u00e9marcation de l\u2019acad\u00e9misme pictural et du conformisme soci\u00e9tal. Les questions de l\u2019identit\u00e9, des identifications et de l\u2019autor\u00e9flexivit\u00e9, sont au coeur de l\u2019oeuvre de Jean-Michel Basquiat, et s\u2019inscrivent dans une dynamique de construction\/d\u00e9construction, entre dislocation et tentatives de (re)structuration. Le caract\u00e8re \u00e9minemment pulsionnel de ses dessins et de sa peinture, figure la souffrance somatopsychique, interrogeant le corps, ses contours, la psychose et ses violences, d\u00e9voilant l\u2019imp\u00e9ratif de laisser une trace, entrem\u00eal\u00e9e des stigmates du pass\u00e9 (cf. carnets, croquis). L\u2019obsession pour la th\u00e9matique de l\u2019int\u00e9rieur du corps inspir\u00e9e d\u2019un ouvrage d\u2019anatomie offert par sa m\u00e8re schizophr\u00e8ne (cf. son premier portfolio) figure la compulsion de r\u00e9p\u00e9tition : c\u2019est son propre corps qui est souvent au centre de l\u2019image, amput\u00e9 de la rate suite \u00e0 un accident lorsqu\u2019il avait sept ans, tombant en d\u00e9cr\u00e9pitude \u00e0 cause de la drogue, m\u00e9taphorisant un corps maternel archa\u00efque et morcel\u00e9. Ce sont la trag\u00e9die humaine, les figures de la mort, les corps fragmentaires, les pr\u00e9occupations hypocondriaques d\u2019un int\u00e9rieur v\u00e9cu comme \u00e9trange et inqui\u00e9tant, que Jean-Michel Basquiat repr\u00e9sente. Dans cette communication, nous tenterons d\u2019approcher les points les plus troubles de sa personnalit\u00e9, comme autant de traumatismes, de r\u00e9gressions et de transgressions orales et anales, r\u00e9investis pour \u00ab faire oeuvre \u00bb.<\/p>\n\n\n\n<p class=\"has-text-color has-link-color wp-elements-0c5dd61414d2cb4c88e3596780dedeb0\" style=\"color:#2753a5\"><strong><em>Pour lire le texte complet <a href=\"\/index.php\/options-dinscription\/\"><mark style=\"background-color:rgba(0, 0, 0, 0)\" class=\"has-inline-color has-vivid-cyan-blue-color\">s&rsquo;inscrire<\/mark><\/a> ou <a href=\"\/index.php\/my-account\/edit-account\/\"><mark style=\"background-color:rgba(0, 0, 0, 0)\" class=\"has-inline-color has-vivid-cyan-blue-color\">se connecter<\/mark><\/a><\/em><\/strong><\/p>\n\n\n\n\n\n<div style=\"height:100px\" aria-hidden=\"true\" class=\"wp-block-spacer\"><\/div>\n\n\n\n<div class=\"wp-block-buttons is-content-justification-center is-layout-flex wp-container-core-buttons-is-layout-a89b3969 wp-block-buttons-is-layout-flex\">\n<div class=\"wp-block-button has-custom-font-size has-small-font-size\"><a class=\"wp-block-button__link has-vivid-red-background-color has-background wp-element-button\" href=\"\/index.php\/2024\/05\/15\/ombre-et-lumiere\/\">&lt;&#8211; retour<\/a><\/div>\n<\/div>\n<\/div>\n\n\n\n<div class=\"wp-block-column is-layout-flow wp-block-column-is-layout-flow\" style=\"flex-basis:33.33%\">\n<figure class=\"wp-block-table\"><table class=\"has-background\" style=\"background-color:#f8f2f2\"><thead><tr><th><mark class=\"has-inline-color has-vivid-red-color\" style=\"background-color: rgba(0, 0, 0, 0);\"><strong>Auteur<\/strong><\/mark><\/th><\/tr><\/thead><tbody><tr><td><strong>Marjorie Roques<\/strong><\/td><\/tr><\/tbody><\/table><\/figure>\n\n\n\n<figure class=\"wp-block-table\"><table><thead><tr><th><mark class=\"has-inline-color has-vivid-red-color\" style=\"background-color: rgba(0, 0, 0, 0);\"><strong>R\u00e9f\u00e9rence<\/strong><\/mark><\/th><\/tr><\/thead><tbody><tr><td><strong>RA006-19<\/strong><br><strong>Ombre et Lumi\u00e8re<\/strong><br>Journ\u00e9es d\u2019Automne 2014<\/td><\/tr><\/tbody><\/table><\/figure>\n\n\n\n<figure class=\"wp-block-table\"><table><thead><tr><th><mark class=\"has-inline-color has-vivid-red-color\" style=\"background-color: rgba(0, 0, 0, 0);\"><strong>Cat\u00e9gories<\/strong><\/mark><\/th><\/tr><\/thead><tbody><tr><td>Art<br>Peinture<br>Psychanalyse<\/td><\/tr><\/tbody><\/table><\/figure>\n<\/div>\n<\/div>\n","protected":false},"excerpt":{"rendered":"<p>La fascination morbide de Jean-Michel Basquiat pour des pass\u00e9s, historique et personnel, qui se juxtaposent, \u00e9pouvant\u00e9 par la soci\u00e9t\u00e9 contemporaine, offre un interstice cr\u00e9atif entre art brut et n\u00e9o-expressionnisme am\u00e9ricain. \u00c9criture, sonorit\u00e9s, contrastes, couleurs tapageuses, rythment ses compositions dans lesquelles encerclements et autres dessins obsessionnels ou autistiques traduisent une pulsionnalit\u00e9&hellip;<\/p>\n","protected":false},"author":2,"featured_media":0,"comment_status":"closed","ping_status":"open","sticky":false,"template":"","format":"standard","meta":{"pmpro_default_level":"","ngg_post_thumbnail":0,"footnotes":""},"categories":[87],"tags":[483,53,484,494,86],"class_list":["post-1069","post","type-post","status-publish","format-standard","hentry","category-roques-marjorie","tag-art","tag-ombre-et-lumiere","tag-peinture","tag-psychanalyse","tag-ra006-19","pmpro-has-access"],"_links":{"self":[{"href":"https:\/\/bibliotheque-sfpe-at.com\/index.php\/wp-json\/wp\/v2\/posts\/1069","targetHints":{"allow":["GET"]}}],"collection":[{"href":"https:\/\/bibliotheque-sfpe-at.com\/index.php\/wp-json\/wp\/v2\/posts"}],"about":[{"href":"https:\/\/bibliotheque-sfpe-at.com\/index.php\/wp-json\/wp\/v2\/types\/post"}],"author":[{"embeddable":true,"href":"https:\/\/bibliotheque-sfpe-at.com\/index.php\/wp-json\/wp\/v2\/users\/2"}],"replies":[{"embeddable":true,"href":"https:\/\/bibliotheque-sfpe-at.com\/index.php\/wp-json\/wp\/v2\/comments?post=1069"}],"version-history":[{"count":3,"href":"https:\/\/bibliotheque-sfpe-at.com\/index.php\/wp-json\/wp\/v2\/posts\/1069\/revisions"}],"predecessor-version":[{"id":4456,"href":"https:\/\/bibliotheque-sfpe-at.com\/index.php\/wp-json\/wp\/v2\/posts\/1069\/revisions\/4456"}],"wp:attachment":[{"href":"https:\/\/bibliotheque-sfpe-at.com\/index.php\/wp-json\/wp\/v2\/media?parent=1069"}],"wp:term":[{"taxonomy":"category","embeddable":true,"href":"https:\/\/bibliotheque-sfpe-at.com\/index.php\/wp-json\/wp\/v2\/categories?post=1069"},{"taxonomy":"post_tag","embeddable":true,"href":"https:\/\/bibliotheque-sfpe-at.com\/index.php\/wp-json\/wp\/v2\/tags?post=1069"}],"curies":[{"name":"wp","href":"https:\/\/api.w.org\/{rel}","templated":true}]}}