{"id":1073,"date":"2024-05-17T13:36:23","date_gmt":"2024-05-17T11:36:23","guid":{"rendered":"https:\/\/sfpe-at.com\/?p=1073"},"modified":"2025-03-21T17:33:28","modified_gmt":"2025-03-21T16:33:28","slug":"zones-dombre-dans-la-peinture-et-les-dessins-denfants","status":"publish","type":"post","link":"https:\/\/bibliotheque-sfpe-at.com\/index.php\/2024\/05\/17\/zones-dombre-dans-la-peinture-et-les-dessins-denfants\/","title":{"rendered":"Zones d\u2019ombre dans la peinture et les dessins d\u2019enfants \u00a0"},"content":{"rendered":"\n<div class=\"wp-block-columns is-layout-flex wp-container-core-columns-is-layout-28f84493 wp-block-columns-is-layout-flex\">\n<div class=\"wp-block-column is-layout-flow wp-block-column-is-layout-flow\" style=\"flex-basis:66.66%\">\n<p>Les peintres cherchent tous la lumi\u00e8re. Que l\u2019on songe \u00e0 la r\u00e9v\u00e9lation de la lumi\u00e8re m\u00e9diterran\u00e9enne pour certains (Van Gogh, Matisse, Klee\u2026) ou la beaut\u00e9 de la lumi\u00e8re du Nord pour d\u2019autres. Mais chez tous aussi, il y a une part d\u2019ombre. Que celle-ci concerne un moment de leur \u00e9volution (Odilon Redon,) ou une partie de l\u2019oeuvre (Seurat), part parfois cach\u00e9e (Goya), ou qu\u2019elle devienne l\u2019objet m\u00eame de toute leur oeuvre (Soulages). D\u2019un point de vue psychanalytique, l\u2019ombre \u00e9voque bien s\u00fbr le deuil et la d\u00e9pression, et la lumi\u00e8re peut \u00eatre du c\u00f4t\u00e9 de la tonalit\u00e9 maniaque. M\u00e9lanie Klein et Winnicott nous ont montr\u00e9 qu\u2019il y a dans la vie psychique une oscillation permanente entre la d\u00e9fense maniaque et la position d\u00e9pressive. Tant\u00f4t elles se succ\u00e8dent, s\u2019alternent, s\u2019excluent, tant\u00f4t elles coexistent. Chez les peintres, en effet, la part de la lumi\u00e8re et de l\u2019ombre sont plus ou moins articul\u00e9es, int\u00e9gr\u00e9es (Rembrandt, Le Caravage) ou cliv\u00e9es (Rothko, Goya). L\u2019auteur se propose d\u2019explorer ces zones d\u2019ombre d\u2019une part avec un cas clinique, issu de sa pratique de psychanalyste d\u2019enfants, et d\u2019autre part chez certains artistes pour en d\u00e9celer le sens, partant du postulat que l\u2019analyse des oeuvres artistiques nous renseigne sur les processus psychiques et qu\u2019inversement la clinique peut nous instruire sur les processus de cr\u00e9ation artistique.<\/p>\n\n\n\n<p class=\"has-text-color has-link-color wp-elements-0c5dd61414d2cb4c88e3596780dedeb0\" style=\"color:#2753a5\"><strong><em>Pour lire le texte complet <a href=\"\/index.php\/options-dinscription\/\"><mark style=\"background-color:rgba(0, 0, 0, 0)\" class=\"has-inline-color has-vivid-cyan-blue-color\">s&rsquo;inscrire<\/mark><\/a> ou <a href=\"\/index.php\/my-account\/edit-account\/\"><mark style=\"background-color:rgba(0, 0, 0, 0)\" class=\"has-inline-color has-vivid-cyan-blue-color\">se connecter<\/mark><\/a><\/em><\/strong><\/p>\n\n\n\n\n\n<div style=\"height:100px\" aria-hidden=\"true\" class=\"wp-block-spacer\"><\/div>\n\n\n\n<div class=\"wp-block-buttons is-content-justification-center is-layout-flex wp-container-core-buttons-is-layout-a89b3969 wp-block-buttons-is-layout-flex\">\n<div class=\"wp-block-button has-custom-font-size has-small-font-size\"><a class=\"wp-block-button__link has-vivid-red-background-color has-background wp-element-button\" href=\"\/index.php\/2024\/05\/15\/ombre-et-lumiere\/\">&lt;&#8211; retour<\/a><\/div>\n<\/div>\n<\/div>\n\n\n\n<div class=\"wp-block-column is-layout-flow wp-block-column-is-layout-flow\" style=\"flex-basis:33.33%\">\n<figure class=\"wp-block-table\"><table class=\"has-background\" style=\"background-color:#f8f2f2\"><thead><tr><th><mark class=\"has-inline-color has-vivid-red-color\" style=\"background-color: rgba(0, 0, 0, 0);\"><strong>Auteur<\/strong><\/mark><\/th><\/tr><\/thead><tbody><tr><td><strong>Simone Korff Sausse<\/strong><\/td><\/tr><\/tbody><\/table><\/figure>\n\n\n\n<figure class=\"wp-block-table\"><table><thead><tr><th><mark class=\"has-inline-color has-vivid-red-color\" style=\"background-color: rgba(0, 0, 0, 0);\"><strong>R\u00e9f\u00e9rence<\/strong><\/mark><\/th><\/tr><\/thead><tbody><tr><td><strong>RA006-20<\/strong><br><strong>Ombre et Lumi\u00e8re<\/strong><br>Journ\u00e9es d\u2019Automne 2014<\/td><\/tr><\/tbody><\/table><\/figure>\n\n\n\n<figure class=\"wp-block-table\"><table><thead><tr><th><mark class=\"has-inline-color has-vivid-red-color\" style=\"background-color: rgba(0, 0, 0, 0);\"><strong>Cat\u00e9gories<\/strong><\/mark><\/th><\/tr><\/thead><tbody><tr><td>Art<br>Cas clinique<br>Dessin<br>Peinture<\/td><\/tr><\/tbody><\/table><\/figure>\n<\/div>\n<\/div>\n","protected":false},"excerpt":{"rendered":"<p>Les peintres cherchent tous la lumi\u00e8re. Que l\u2019on songe \u00e0 la r\u00e9v\u00e9lation de la lumi\u00e8re m\u00e9diterran\u00e9enne pour certains (Van Gogh, Matisse, Klee\u2026) ou la beaut\u00e9 de la lumi\u00e8re du Nord pour d\u2019autres. Mais chez tous aussi, il y a une part d\u2019ombre. Que celle-ci concerne un moment de leur \u00e9volution&hellip;<\/p>\n","protected":false},"author":2,"featured_media":0,"comment_status":"closed","ping_status":"open","sticky":false,"template":"","format":"standard","meta":{"pmpro_default_level":"","ngg_post_thumbnail":0,"footnotes":""},"categories":[89,91],"tags":[483,508,493,53,484,88],"class_list":["post-1073","post","type-post","status-publish","format-standard","hentry","category-korff-sausse-simone","category-reillanne-ghislaine","tag-art","tag-dessin","tag-cas-clinique","tag-ombre-et-lumiere","tag-peinture","tag-ra006-20","pmpro-has-access"],"_links":{"self":[{"href":"https:\/\/bibliotheque-sfpe-at.com\/index.php\/wp-json\/wp\/v2\/posts\/1073","targetHints":{"allow":["GET"]}}],"collection":[{"href":"https:\/\/bibliotheque-sfpe-at.com\/index.php\/wp-json\/wp\/v2\/posts"}],"about":[{"href":"https:\/\/bibliotheque-sfpe-at.com\/index.php\/wp-json\/wp\/v2\/types\/post"}],"author":[{"embeddable":true,"href":"https:\/\/bibliotheque-sfpe-at.com\/index.php\/wp-json\/wp\/v2\/users\/2"}],"replies":[{"embeddable":true,"href":"https:\/\/bibliotheque-sfpe-at.com\/index.php\/wp-json\/wp\/v2\/comments?post=1073"}],"version-history":[{"count":3,"href":"https:\/\/bibliotheque-sfpe-at.com\/index.php\/wp-json\/wp\/v2\/posts\/1073\/revisions"}],"predecessor-version":[{"id":4457,"href":"https:\/\/bibliotheque-sfpe-at.com\/index.php\/wp-json\/wp\/v2\/posts\/1073\/revisions\/4457"}],"wp:attachment":[{"href":"https:\/\/bibliotheque-sfpe-at.com\/index.php\/wp-json\/wp\/v2\/media?parent=1073"}],"wp:term":[{"taxonomy":"category","embeddable":true,"href":"https:\/\/bibliotheque-sfpe-at.com\/index.php\/wp-json\/wp\/v2\/categories?post=1073"},{"taxonomy":"post_tag","embeddable":true,"href":"https:\/\/bibliotheque-sfpe-at.com\/index.php\/wp-json\/wp\/v2\/tags?post=1073"}],"curies":[{"name":"wp","href":"https:\/\/api.w.org\/{rel}","templated":true}]}}