{"id":1075,"date":"2024-05-17T14:04:50","date_gmt":"2024-05-17T12:04:50","guid":{"rendered":"https:\/\/sfpe-at.com\/?p=1075"},"modified":"2025-03-21T17:34:29","modified_gmt":"2025-03-21T16:34:29","slug":"du-noir-lumiere-a-loutrenoir-de-pierre-soulages-un-autre-champ-mental","status":"publish","type":"post","link":"https:\/\/bibliotheque-sfpe-at.com\/index.php\/2024\/05\/17\/du-noir-lumiere-a-loutrenoir-de-pierre-soulages-un-autre-champ-mental\/","title":{"rendered":"Du noir-lumi\u00e8re \u00e0 l\u2019outrenoir de Pierre Soulages : \u00ab un autre champ mental \u00bb \u00a0"},"content":{"rendered":"\n<div class=\"wp-block-columns is-layout-flex wp-container-core-columns-is-layout-28f84493 wp-block-columns-is-layout-flex\">\n<div class=\"wp-block-column is-layout-flow wp-block-column-is-layout-flow\" style=\"flex-basis:66.66%\">\n<p>\u00abLa lumi\u00e8re qui m\u2019int\u00e9resse est d\u2019une autre nature que sensorielle ou concr\u00e8te. C\u2019est une lumi\u00e8re du dedans qui est peut\u00eatre de l\u2019ordre de ce qu\u2019on ignore en soi. C\u2019est pourquoi j\u2019ai invent\u00e9 le mot Outrenoir pour le substituer \u00e0 Noir-Lumi\u00e8re \u2026\u00bb. Ainsi Pierre Soulages nous introduit-il \u00e0 la dimension m\u00e9taphysique de son Outrenoir qu\u2019il d\u00e9finit comme \u00ab un autre champ mental \u00bb. Il ne s\u2019agit pas tant de peindre avec du noir qu\u2019avec la lumi\u00e8re r\u00e9fl\u00e9chie par les \u00e9tats de surface du noir. La peinture s\u2019exerce dans une simultan\u00e9it\u00e9, le tableau se faisant g\u00e9n\u00e8re un ensemble surface-couleur-mati\u00e8re, une peinture qui fait face. Un nouveau rapport \u00e0 l\u2019espace est cr\u00e9\u00e9 : l\u2019espace du tableau est devant la toile et le spectateur se trouve inclus dans cet espace. Ce qui importe, c\u2019est la force d\u2019une pr\u00e9sence, celle-l\u00e0 m\u00eame que Soulages a \u00e9prouv\u00e9e en d\u00e9couvrant les statues-menhirs du mus\u00e9e Fenaille \u00e0 Rodez : des oeuvres qui le font se sentir vraiment vivant et qui le construisent. Du noir \u00e0 la lumi\u00e8re, la peinture est pour Soulages une aventure en train de se jouer, un engagement de tout l\u2019\u00eatre, un \u00e9tat d\u2019attente et d\u2019ouverture \u00e0 l\u2019inconnu ; elle est porteuse d\u2019une dimension sacr\u00e9e, initiatique \u2026 Du noir \u00e0 la lumi\u00e8re, l\u2019expectative d\u2019une naissance ? ou d\u2019une renaissance perp\u00e9tuelle : \u00ab rena\u00eetre \u00e0 la peinture, au monde et aux questions qu\u2019il nous pose \u00bb. Noir cr\u00e9ateur de lumi\u00e8re, \u00e9mergence d\u2019un obscur n\u00e9ant vers la lumi\u00e8re de la vie ? Conception qui appelle la dimension th\u00e9rapeutique de l\u2019oeuvre d\u2019art mais aussi la philosophie du geste, compos\u00e9 de m\u00e9moire et de projet, sch\u00e8me de temps et g\u00e9n\u00e9rateur d\u2019espace, selon Michel Gu\u00e9rin.<\/p>\n\n\n\n<p class=\"has-text-color has-link-color wp-elements-0c5dd61414d2cb4c88e3596780dedeb0\" style=\"color:#2753a5\"><strong><em>Pour lire le texte complet <a href=\"\/index.php\/options-dinscription\/\"><mark style=\"background-color:rgba(0, 0, 0, 0)\" class=\"has-inline-color has-vivid-cyan-blue-color\">s&rsquo;inscrire<\/mark><\/a> ou <a href=\"\/index.php\/my-account\/edit-account\/\"><mark style=\"background-color:rgba(0, 0, 0, 0)\" class=\"has-inline-color has-vivid-cyan-blue-color\">se connecter<\/mark><\/a><\/em><\/strong><\/p>\n\n\n\n\n\n<div style=\"height:100px\" aria-hidden=\"true\" class=\"wp-block-spacer\"><\/div>\n\n\n\n<div class=\"wp-block-buttons is-content-justification-center is-layout-flex wp-container-core-buttons-is-layout-a89b3969 wp-block-buttons-is-layout-flex\">\n<div class=\"wp-block-button has-custom-font-size has-small-font-size\"><a class=\"wp-block-button__link has-vivid-red-background-color has-background wp-element-button\" href=\"\/index.php\/2024\/05\/15\/ombre-et-lumiere\/\">&lt;&#8211; retour<\/a><\/div>\n<\/div>\n<\/div>\n\n\n\n<div class=\"wp-block-column is-layout-flow wp-block-column-is-layout-flow\" style=\"flex-basis:33.33%\">\n<figure class=\"wp-block-table\"><table class=\"has-background\" style=\"background-color:#f8f2f2\"><thead><tr><th><mark class=\"has-inline-color has-vivid-red-color\" style=\"background-color: rgba(0, 0, 0, 0);\"><strong>Auteur<\/strong><\/mark><\/th><\/tr><\/thead><tbody><tr><td><strong>Val\u00e9rie Deschamps<\/strong><\/td><\/tr><\/tbody><\/table><\/figure>\n\n\n\n<figure class=\"wp-block-table\"><table><thead><tr><th><mark class=\"has-inline-color has-vivid-red-color\" style=\"background-color: rgba(0, 0, 0, 0);\"><strong>R\u00e9f\u00e9rence<\/strong><\/mark><\/th><\/tr><\/thead><tbody><tr><td><strong>RA006-22<\/strong><br><strong>Ombre et Lumi\u00e8re<\/strong><br>Journ\u00e9es d\u2019Automne 2014<\/td><\/tr><\/tbody><\/table><\/figure>\n\n\n\n<figure class=\"wp-block-table\"><table><thead><tr><th><mark class=\"has-inline-color has-vivid-red-color\" style=\"background-color: rgba(0, 0, 0, 0);\"><strong>Cat\u00e9gories<\/strong><\/mark><\/th><\/tr><\/thead><tbody><tr><td>Art<br>Peinture<\/td><\/tr><\/tbody><\/table><\/figure>\n<\/div>\n<\/div>\n","protected":false},"excerpt":{"rendered":"<p>\u00abLa lumi\u00e8re qui m\u2019int\u00e9resse est d\u2019une autre nature que sensorielle ou concr\u00e8te. C\u2019est une lumi\u00e8re du dedans qui est peut\u00eatre de l\u2019ordre de ce qu\u2019on ignore en soi. C\u2019est pourquoi j\u2019ai invent\u00e9 le mot Outrenoir pour le substituer \u00e0 Noir-Lumi\u00e8re \u2026\u00bb. Ainsi Pierre Soulages nous introduit-il \u00e0 la dimension m\u00e9taphysique&hellip;<\/p>\n","protected":false},"author":2,"featured_media":0,"comment_status":"closed","ping_status":"open","sticky":false,"template":"","format":"standard","meta":{"pmpro_default_level":"","ngg_post_thumbnail":0,"footnotes":""},"categories":[93],"tags":[483,53,484,92],"class_list":["post-1075","post","type-post","status-publish","format-standard","hentry","category-deschamps-valerie","tag-art","tag-ombre-et-lumiere","tag-peinture","tag-ra006-22","pmpro-has-access"],"_links":{"self":[{"href":"https:\/\/bibliotheque-sfpe-at.com\/index.php\/wp-json\/wp\/v2\/posts\/1075","targetHints":{"allow":["GET"]}}],"collection":[{"href":"https:\/\/bibliotheque-sfpe-at.com\/index.php\/wp-json\/wp\/v2\/posts"}],"about":[{"href":"https:\/\/bibliotheque-sfpe-at.com\/index.php\/wp-json\/wp\/v2\/types\/post"}],"author":[{"embeddable":true,"href":"https:\/\/bibliotheque-sfpe-at.com\/index.php\/wp-json\/wp\/v2\/users\/2"}],"replies":[{"embeddable":true,"href":"https:\/\/bibliotheque-sfpe-at.com\/index.php\/wp-json\/wp\/v2\/comments?post=1075"}],"version-history":[{"count":3,"href":"https:\/\/bibliotheque-sfpe-at.com\/index.php\/wp-json\/wp\/v2\/posts\/1075\/revisions"}],"predecessor-version":[{"id":4459,"href":"https:\/\/bibliotheque-sfpe-at.com\/index.php\/wp-json\/wp\/v2\/posts\/1075\/revisions\/4459"}],"wp:attachment":[{"href":"https:\/\/bibliotheque-sfpe-at.com\/index.php\/wp-json\/wp\/v2\/media?parent=1075"}],"wp:term":[{"taxonomy":"category","embeddable":true,"href":"https:\/\/bibliotheque-sfpe-at.com\/index.php\/wp-json\/wp\/v2\/categories?post=1075"},{"taxonomy":"post_tag","embeddable":true,"href":"https:\/\/bibliotheque-sfpe-at.com\/index.php\/wp-json\/wp\/v2\/tags?post=1075"}],"curies":[{"name":"wp","href":"https:\/\/api.w.org\/{rel}","templated":true}]}}