{"id":1091,"date":"2024-05-15T17:15:55","date_gmt":"2024-05-15T15:15:55","guid":{"rendered":"https:\/\/sfpe-at.com\/?p=1091"},"modified":"2025-03-21T17:21:46","modified_gmt":"2025-03-21T16:21:46","slug":"les-etats-de-conscience-limites-entre-ombre-et-lumiere","status":"publish","type":"post","link":"https:\/\/bibliotheque-sfpe-at.com\/index.php\/2024\/05\/15\/les-etats-de-conscience-limites-entre-ombre-et-lumiere\/","title":{"rendered":"Les \u00e9tats de conscience limites. Entre ombre et lumi\u00e8re"},"content":{"rendered":"\n<div class=\"wp-block-columns is-layout-flex wp-container-core-columns-is-layout-28f84493 wp-block-columns-is-layout-flex\">\n<div class=\"wp-block-column is-layout-flow wp-block-column-is-layout-flow\" style=\"flex-basis:66.66%\"><\/div>\n\n\n\n<div class=\"wp-block-column is-layout-flow wp-block-column-is-layout-flow\" style=\"flex-basis:33.33%\"><\/div>\n<\/div>\n\n\n\n<div class=\"wp-block-columns is-layout-flex wp-container-core-columns-is-layout-28f84493 wp-block-columns-is-layout-flex\">\n<div class=\"wp-block-column is-layout-flow wp-block-column-is-layout-flow\" style=\"flex-basis:66.66%\">\n<p>Le pont de douceur dont parle le po\u00e8te aurait-il quelque r\u00e9alit\u00e9 ? Oui, si l\u2019on en croit les nombreux t\u00e9moignages de personnes ayant v\u00e9cu une EMI (exp\u00e9rience de mort imminente). Alors que les signaux habituels de la pr\u00e9sence s\u2019\u00e9teignent (le sujet dans l\u2019ombre), se r\u00e9v\u00e8le une pr\u00e9sence autre, celle d\u2019un sujet de l\u2019ombre ? \u00c9tat paradoxal o\u00f9 une conscience cr\u00e9pusculaire semble s\u2019accompagner d\u2019un v\u00e9cu particuli\u00e8rement \u00ab lumineux \u00bb. Du point de vue m\u00e9dical, le sujet inconscient est un sujet \u00ab sans ombre \u00bb, expos\u00e9 (\u00e0 plat) en pleine lumi\u00e8re. Or, l\u2019intimit\u00e9 implique l\u2019ombre. Bien plus, elle est preuve d\u2019existence : il n\u2019est d\u2019ombre port\u00e9e au sol que d\u2019un sujet debout. Un sujet sans ombre est-il encore un sujet ? De m\u00eame que le sujet de l\u2019inconscient n\u2019est pas le sujet inconscient (Lacan), le sujet de l\u2019ombre n\u2019est pas le sujet sans ombre, objet de r\u00e9animation. L\u2019absence objective (sous la lumi\u00e8re) du sujet de l\u2019ombre ne signifie donc pas l\u2019absence de sujet. Nous pr\u00e9ciserons d\u2019abord la nature des \u00e9tats dont il est question (coma, EVP, ECM, mort c\u00e9r\u00e9brale) et la qualit\u00e9 des exp\u00e9riences susceptibles d\u2019y \u00eatre v\u00e9cues (notamment les OBE). Nous envisagerons ensuite quelques donn\u00e9es r\u00e9centes sur les rapports entre mort c\u00e9r\u00e9brale et EMI. Nous aborderons la question essentielle du maintien d\u2019une pr\u00e9sence dans l\u2019absence de comportement manifeste, \u00e0 partir de quelques exemples, et la difficile question de la d\u00e9finition l\u00e9gale de la mort. Nous envisagerons, enfin, bri\u00e8vement, comment, en psychoth\u00e9rapie, l\u2019ombre de la mort peut \u00e9clairer la vie. Le surgissement de la nouveaut\u00e9 (de la cr\u00e9ativit\u00e9) ne suppose-t-il pas toujours une part d\u2019ombre ? La lumi\u00e8re (de la vie) ne surgit-elle pas n\u00e9cessairement de l\u2019ombre (de la mort) ? Rien de nouveau sous le soleil (Q\u00f4h\u00e8let, 1, 9) La puissance du Tr\u00e8s-Haut te prendre sous son ombre (Lc., I, 35).<\/p>\n\n\n\n<div style=\"height:100px\" aria-hidden=\"true\" class=\"wp-block-spacer\"><\/div>\n\n\n\n<p class=\"has-text-color has-link-color wp-elements-0c5dd61414d2cb4c88e3596780dedeb0\" style=\"color:#2753a5\"><strong><em>Pour lire le texte complet <a href=\"\/index.php\/options-dinscription\/\"><mark style=\"background-color:rgba(0, 0, 0, 0)\" class=\"has-inline-color has-vivid-cyan-blue-color\">s&rsquo;inscrire<\/mark><\/a> ou <a href=\"\/index.php\/my-account\/edit-account\/\"><mark style=\"background-color:rgba(0, 0, 0, 0)\" class=\"has-inline-color has-vivid-cyan-blue-color\">se connecter<\/mark><\/a><\/em><\/strong><\/p>\n\n\n\n\n\n<div class=\"wp-block-buttons is-content-justification-center is-layout-flex wp-container-core-buttons-is-layout-a89b3969 wp-block-buttons-is-layout-flex\">\n<div class=\"wp-block-button has-custom-font-size has-small-font-size\"><a class=\"wp-block-button__link has-vivid-red-background-color has-background wp-element-button\" href=\"\/index.php\/2024\/05\/15\/ombre-et-lumiere\/\">&lt;&#8211; retour<\/a><\/div>\n<\/div>\n<\/div>\n\n\n\n<div class=\"wp-block-column is-layout-flow wp-block-column-is-layout-flow\" style=\"flex-basis:33.33%\">\n<figure class=\"wp-block-table\"><table class=\"has-background\" style=\"background-color:#f8f2f2\"><thead><tr><th><mark class=\"has-inline-color has-vivid-red-color\" style=\"background-color: rgba(0, 0, 0, 0);\"><strong>Auteur<\/strong><\/mark><\/th><\/tr><\/thead><tbody><tr><td><p><strong>Jean-Fran\u00e7ois Lambert<\/strong><span style=\"font-size: revert; font-family: inherit; font-weight: inherit; color: initial;\">&nbsp;<\/span><\/p><\/td><\/tr><\/tbody><\/table><\/figure>\n\n\n\n<figure class=\"wp-block-table\"><table><thead><tr><th><mark class=\"has-inline-color has-vivid-red-color\" style=\"background-color: rgba(0, 0, 0, 0);\"><strong>R\u00e9f\u00e9rence<\/strong><\/mark><\/th><\/tr><\/thead><tbody><tr><td><strong>RA006-02<\/strong><br><strong>Ombre et Lumi\u00e8re<\/strong><br>Journ\u00e9es d\u2019Automne 2014<\/td><\/tr><\/tbody><\/table><\/figure>\n\n\n\n<figure class=\"wp-block-table\"><table><thead><tr><th><mark class=\"has-inline-color has-vivid-red-color\" style=\"background-color: rgba(0, 0, 0, 0);\"><strong>Cat\u00e9gories<\/strong><\/mark><\/th><\/tr><\/thead><tbody><tr><td>Neurologie<br>Neurosciences<\/td><\/tr><\/tbody><\/table><\/figure>\n<\/div>\n<\/div>\n","protected":false},"excerpt":{"rendered":"<p>Le pont de douceur dont parle le po\u00e8te aurait-il quelque r\u00e9alit\u00e9 ? Oui, si l\u2019on en croit les nombreux t\u00e9moignages de personnes ayant v\u00e9cu une EMI (exp\u00e9rience de mort imminente). Alors que les signaux habituels de la pr\u00e9sence s\u2019\u00e9teignent (le sujet dans l\u2019ombre), se r\u00e9v\u00e8le une pr\u00e9sence autre, celle d\u2019un&hellip;<\/p>\n","protected":false},"author":2,"featured_media":0,"comment_status":"closed","ping_status":"open","sticky":false,"template":"","format":"standard","meta":{"pmpro_default_level":"","ngg_post_thumbnail":0,"footnotes":""},"categories":[40],"tags":[592,515,53,105],"class_list":["post-1091","post","type-post","status-publish","format-standard","hentry","category-lambert-jean-francois","tag-neurologie","tag-neurosciences","tag-ombre-et-lumiere","tag-ra006-02","pmpro-has-access"],"_links":{"self":[{"href":"https:\/\/bibliotheque-sfpe-at.com\/index.php\/wp-json\/wp\/v2\/posts\/1091","targetHints":{"allow":["GET"]}}],"collection":[{"href":"https:\/\/bibliotheque-sfpe-at.com\/index.php\/wp-json\/wp\/v2\/posts"}],"about":[{"href":"https:\/\/bibliotheque-sfpe-at.com\/index.php\/wp-json\/wp\/v2\/types\/post"}],"author":[{"embeddable":true,"href":"https:\/\/bibliotheque-sfpe-at.com\/index.php\/wp-json\/wp\/v2\/users\/2"}],"replies":[{"embeddable":true,"href":"https:\/\/bibliotheque-sfpe-at.com\/index.php\/wp-json\/wp\/v2\/comments?post=1091"}],"version-history":[{"count":3,"href":"https:\/\/bibliotheque-sfpe-at.com\/index.php\/wp-json\/wp\/v2\/posts\/1091\/revisions"}],"predecessor-version":[{"id":4439,"href":"https:\/\/bibliotheque-sfpe-at.com\/index.php\/wp-json\/wp\/v2\/posts\/1091\/revisions\/4439"}],"wp:attachment":[{"href":"https:\/\/bibliotheque-sfpe-at.com\/index.php\/wp-json\/wp\/v2\/media?parent=1091"}],"wp:term":[{"taxonomy":"category","embeddable":true,"href":"https:\/\/bibliotheque-sfpe-at.com\/index.php\/wp-json\/wp\/v2\/categories?post=1091"},{"taxonomy":"post_tag","embeddable":true,"href":"https:\/\/bibliotheque-sfpe-at.com\/index.php\/wp-json\/wp\/v2\/tags?post=1091"}],"curies":[{"name":"wp","href":"https:\/\/api.w.org\/{rel}","templated":true}]}}