{"id":1096,"date":"2024-05-20T16:38:03","date_gmt":"2024-05-20T14:38:03","guid":{"rendered":"https:\/\/sfpe-at.com\/?p=1096"},"modified":"2025-03-24T10:50:40","modified_gmt":"2025-03-24T09:50:40","slug":"lautogreffe-au-risque-de-lalterite-et-de-letranger","status":"publish","type":"post","link":"https:\/\/bibliotheque-sfpe-at.com\/index.php\/2024\/05\/20\/lautogreffe-au-risque-de-lalterite-et-de-letranger\/","title":{"rendered":"L\u2019Autogreffe : au risque de l\u2019alt\u00e9rit\u00e9 et de l\u2019\u00e9tranger ? \u00a0"},"content":{"rendered":"\n<div class=\"wp-block-columns is-layout-flex wp-container-core-columns-is-layout-28f84493 wp-block-columns-is-layout-flex\">\n<div class=\"wp-block-column is-layout-flow wp-block-column-is-layout-flow\" style=\"flex-basis:66.66%\">\n<p>On pourrait penser que, dans l\u2019autogreffe d\u2019une part de corps propre \u2014 telle la replantation d\u2019un membre sectionn\u00e9 \u2014 ne se pose pas la question de l\u2019alt\u00e9rit\u00e9 et de la pr\u00e9sence de \u00ab l\u2019\u00e9tranger en soi \u00bb, d\u2019un \u00ab corps \u00e9tranger \u00bb, d\u2019un \u00ab non-moi \u00bb. Ce qui peut s\u2019exprimer chez tel ou telle qui a un organe transplant\u00e9 (allogreffe), par la pens\u00e9e ou la sensation, de \u00ab vivre avec un autre \u00bb, de \u00ab vivre \u00e0 deux dans un seul corps \u00bb, d\u2019une \u00ab pr\u00e9sence d\u2019un autre en soi \u00bb. Pourtant, ce dont t\u00e9moigne une jeune femme dans les suites d\u2019une autogreffe de son bras, c\u2019est semble-t-il d\u2019une m\u00eame confrontation \u00e0 l\u2019alt\u00e9rit\u00e9 et \u00e0 la pr\u00e9sence \u00e9trang\u00e8re d\u2019un \u00ab autre que soi \u00bb. Ce qui peut troubler et mettre \u00e0 l\u2019\u00e9preuve certains transplant\u00e9s car ils re\u00e7oivent une partie du corps d\u2019un autre, une greffe\u00ab \u00e9trang\u00e8re \u00e0 soi \u00bb. Comment peut s\u2019expliquer cette confrontation au d\u00e9cours d\u2019une autogreffe ? Et que peut-elle nous enseigner ?<\/p>\n\n\n\n<p class=\"has-text-color has-link-color wp-elements-0c5dd61414d2cb4c88e3596780dedeb0\" style=\"color:#2753a5\"><strong><em>Pour lire le texte complet <a href=\"\/index.php\/options-dinscription\/\"><mark style=\"background-color:rgba(0, 0, 0, 0)\" class=\"has-inline-color has-vivid-cyan-blue-color\">s&rsquo;inscrire<\/mark><\/a> ou <a href=\"\/index.php\/my-account\/edit-account\/\"><mark style=\"background-color:rgba(0, 0, 0, 0)\" class=\"has-inline-color has-vivid-cyan-blue-color\">se connecter<\/mark><\/a><\/em><\/strong><\/p>\n\n\n\n\n\n<div style=\"height:100px\" aria-hidden=\"true\" class=\"wp-block-spacer\"><\/div>\n\n\n\n<div class=\"wp-block-buttons is-content-justification-center is-layout-flex wp-container-core-buttons-is-layout-a89b3969 wp-block-buttons-is-layout-flex\">\n<div class=\"wp-block-button has-custom-font-size has-small-font-size\"><a class=\"wp-block-button__link has-vivid-red-background-color has-background wp-element-button\" href=\"\/index.php\/2024\/05\/20\/letranger\/\">&lt;&#8211; retour<\/a><\/div>\n<\/div>\n<\/div>\n\n\n\n<div class=\"wp-block-column is-layout-flow wp-block-column-is-layout-flow\" style=\"flex-basis:33.33%\">\n<figure class=\"wp-block-table\"><table class=\"has-background\" style=\"background-color:#f8f2f2\"><thead><tr><th><mark class=\"has-inline-color has-vivid-red-color\" style=\"background-color: rgba(0, 0, 0, 0);\"><strong>Auteur<\/strong><\/mark><\/th><\/tr><\/thead><tbody><tr><td><strong>Catherine Desprats-P\u00e9quignot<\/strong><\/td><\/tr><\/tbody><\/table><\/figure>\n\n\n\n<figure class=\"wp-block-table\"><table><thead><tr><th><mark class=\"has-inline-color has-vivid-red-color\" style=\"background-color: rgba(0, 0, 0, 0);\"><strong>R\u00e9f\u00e9rence<\/strong><\/mark><\/th><\/tr><\/thead><tbody><tr><td><strong>RA009-01<\/strong><br><strong>L&rsquo;\u00c9tranger<\/strong><br>Journ\u00e9es d\u2019Automne 2016<\/td><\/tr><\/tbody><\/table><\/figure>\n\n\n\n<figure class=\"wp-block-table\"><table><thead><tr><th><mark class=\"has-inline-color has-vivid-red-color\" style=\"background-color: rgba(0, 0, 0, 0);\"><strong>Cat\u00e9gories<\/strong><\/mark><\/th><\/tr><\/thead><tbody><tr><td>Psychologie<br>Psychanalyse<\/td><\/tr><\/tbody><\/table><\/figure>\n<\/div>\n<\/div>\n","protected":false},"excerpt":{"rendered":"<p>On pourrait penser que, dans l\u2019autogreffe d\u2019une part de corps propre \u2014 telle la replantation d\u2019un membre sectionn\u00e9 \u2014 ne se pose pas la question de l\u2019alt\u00e9rit\u00e9 et de la pr\u00e9sence de \u00ab l\u2019\u00e9tranger en soi \u00bb, d\u2019un \u00ab corps \u00e9tranger \u00bb, d\u2019un \u00ab non-moi \u00bb. Ce qui peut s\u2019exprimer&hellip;<\/p>\n","protected":false},"author":2,"featured_media":0,"comment_status":"closed","ping_status":"open","sticky":false,"template":"","format":"standard","meta":{"pmpro_default_level":"","ngg_post_thumbnail":0,"footnotes":""},"categories":[106],"tags":[108,494,498,107],"class_list":["post-1096","post","type-post","status-publish","format-standard","hentry","category-desprats-pequignot-catherine","tag-letranger","tag-psychanalyse","tag-psychologie","tag-ra009-01","pmpro-has-access"],"_links":{"self":[{"href":"https:\/\/bibliotheque-sfpe-at.com\/index.php\/wp-json\/wp\/v2\/posts\/1096","targetHints":{"allow":["GET"]}}],"collection":[{"href":"https:\/\/bibliotheque-sfpe-at.com\/index.php\/wp-json\/wp\/v2\/posts"}],"about":[{"href":"https:\/\/bibliotheque-sfpe-at.com\/index.php\/wp-json\/wp\/v2\/types\/post"}],"author":[{"embeddable":true,"href":"https:\/\/bibliotheque-sfpe-at.com\/index.php\/wp-json\/wp\/v2\/users\/2"}],"replies":[{"embeddable":true,"href":"https:\/\/bibliotheque-sfpe-at.com\/index.php\/wp-json\/wp\/v2\/comments?post=1096"}],"version-history":[{"count":5,"href":"https:\/\/bibliotheque-sfpe-at.com\/index.php\/wp-json\/wp\/v2\/posts\/1096\/revisions"}],"predecessor-version":[{"id":4532,"href":"https:\/\/bibliotheque-sfpe-at.com\/index.php\/wp-json\/wp\/v2\/posts\/1096\/revisions\/4532"}],"wp:attachment":[{"href":"https:\/\/bibliotheque-sfpe-at.com\/index.php\/wp-json\/wp\/v2\/media?parent=1096"}],"wp:term":[{"taxonomy":"category","embeddable":true,"href":"https:\/\/bibliotheque-sfpe-at.com\/index.php\/wp-json\/wp\/v2\/categories?post=1096"},{"taxonomy":"post_tag","embeddable":true,"href":"https:\/\/bibliotheque-sfpe-at.com\/index.php\/wp-json\/wp\/v2\/tags?post=1096"}],"curies":[{"name":"wp","href":"https:\/\/api.w.org\/{rel}","templated":true}]}}