{"id":1105,"date":"2024-05-20T16:52:46","date_gmt":"2024-05-20T14:52:46","guid":{"rendered":"https:\/\/sfpe-at.com\/?p=1105"},"modified":"2025-03-24T10:52:37","modified_gmt":"2025-03-24T09:52:37","slug":"letranger-a-loeuvre-dans-le-trauma-capture-et-suspension-du-temps","status":"publish","type":"post","link":"https:\/\/bibliotheque-sfpe-at.com\/index.php\/2024\/05\/20\/letranger-a-loeuvre-dans-le-trauma-capture-et-suspension-du-temps\/","title":{"rendered":"L\u2019\u00e9tranger \u00e0 l\u2019\u0153uvre dans le trauma : capture et suspension du temps"},"content":{"rendered":"\n<div class=\"wp-block-columns is-layout-flex wp-container-core-columns-is-layout-28f84493 wp-block-columns-is-layout-flex\">\n<div class=\"wp-block-column is-layout-flow wp-block-column-is-layout-flow\" style=\"flex-basis:66.66%\">\n<p>Depuis les propositions de Ferenczi (1932-1933) concernant la clinique du trauma psychique, les th\u00e9orisations se sont multipli\u00e9es \u2014 certes en raison des contextes socio et g\u00e9o-politiques, mais plus fondamentalement, nous semble-t-il, en raison des difficult\u00e9s \u00e0 poursuivre les travaux cliniques de Ferenczi. \u00c0 la suite des travaux de Freud, les concepts d\u2019introjection et d\u2019identification \u00e0 l\u2019agresseur que Ferenczi avait identifi\u00e9s dans son article Confusion de langue entre enfants et adulte (1932) ont permis aux cliniciens de comprendre comment des \u00e9v\u00e9nements externes, violents, agressifs, faisaient effraction dans le psychisme du sujet, permettaient, par l\u2019effroi qu\u2019ils suscitent, de loger, dans l\u2019int\u00e9riorit\u00e9 psychique du sujet agress\u00e9, une partie du psychisme de l\u2019agresseur, et installait, comme cons\u00e9quence pathologique \u00e0 plus ou moins long terme, un clivage du Moi. Or les travaux actuels sur le traumatisme ont montr\u00e9 la pr\u00e9\u00e9minence, dans l\u2019\u00e9v\u00e9nement traumatisant, de la \u00ab confrontation du sujet avec la mort \u00bb (Barrois, 1998 ; Crocq 1999 ; Josse, 2007). Selon les classifications internationales, c\u2019est l\u2019\u00e9tiologie commune de l\u2019ESPT, quelle que soit la situation sociale ayant d\u00e9clench\u00e9 l\u2019\u00e9v\u00e9nement traumatique : \u00ab Il aurait suffit que&#8230; \u00bb, disent les patients. Le traumatisme est donc un \u00e9v\u00e9nement externe qui aurait pu ne pas avoir lieu. Ce que nous disent aussi les r\u00e9cits de patients, c\u2019est la recherche d\u2019un sens \u00e0 l\u2019\u00e9v\u00e9nement : \u00ab Pourquoi moi ? \u00bb. Ce questionnement incessant, paradoxal, faisant effraction \u00e0 l\u2019int\u00e9grit\u00e9 de soi et \u00e0 la continuit\u00e9 de soi dans le temps, nous proposons de le penser comme un questionnement de l\u2019ordre de l\u2019\u00e9tranget\u00e9 \u2014 qu\u2019on peut retrouver cliniquement dans les ruminations, les r\u00e9it\u00e9rations ou les cauchemars. Nous soutiendrons que le trauma se loge \u00e0 cet endroit-l\u00e0 \u2014 une question relevant de l\u2019\u00e9tranget\u00e9 \u00e0 soi-m\u00eame, en montrant, cliniquement, comment une jeune femme \u2014 artiste-peintre \u2014, a su trouver un nouveau sens \u00e0 sa vie. En d\u00e9pit de la r\u00e9silience dont elle avait fait montre pendant de nombreuses ann\u00e9es \u2014 en mettant au travail sa capacit\u00e9 \u00e0 peindre intens\u00e9ment \u2014 la persistance des sympt\u00f4mes traumatiques (\u00e9moussement de la r\u00e9activit\u00e9 g\u00e9n\u00e9rale et troubles somatiques) a justifi\u00e9 et soutenu sa demande de psychoth\u00e9rapie.<\/p>\n\n\n\n<p class=\"has-text-color has-link-color wp-elements-0c5dd61414d2cb4c88e3596780dedeb0\" style=\"color:#2753a5\"><strong><em>Pour lire le texte complet <a href=\"\/index.php\/options-dinscription\/\"><mark style=\"background-color:rgba(0, 0, 0, 0)\" class=\"has-inline-color has-vivid-cyan-blue-color\">s&rsquo;inscrire<\/mark><\/a> ou <a href=\"\/index.php\/my-account\/edit-account\/\"><mark style=\"background-color:rgba(0, 0, 0, 0)\" class=\"has-inline-color has-vivid-cyan-blue-color\">se connecter<\/mark><\/a><\/em><\/strong><\/p>\n\n\n\n\n\n<div style=\"height:100px\" aria-hidden=\"true\" class=\"wp-block-spacer\"><\/div>\n\n\n\n<div class=\"wp-block-buttons is-content-justification-center is-layout-flex wp-container-core-buttons-is-layout-a89b3969 wp-block-buttons-is-layout-flex\">\n<div class=\"wp-block-button has-custom-font-size has-small-font-size\"><a class=\"wp-block-button__link has-vivid-red-background-color has-background wp-element-button\" href=\"\/index.php\/2024\/05\/20\/letranger\/\">&lt;&#8211; retour<\/a><\/div>\n<\/div>\n<\/div>\n\n\n\n<div class=\"wp-block-column is-layout-flow wp-block-column-is-layout-flow\" style=\"flex-basis:33.33%\">\n<figure class=\"wp-block-table\"><table class=\"has-background\" style=\"background-color:#f8f2f2\"><thead><tr><th><mark class=\"has-inline-color has-vivid-red-color\" style=\"background-color: rgba(0, 0, 0, 0);\"><strong>Auteur<\/strong><\/mark><\/th><\/tr><\/thead><tbody><tr><td><strong>Catherine Marion-Lissajoux<\/strong><\/td><\/tr><\/tbody><\/table><\/figure>\n\n\n\n<figure class=\"wp-block-table\"><table><thead><tr><th><mark class=\"has-inline-color has-vivid-red-color\" style=\"background-color: rgba(0, 0, 0, 0);\"><strong>R\u00e9f\u00e9rence<\/strong><\/mark><\/th><\/tr><\/thead><tbody><tr><td><strong>RA009-04<\/strong><br><strong>L&rsquo;\u00c9tranger<\/strong><br>Journ\u00e9es d\u2019Automne 2016<\/td><\/tr><\/tbody><\/table><\/figure>\n\n\n\n<figure class=\"wp-block-table\"><table><thead><tr><th><mark class=\"has-inline-color has-vivid-red-color\" style=\"background-color: rgba(0, 0, 0, 0);\"><strong>Cat\u00e9gories<\/strong><\/mark><\/th><\/tr><\/thead><tbody><tr><td>Art<br>Etude de cas<br>Peinture<br>Psychanalyse<br>Psychopathologie<\/td><\/tr><\/tbody><\/table><\/figure>\n<\/div>\n<\/div>\n","protected":false},"excerpt":{"rendered":"<p>Depuis les propositions de Ferenczi (1932-1933) concernant la clinique du trauma psychique, les th\u00e9orisations se sont multipli\u00e9es \u2014 certes en raison des contextes socio et g\u00e9o-politiques, mais plus fondamentalement, nous semble-t-il, en raison des difficult\u00e9s \u00e0 poursuivre les travaux cliniques de Ferenczi. \u00c0 la suite des travaux de Freud, les&hellip;<\/p>\n","protected":false},"author":2,"featured_media":0,"comment_status":"closed","ping_status":"open","sticky":false,"template":"","format":"standard","meta":{"pmpro_default_level":"","ngg_post_thumbnail":0,"footnotes":""},"categories":[112],"tags":[483,493,108,494,601,111],"class_list":["post-1105","post","type-post","status-publish","format-standard","hentry","category-marion-lissajoux-catherine","tag-art","tag-cas-clinique","tag-letranger","tag-psychanalyse","tag-psychopathologie","tag-ra009-04","pmpro-has-access"],"_links":{"self":[{"href":"https:\/\/bibliotheque-sfpe-at.com\/index.php\/wp-json\/wp\/v2\/posts\/1105","targetHints":{"allow":["GET"]}}],"collection":[{"href":"https:\/\/bibliotheque-sfpe-at.com\/index.php\/wp-json\/wp\/v2\/posts"}],"about":[{"href":"https:\/\/bibliotheque-sfpe-at.com\/index.php\/wp-json\/wp\/v2\/types\/post"}],"author":[{"embeddable":true,"href":"https:\/\/bibliotheque-sfpe-at.com\/index.php\/wp-json\/wp\/v2\/users\/2"}],"replies":[{"embeddable":true,"href":"https:\/\/bibliotheque-sfpe-at.com\/index.php\/wp-json\/wp\/v2\/comments?post=1105"}],"version-history":[{"count":3,"href":"https:\/\/bibliotheque-sfpe-at.com\/index.php\/wp-json\/wp\/v2\/posts\/1105\/revisions"}],"predecessor-version":[{"id":4535,"href":"https:\/\/bibliotheque-sfpe-at.com\/index.php\/wp-json\/wp\/v2\/posts\/1105\/revisions\/4535"}],"wp:attachment":[{"href":"https:\/\/bibliotheque-sfpe-at.com\/index.php\/wp-json\/wp\/v2\/media?parent=1105"}],"wp:term":[{"taxonomy":"category","embeddable":true,"href":"https:\/\/bibliotheque-sfpe-at.com\/index.php\/wp-json\/wp\/v2\/categories?post=1105"},{"taxonomy":"post_tag","embeddable":true,"href":"https:\/\/bibliotheque-sfpe-at.com\/index.php\/wp-json\/wp\/v2\/tags?post=1105"}],"curies":[{"name":"wp","href":"https:\/\/api.w.org\/{rel}","templated":true}]}}