{"id":1109,"date":"2024-05-20T16:58:49","date_gmt":"2024-05-20T14:58:49","guid":{"rendered":"https:\/\/sfpe-at.com\/?p=1109"},"modified":"2025-03-24T10:54:02","modified_gmt":"2025-03-24T09:54:02","slug":"la-note-etrangere-et-autres-etrangetes-musicales","status":"publish","type":"post","link":"https:\/\/bibliotheque-sfpe-at.com\/index.php\/2024\/05\/20\/la-note-etrangere-et-autres-etrangetes-musicales\/","title":{"rendered":"La note \u00e9trang\u00e8re et autres \u00e9tranget\u00e9s musicales"},"content":{"rendered":"\n<div class=\"wp-block-columns is-layout-flex wp-container-core-columns-is-layout-28f84493 wp-block-columns-is-layout-flex\">\n<div class=\"wp-block-column is-layout-flow wp-block-column-is-layout-flow\" style=\"flex-basis:66.66%\">\n<p>D\u2019\u00e9vidence, l\u2019\u00e9tranger a toujours \u00e9t\u00e9 bienvenu dans la musique, depuis les alla turca jusqu\u2019aux exotismes des musiques du monde. Mais notre r\u00e9flexion se concentrera sur la \u00ab note \u00e9trang\u00e8re \u00bb (\u00e0 l\u2019harmonie). Elle n\u2019est pas petite note, t\u00e9nue comme le ferait croire sa typographie sur la partition, mais l\u2019\u00e9l\u00e9ment qui va r\u00e9volutionner une conception b\u00e9ate de l\u2019harmonie, en introduisant la dissonance, qui devra \u00eatre r\u00e9solue en consonance ; le jeu tension-d\u00e9tente est lanc\u00e9, fondement de l\u2019harmonie, de sa philosophie sous jacente, et aussi d\u2019une \u00e9nerg\u00e9tique musicale. Celle-l\u00e0 n\u2019est pas induite directement par la pulsion, mais par l\u2019\u00e9tranget\u00e9\/familiarit\u00e9, c\u2019est-\u00e0-dire la complexit\u00e9 ? L\u2019h\u00e9t\u00e9rog\u00e9n\u00e9it\u00e9 ? Si on ne retrouve pas l\u00e0 notre m\u00e9tapsychologie classique, peut-\u00eatre est-ce parce que nous ne savons pas reconna\u00eetre ni th\u00e9oriser la note \u00e9trang\u00e8re dans le discours du patient. Des notions apparemment abstraites deviendront \u00e9videntes \u00e0 l\u2019entendement d\u2019illustrations au clavier, et retrouveront leur charge \u00e9motionnelle lors de l\u2019\u00e9coute d\u2019enregistrements d\u2019oeuvres.<\/p>\n\n\n\n<p class=\"has-text-color has-link-color wp-elements-0c5dd61414d2cb4c88e3596780dedeb0\" style=\"color:#2753a5\"><strong><em>Pour lire le texte complet <a href=\"\/index.php\/options-dinscription\/\"><mark style=\"background-color:rgba(0, 0, 0, 0)\" class=\"has-inline-color has-vivid-cyan-blue-color\">s&rsquo;inscrire<\/mark><\/a> ou <a href=\"\/index.php\/my-account\/edit-account\/\"><mark style=\"background-color:rgba(0, 0, 0, 0)\" class=\"has-inline-color has-vivid-cyan-blue-color\">se connecter<\/mark><\/a><\/em><\/strong><\/p>\n\n\n\n\n\n<div style=\"height:100px\" aria-hidden=\"true\" class=\"wp-block-spacer\"><\/div>\n\n\n\n<div class=\"wp-block-buttons is-content-justification-center is-layout-flex wp-container-core-buttons-is-layout-a89b3969 wp-block-buttons-is-layout-flex\">\n<div class=\"wp-block-button has-custom-font-size has-small-font-size\"><a class=\"wp-block-button__link has-vivid-red-background-color has-background wp-element-button\" href=\"\/index.php\/2024\/05\/20\/letranger\/\">&lt;&#8211; retour<\/a><\/div>\n<\/div>\n<\/div>\n\n\n\n<div class=\"wp-block-column is-layout-flow wp-block-column-is-layout-flow\" style=\"flex-basis:33.33%\">\n<figure class=\"wp-block-table\"><table class=\"has-background\" style=\"background-color:#f8f2f2\"><thead><tr><th><mark class=\"has-inline-color has-vivid-red-color\" style=\"background-color: rgba(0, 0, 0, 0);\"><strong>Auteur<\/strong><\/mark><\/th><\/tr><\/thead><tbody><tr><td><strong>Andr\u00e9 Brouselle<\/strong><\/td><\/tr><\/tbody><\/table><\/figure>\n\n\n\n<figure class=\"wp-block-table\"><table><thead><tr><th><mark class=\"has-inline-color has-vivid-red-color\" style=\"background-color: rgba(0, 0, 0, 0);\"><strong>R\u00e9f\u00e9rence<\/strong><\/mark><\/th><\/tr><\/thead><tbody><tr><td><strong>RA009-06<\/strong><br><strong>L&rsquo;\u00c9tranger<\/strong><br>Journ\u00e9es d\u2019Automne 2016<\/td><\/tr><\/tbody><\/table><\/figure>\n\n\n\n<figure class=\"wp-block-table\"><table><thead><tr><th><mark class=\"has-inline-color has-vivid-red-color\" style=\"background-color: rgba(0, 0, 0, 0);\"><strong>Cat\u00e9gories<\/strong><\/mark><\/th><\/tr><\/thead><tbody><tr><td>Musique<br>Psychanalyse<br>Psychiatrie<\/td><\/tr><\/tbody><\/table><\/figure>\n<\/div>\n<\/div>\n","protected":false},"excerpt":{"rendered":"<p>D\u2019\u00e9vidence, l\u2019\u00e9tranger a toujours \u00e9t\u00e9 bienvenu dans la musique, depuis les alla turca jusqu\u2019aux exotismes des musiques du monde. Mais notre r\u00e9flexion se concentrera sur la \u00ab note \u00e9trang\u00e8re \u00bb (\u00e0 l\u2019harmonie). Elle n\u2019est pas petite note, t\u00e9nue comme le ferait croire sa typographie sur la partition, mais l\u2019\u00e9l\u00e9ment qui&hellip;<\/p>\n","protected":false},"author":2,"featured_media":0,"comment_status":"closed","ping_status":"open","sticky":false,"template":"","format":"standard","meta":{"pmpro_default_level":"","ngg_post_thumbnail":0,"footnotes":""},"categories":[115],"tags":[108,538,494,574,114],"class_list":["post-1109","post","type-post","status-publish","format-standard","hentry","category-bruselle-andre","tag-letranger","tag-musique","tag-psychanalyse","tag-psychiatrie","tag-ra009-06","pmpro-has-access"],"_links":{"self":[{"href":"https:\/\/bibliotheque-sfpe-at.com\/index.php\/wp-json\/wp\/v2\/posts\/1109","targetHints":{"allow":["GET"]}}],"collection":[{"href":"https:\/\/bibliotheque-sfpe-at.com\/index.php\/wp-json\/wp\/v2\/posts"}],"about":[{"href":"https:\/\/bibliotheque-sfpe-at.com\/index.php\/wp-json\/wp\/v2\/types\/post"}],"author":[{"embeddable":true,"href":"https:\/\/bibliotheque-sfpe-at.com\/index.php\/wp-json\/wp\/v2\/users\/2"}],"replies":[{"embeddable":true,"href":"https:\/\/bibliotheque-sfpe-at.com\/index.php\/wp-json\/wp\/v2\/comments?post=1109"}],"version-history":[{"count":3,"href":"https:\/\/bibliotheque-sfpe-at.com\/index.php\/wp-json\/wp\/v2\/posts\/1109\/revisions"}],"predecessor-version":[{"id":4537,"href":"https:\/\/bibliotheque-sfpe-at.com\/index.php\/wp-json\/wp\/v2\/posts\/1109\/revisions\/4537"}],"wp:attachment":[{"href":"https:\/\/bibliotheque-sfpe-at.com\/index.php\/wp-json\/wp\/v2\/media?parent=1109"}],"wp:term":[{"taxonomy":"category","embeddable":true,"href":"https:\/\/bibliotheque-sfpe-at.com\/index.php\/wp-json\/wp\/v2\/categories?post=1109"},{"taxonomy":"post_tag","embeddable":true,"href":"https:\/\/bibliotheque-sfpe-at.com\/index.php\/wp-json\/wp\/v2\/tags?post=1109"}],"curies":[{"name":"wp","href":"https:\/\/api.w.org\/{rel}","templated":true}]}}