{"id":1115,"date":"2024-05-20T17:08:05","date_gmt":"2024-05-20T15:08:05","guid":{"rendered":"https:\/\/sfpe-at.com\/?p=1115"},"modified":"2025-03-24T10:56:20","modified_gmt":"2025-03-24T09:56:20","slug":"lucian-freud-ou-letrangete-du-corps","status":"publish","type":"post","link":"https:\/\/bibliotheque-sfpe-at.com\/index.php\/2024\/05\/20\/lucian-freud-ou-letrangete-du-corps\/","title":{"rendered":"Lucian Freud ou \u00ab l\u2019\u00e9tranget\u00e9 du corps \u00bb"},"content":{"rendered":"\n<div class=\"wp-block-columns is-layout-flex wp-container-core-columns-is-layout-28f84493 wp-block-columns-is-layout-flex\">\n<div class=\"wp-block-column is-layout-flow wp-block-column-is-layout-flow\" style=\"flex-basis:66.66%\">\n<p>L\u2019histoire familiale de Lucian Freud, petit-fils de Freud, a \u00e9t\u00e9 jalonn\u00e9e de moments difficiles laissant des traces inscrites au plus profond de sa m\u00e9moire. \u00c9migr\u00e9 volontaire avec sa famille, Lucian est un \u00e9tranger dans son pays d\u2019accueil o\u00f9 il sera naturalis\u00e9 cinq ans plus tard. Lucian porte le pr\u00e9nom de sa m\u00e8re, Lucie, au masculin. Dans ses tableaux Lucian Freud oscille entre la position f\u00e9minine et la position masculine sans se d\u00e9finir vraiment. Ses oeuvres sont d\u00e9rangeantes et ses mod\u00e8les, immerg\u00e9s dans leur solitude, apparaissent expos\u00e9s au regard de l\u2019autre. Dans la derni\u00e8re partie de sa vie, Lucian Freud peint des portraits qui nous interrogent par l\u2019attrait qu\u2019ils suscitent autant que par le malaise ressenti devant ce qui nous est donn\u00e9 \u00e0 voir. Trois oeuvres ont retenu notre attention dans leur \u00e9tranget\u00e9, Evening in the studio (1993), l\u2019Autoportrait, Painter Working, Reflection (1993) et Sunny Morning, Eight Legs (1997). Devant l\u2019effondrement des chairs, les poses abandonn\u00e9es dans le sommeil ou dans l\u2019absence, le regard se d\u00e9tourne de ces corps exhib\u00e9s sans pudeur et sans honte : \u00ab Je veux que la peinture fonctionne comme la chair. [\u2026] Je voudrais que mes portraits soient ceux des gens mais ne soient pas comme eux. Pas l\u2019apparence du mod\u00e8le mais le mod\u00e8le. [\u2026] Pour moi le Tableau est la personne. Je veux qu\u2019il fonctionne comme la chair1. \u00bb Pour Lucian Freud le corps est parlant autant que parl\u00e9. Nous commenterons \u00e0 partir de ces oeuvres l\u2019articulation du surgissement de l\u2019angoisse et du d\u00e9litement de l\u2019image dont la touche fragment\u00e9e tisse le corps m\u00eame de ces toiles dans leur \u00ab inqui\u00e9tante \u00e9tranget\u00e9 \u00bb.<\/p>\n\n\n\n<p class=\"has-text-color has-link-color wp-elements-0c5dd61414d2cb4c88e3596780dedeb0\" style=\"color:#2753a5\"><strong><em>Pour lire le texte complet <a href=\"\/index.php\/options-dinscription\/\"><mark style=\"background-color:rgba(0, 0, 0, 0)\" class=\"has-inline-color has-vivid-cyan-blue-color\">s&rsquo;inscrire<\/mark><\/a> ou <a href=\"\/index.php\/my-account\/edit-account\/\"><mark style=\"background-color:rgba(0, 0, 0, 0)\" class=\"has-inline-color has-vivid-cyan-blue-color\">se connecter<\/mark><\/a><\/em><\/strong><\/p>\n\n\n\n\n\n<div style=\"height:100px\" aria-hidden=\"true\" class=\"wp-block-spacer\"><\/div>\n\n\n\n<div class=\"wp-block-buttons is-content-justification-center is-layout-flex wp-container-core-buttons-is-layout-a89b3969 wp-block-buttons-is-layout-flex\">\n<div class=\"wp-block-button has-custom-font-size has-small-font-size\"><a class=\"wp-block-button__link has-vivid-red-background-color has-background wp-element-button\" href=\"\/index.php\/2024\/05\/20\/letranger\/\">&lt;&#8211; retour<\/a><\/div>\n<\/div>\n<\/div>\n\n\n\n<div class=\"wp-block-column is-layout-flow wp-block-column-is-layout-flow\" style=\"flex-basis:33.33%\">\n<figure class=\"wp-block-table\"><table class=\"has-background\" style=\"background-color:#f8f2f2\"><thead><tr><th><mark class=\"has-inline-color has-vivid-red-color\" style=\"background-color: rgba(0, 0, 0, 0);\"><strong>Auteur<\/strong><\/mark><\/th><\/tr><\/thead><tbody><tr><td><strong>Berlende Lamblin<\/strong><\/td><\/tr><\/tbody><\/table><\/figure>\n\n\n\n<figure class=\"wp-block-table\"><table><thead><tr><th><mark class=\"has-inline-color has-vivid-red-color\" style=\"background-color: rgba(0, 0, 0, 0);\"><strong>R\u00e9f\u00e9rence<\/strong><\/mark><\/th><\/tr><\/thead><tbody><tr><td><strong>RA009-09<\/strong><br><strong>L&rsquo;\u00c9tranger<\/strong><br>Journ\u00e9es d\u2019Automne 2016<\/td><\/tr><\/tbody><\/table><\/figure>\n\n\n\n<figure class=\"wp-block-table\"><table><thead><tr><th><mark class=\"has-inline-color has-vivid-red-color\" style=\"background-color: rgba(0, 0, 0, 0);\"><strong>Cat\u00e9gories<\/strong><\/mark><\/th><\/tr><\/thead><tbody><tr><td>Art<br>Peinture<br>Psychanalyse<\/td><\/tr><\/tbody><\/table><\/figure>\n<\/div>\n<\/div>\n","protected":false},"excerpt":{"rendered":"<p>L\u2019histoire familiale de Lucian Freud, petit-fils de Freud, a \u00e9t\u00e9 jalonn\u00e9e de moments difficiles laissant des traces inscrites au plus profond de sa m\u00e9moire. \u00c9migr\u00e9 volontaire avec sa famille, Lucian est un \u00e9tranger dans son pays d\u2019accueil o\u00f9 il sera naturalis\u00e9 cinq ans plus tard. Lucian porte le pr\u00e9nom de&hellip;<\/p>\n","protected":false},"author":2,"featured_media":0,"comment_status":"closed","ping_status":"open","sticky":false,"template":"","format":"standard","meta":{"pmpro_default_level":"","ngg_post_thumbnail":0,"footnotes":""},"categories":[85],"tags":[483,108,484,494,118],"class_list":["post-1115","post","type-post","status-publish","format-standard","hentry","category-lamblin-berlende","tag-art","tag-letranger","tag-peinture","tag-psychanalyse","tag-ra009-09","pmpro-has-access"],"_links":{"self":[{"href":"https:\/\/bibliotheque-sfpe-at.com\/index.php\/wp-json\/wp\/v2\/posts\/1115","targetHints":{"allow":["GET"]}}],"collection":[{"href":"https:\/\/bibliotheque-sfpe-at.com\/index.php\/wp-json\/wp\/v2\/posts"}],"about":[{"href":"https:\/\/bibliotheque-sfpe-at.com\/index.php\/wp-json\/wp\/v2\/types\/post"}],"author":[{"embeddable":true,"href":"https:\/\/bibliotheque-sfpe-at.com\/index.php\/wp-json\/wp\/v2\/users\/2"}],"replies":[{"embeddable":true,"href":"https:\/\/bibliotheque-sfpe-at.com\/index.php\/wp-json\/wp\/v2\/comments?post=1115"}],"version-history":[{"count":3,"href":"https:\/\/bibliotheque-sfpe-at.com\/index.php\/wp-json\/wp\/v2\/posts\/1115\/revisions"}],"predecessor-version":[{"id":4540,"href":"https:\/\/bibliotheque-sfpe-at.com\/index.php\/wp-json\/wp\/v2\/posts\/1115\/revisions\/4540"}],"wp:attachment":[{"href":"https:\/\/bibliotheque-sfpe-at.com\/index.php\/wp-json\/wp\/v2\/media?parent=1115"}],"wp:term":[{"taxonomy":"category","embeddable":true,"href":"https:\/\/bibliotheque-sfpe-at.com\/index.php\/wp-json\/wp\/v2\/categories?post=1115"},{"taxonomy":"post_tag","embeddable":true,"href":"https:\/\/bibliotheque-sfpe-at.com\/index.php\/wp-json\/wp\/v2\/tags?post=1115"}],"curies":[{"name":"wp","href":"https:\/\/api.w.org\/{rel}","templated":true}]}}