{"id":1123,"date":"2024-05-20T17:28:12","date_gmt":"2024-05-20T15:28:12","guid":{"rendered":"https:\/\/sfpe-at.com\/?p=1123"},"modified":"2025-03-24T10:59:08","modified_gmt":"2025-03-24T09:59:08","slug":"letranger-cet-alter-ego-souterrain-si-precieux-pour-notre-creativite","status":"publish","type":"post","link":"https:\/\/bibliotheque-sfpe-at.com\/index.php\/2024\/05\/20\/letranger-cet-alter-ego-souterrain-si-precieux-pour-notre-creativite\/","title":{"rendered":"L\u2019\u00e9tranger, cet alter ego souterrain si pr\u00e9cieux pour notre cr\u00e9ativit\u00e9"},"content":{"rendered":"\n<div class=\"wp-block-columns is-layout-flex wp-container-core-columns-is-layout-28f84493 wp-block-columns-is-layout-flex\">\n<div class=\"wp-block-column is-layout-flow wp-block-column-is-layout-flow\" style=\"flex-basis:66.66%\">\n<p>Pour le philosophe Emmanuel L\u00e9vinas, la responsabilit\u00e9 doit \u00eatre pens\u00e9e \u00e0 partir de la relation \u00e0 autrui qui est d\u2019embl\u00e9e \u00ab \u00e9thique \u00bb (morale) : \u00ab J\u2019entends la responsabilit\u00e9 comme responsabilit\u00e9 pour autrui, donc comme responsabilit\u00e9 pour ce qui n\u2019est pas mon fait, ou m\u00eame ne me regarde pas ; ou qui pr\u00e9cis\u00e9ment me regarde, est abord\u00e9 par moi comme visage [&#8230;] La relation \u00e9thique \u00e0 autrui cr\u00e9e une responsabilit\u00e9 qui va en quelque sorte au-del\u00e0 de nos propres actes pour autrui. C\u2019est une responsabilit\u00e9 politique (c\u2019est-\u00e0-dire directement li\u00e9e \u00e0 l\u2019organisation et \u00e0 l\u2019exercice du pouvoir dans notre soci\u00e9t\u00e9). La responsabilit\u00e9 nous invite donc \u00e0 accueillir non seulement autrui\u2026 mais le visage d\u2019autrui\u2026 l\u2019homme, la femme, l\u2019enfant, l\u2019\u00e9tranger qui est en face de nous. Pour le philosophe et universitaire David Smadja : \u00ab Le visage d\u2019autrui dans son extr\u00eame pauvret\u00e9, vuln\u00e9rabilit\u00e9, singularit\u00e9 et fragilit\u00e9, oblige \u00e0 lui r\u00e9pondre et finalement \u00e0 r\u00e9pondre de lui. \u00bb Cette phrase entre, bien \u00e9videmment, en r\u00e9sonance avec les drames migratoires r\u00e9cents, mais \u00e9galement avec le chemin \u00e0 tracer dans tout acte d\u2019accompagnement. La relation d\u2019aide nous invite constamment \u00e0 transgresser les fronti\u00e8res de l\u2019\u00e9vidence pour accueillir chaque processus d\u2019individuation comme un surgissement. Parfois sauvage, la part r\u00e9elle et incommunicable de chaque individu est souvent per\u00e7ue comme une \u00ab \u00e9tranget\u00e9 \u00bb qui peut nous d\u00e9stabiliser si nous ne l\u2019avons pas nous_m\u00eames apprivois\u00e9e.&nbsp;<\/p>\n\n\n\n<p class=\"has-text-color has-link-color wp-elements-0c5dd61414d2cb4c88e3596780dedeb0\" style=\"color:#2753a5\"><strong><em>Pour lire le texte complet <a href=\"\/index.php\/options-dinscription\/\"><mark style=\"background-color:rgba(0, 0, 0, 0)\" class=\"has-inline-color has-vivid-cyan-blue-color\">s&rsquo;inscrire<\/mark><\/a> ou <a href=\"\/index.php\/my-account\/edit-account\/\"><mark style=\"background-color:rgba(0, 0, 0, 0)\" class=\"has-inline-color has-vivid-cyan-blue-color\">se connecter<\/mark><\/a><\/em><\/strong><\/p>\n\n\n\n\n\n<div style=\"height:100px\" aria-hidden=\"true\" class=\"wp-block-spacer\"><\/div>\n\n\n\n<div class=\"wp-block-buttons is-content-justification-center is-layout-flex wp-container-core-buttons-is-layout-a89b3969 wp-block-buttons-is-layout-flex\">\n<div class=\"wp-block-button has-custom-font-size has-small-font-size\"><a class=\"wp-block-button__link has-vivid-red-background-color has-background wp-element-button\" href=\"\/index.php\/2024\/05\/20\/letranger\/\">&lt;&#8211; retour<\/a><\/div>\n<\/div>\n<\/div>\n\n\n\n<div class=\"wp-block-column is-layout-flow wp-block-column-is-layout-flow\" style=\"flex-basis:33.33%\">\n<figure class=\"wp-block-table\"><table class=\"has-background\" style=\"background-color:#f8f2f2\"><thead><tr><th><mark class=\"has-inline-color has-vivid-red-color\" style=\"background-color: rgba(0, 0, 0, 0);\"><strong>Auteur<\/strong><\/mark><\/th><\/tr><\/thead><tbody><tr><td><strong>Alain Vasseur<\/strong><\/td><\/tr><\/tbody><\/table><\/figure>\n\n\n\n<figure class=\"wp-block-table\"><table><thead><tr><th><mark class=\"has-inline-color has-vivid-red-color\" style=\"background-color: rgba(0, 0, 0, 0);\"><strong>R\u00e9f\u00e9rence<\/strong><\/mark><\/th><\/tr><\/thead><tbody><tr><td><strong>RA009-15<\/strong><br><strong>L&rsquo;\u00c9tranger<\/strong><br>Journ\u00e9es d\u2019Automne 2016<\/td><\/tr><\/tbody><\/table><\/figure>\n\n\n\n<figure class=\"wp-block-table\"><table><thead><tr><th><mark class=\"has-inline-color has-vivid-red-color\" style=\"background-color: rgba(0, 0, 0, 0);\"><strong>Cat\u00e9gories<\/strong><\/mark><\/th><\/tr><\/thead><tbody><tr><td>\u00c9thique<br>Philosophie<br>Po\u00e9sie<br>Psychanalyse<\/td><\/tr><\/tbody><\/table><\/figure>\n<\/div>\n<\/div>\n","protected":false},"excerpt":{"rendered":"<p>Pour le philosophe Emmanuel L\u00e9vinas, la responsabilit\u00e9 doit \u00eatre pens\u00e9e \u00e0 partir de la relation \u00e0 autrui qui est d\u2019embl\u00e9e \u00ab \u00e9thique \u00bb (morale) : \u00ab J\u2019entends la responsabilit\u00e9 comme responsabilit\u00e9 pour autrui, donc comme responsabilit\u00e9 pour ce qui n\u2019est pas mon fait, ou m\u00eame ne me regarde pas ;&hellip;<\/p>\n","protected":false},"author":2,"featured_media":0,"comment_status":"closed","ping_status":"open","sticky":false,"template":"","format":"standard","meta":{"pmpro_default_level":"","ngg_post_thumbnail":0,"footnotes":""},"categories":[124],"tags":[502,108,487,496,494,126],"class_list":["post-1123","post","type-post","status-publish","format-standard","hentry","category-vasseur-alain","tag-ethique","tag-letranger","tag-philosophie","tag-poesie","tag-psychanalyse","tag-ra009-15","pmpro-has-access"],"_links":{"self":[{"href":"https:\/\/bibliotheque-sfpe-at.com\/index.php\/wp-json\/wp\/v2\/posts\/1123","targetHints":{"allow":["GET"]}}],"collection":[{"href":"https:\/\/bibliotheque-sfpe-at.com\/index.php\/wp-json\/wp\/v2\/posts"}],"about":[{"href":"https:\/\/bibliotheque-sfpe-at.com\/index.php\/wp-json\/wp\/v2\/types\/post"}],"author":[{"embeddable":true,"href":"https:\/\/bibliotheque-sfpe-at.com\/index.php\/wp-json\/wp\/v2\/users\/2"}],"replies":[{"embeddable":true,"href":"https:\/\/bibliotheque-sfpe-at.com\/index.php\/wp-json\/wp\/v2\/comments?post=1123"}],"version-history":[{"count":3,"href":"https:\/\/bibliotheque-sfpe-at.com\/index.php\/wp-json\/wp\/v2\/posts\/1123\/revisions"}],"predecessor-version":[{"id":4544,"href":"https:\/\/bibliotheque-sfpe-at.com\/index.php\/wp-json\/wp\/v2\/posts\/1123\/revisions\/4544"}],"wp:attachment":[{"href":"https:\/\/bibliotheque-sfpe-at.com\/index.php\/wp-json\/wp\/v2\/media?parent=1123"}],"wp:term":[{"taxonomy":"category","embeddable":true,"href":"https:\/\/bibliotheque-sfpe-at.com\/index.php\/wp-json\/wp\/v2\/categories?post=1123"},{"taxonomy":"post_tag","embeddable":true,"href":"https:\/\/bibliotheque-sfpe-at.com\/index.php\/wp-json\/wp\/v2\/tags?post=1123"}],"curies":[{"name":"wp","href":"https:\/\/api.w.org\/{rel}","templated":true}]}}