{"id":1125,"date":"2024-05-20T17:33:56","date_gmt":"2024-05-20T15:33:56","guid":{"rendered":"https:\/\/sfpe-at.com\/?p=1125"},"modified":"2025-03-24T10:59:42","modified_gmt":"2025-03-24T09:59:42","slug":"lexperience-decriture-confrontee-a-lhumanite","status":"publish","type":"post","link":"https:\/\/bibliotheque-sfpe-at.com\/index.php\/2024\/05\/20\/lexperience-decriture-confrontee-a-lhumanite\/","title":{"rendered":"L\u2019exp\u00e9rience d\u2019\u00e9criture confront\u00e9e \u00e0 l\u2019humanit\u00e9"},"content":{"rendered":"\n<div class=\"wp-block-columns is-layout-flex wp-container-core-columns-is-layout-28f84493 wp-block-columns-is-layout-flex\">\n<div class=\"wp-block-column is-layout-flow wp-block-column-is-layout-flow\" style=\"flex-basis:66.66%\">\n<p>L\u2019exp\u00e9rience d\u2019\u00e9criture confronte l\u2019humain, \u00e0 une dimension vertigineuse qu\u2019il a du mal \u00e0 nommer. En effet, l\u2019acte d\u2019\u00e9criture nous d\u00e9porte dans une autre dimension, il nous fait autre, dans une alt\u00e9rit\u00e9 qui nous ouvre la porte de notre \u00eatre, cette chose aussi si proche que lointaine. L\u2019autre exp\u00e9rience qui nous confronte \u00e0 ce qui est l\u2019autre, c\u2019est pr\u00e9cis\u00e9ment l\u2019\u00e9tranger ; sa rencontre bouscule certitudes et rep\u00e8res et nous renvoie la question de notre \u00eatre comme identit\u00e9 premi\u00e8re face \u00e0 sa radicale diff\u00e9rence. De ce fait, l\u2019\u00e9tranger est un autre ext\u00e9rieur qui fait \u00e9cho \u00e0 cet autre int\u00e9rieur qui nous habite, qui structure notre espace psychique et qui d\u00e9borde nos repr\u00e9sentations dans la maladie mentale. \u00c9tant un autre, il en r\u00e9sulte que tout humain est un \u00e9tranger, de son exil primaire du ventre de sa m\u00e8re \u00e0 son exil secondaire de sa famille, de son terroir, de son pays ; c\u2019est par cette conscience d\u2019\u00e9criture, de trace, qu\u2019il transforme l\u2019exil en terre d\u2019asile, en territoire familier qui lui appartient et qui d\u00e9passe, et de loin, les fronti\u00e8res d\u2019une carte d\u2019identit\u00e9 administrative. Tel est le sens de ce travail.<\/p>\n\n\n\n<p class=\"has-text-color has-link-color wp-elements-0c5dd61414d2cb4c88e3596780dedeb0\" style=\"color:#2753a5\"><strong><em>Pour lire le texte complet <a href=\"\/index.php\/options-dinscription\/\"><mark style=\"background-color:rgba(0, 0, 0, 0)\" class=\"has-inline-color has-vivid-cyan-blue-color\">s&rsquo;inscrire<\/mark><\/a> ou <a href=\"\/index.php\/my-account\/edit-account\/\"><mark style=\"background-color:rgba(0, 0, 0, 0)\" class=\"has-inline-color has-vivid-cyan-blue-color\">se connecter<\/mark><\/a><\/em><\/strong><\/p>\n\n\n\n\n\n<div style=\"height:100px\" aria-hidden=\"true\" class=\"wp-block-spacer\"><\/div>\n\n\n\n<div class=\"wp-block-buttons is-content-justification-center is-layout-flex wp-container-core-buttons-is-layout-a89b3969 wp-block-buttons-is-layout-flex\">\n<div class=\"wp-block-button has-custom-font-size has-small-font-size\"><a class=\"wp-block-button__link has-vivid-red-background-color has-background wp-element-button\" href=\"\/index.php\/2024\/05\/20\/letranger\/\">&lt;&#8211; retour<\/a><\/div>\n<\/div>\n<\/div>\n\n\n\n<div class=\"wp-block-column is-layout-flow wp-block-column-is-layout-flow\" style=\"flex-basis:33.33%\">\n<figure class=\"wp-block-table\"><table class=\"has-background\" style=\"background-color:#f8f2f2\"><thead><tr><th><mark class=\"has-inline-color has-vivid-red-color\" style=\"background-color: rgba(0, 0, 0, 0);\"><strong>Auteur<\/strong><\/mark><\/th><\/tr><\/thead><tbody><tr><td><strong>Youssef Mourtada<\/strong><\/td><\/tr><\/tbody><\/table><\/figure>\n\n\n\n<figure class=\"wp-block-table\"><table><thead><tr><th><mark class=\"has-inline-color has-vivid-red-color\" style=\"background-color: rgba(0, 0, 0, 0);\"><strong>R\u00e9f\u00e9rence<\/strong><\/mark><\/th><\/tr><\/thead><tbody><tr><td><strong>RA009-12<\/strong><br><strong>L&rsquo;\u00c9tranger<\/strong><br>Journ\u00e9es d\u2019Automne 2016<\/td><\/tr><\/tbody><\/table><\/figure>\n\n\n\n<figure class=\"wp-block-table\"><table><thead><tr><th><mark class=\"has-inline-color has-vivid-red-color\" style=\"background-color: rgba(0, 0, 0, 0);\"><strong>Cat\u00e9gories<\/strong><\/mark><\/th><\/tr><\/thead><tbody><tr><td>Adolescence<br>Corps<br>Enfance<br>Po\u00e9sie<\/td><\/tr><\/tbody><\/table><\/figure>\n<\/div>\n<\/div>\n","protected":false},"excerpt":{"rendered":"<p>L\u2019exp\u00e9rience d\u2019\u00e9criture confronte l\u2019humain, \u00e0 une dimension vertigineuse qu\u2019il a du mal \u00e0 nommer. En effet, l\u2019acte d\u2019\u00e9criture nous d\u00e9porte dans une autre dimension, il nous fait autre, dans une alt\u00e9rit\u00e9 qui nous ouvre la porte de notre \u00eatre, cette chose aussi si proche que lointaine. L\u2019autre exp\u00e9rience qui nous&hellip;<\/p>\n","protected":false},"author":2,"featured_media":0,"comment_status":"closed","ping_status":"open","sticky":false,"template":"","format":"standard","meta":{"pmpro_default_level":"","ngg_post_thumbnail":0,"footnotes":""},"categories":[46],"tags":[548,604,549,108,496,122],"class_list":["post-1125","post","type-post","status-publish","format-standard","hentry","category-mourtada-youssef","tag-adolescence","tag-corps","tag-enfance","tag-letranger","tag-poesie","tag-ra009-12","pmpro-has-access"],"_links":{"self":[{"href":"https:\/\/bibliotheque-sfpe-at.com\/index.php\/wp-json\/wp\/v2\/posts\/1125","targetHints":{"allow":["GET"]}}],"collection":[{"href":"https:\/\/bibliotheque-sfpe-at.com\/index.php\/wp-json\/wp\/v2\/posts"}],"about":[{"href":"https:\/\/bibliotheque-sfpe-at.com\/index.php\/wp-json\/wp\/v2\/types\/post"}],"author":[{"embeddable":true,"href":"https:\/\/bibliotheque-sfpe-at.com\/index.php\/wp-json\/wp\/v2\/users\/2"}],"replies":[{"embeddable":true,"href":"https:\/\/bibliotheque-sfpe-at.com\/index.php\/wp-json\/wp\/v2\/comments?post=1125"}],"version-history":[{"count":3,"href":"https:\/\/bibliotheque-sfpe-at.com\/index.php\/wp-json\/wp\/v2\/posts\/1125\/revisions"}],"predecessor-version":[{"id":4545,"href":"https:\/\/bibliotheque-sfpe-at.com\/index.php\/wp-json\/wp\/v2\/posts\/1125\/revisions\/4545"}],"wp:attachment":[{"href":"https:\/\/bibliotheque-sfpe-at.com\/index.php\/wp-json\/wp\/v2\/media?parent=1125"}],"wp:term":[{"taxonomy":"category","embeddable":true,"href":"https:\/\/bibliotheque-sfpe-at.com\/index.php\/wp-json\/wp\/v2\/categories?post=1125"},{"taxonomy":"post_tag","embeddable":true,"href":"https:\/\/bibliotheque-sfpe-at.com\/index.php\/wp-json\/wp\/v2\/tags?post=1125"}],"curies":[{"name":"wp","href":"https:\/\/api.w.org\/{rel}","templated":true}]}}