{"id":1136,"date":"2024-05-21T21:07:01","date_gmt":"2024-05-21T19:07:01","guid":{"rendered":"https:\/\/sfpe-at.com\/?p=1136"},"modified":"2025-03-24T11:03:15","modified_gmt":"2025-03-24T10:03:15","slug":"de-letranger-au-musee-egare","status":"publish","type":"post","link":"https:\/\/bibliotheque-sfpe-at.com\/index.php\/2024\/05\/21\/de-letranger-au-musee-egare\/","title":{"rendered":"De l\u2019\u00e9tranger au Mus\u00e9e \u00e9gar\u00e9"},"content":{"rendered":"\n<div class=\"wp-block-columns is-layout-flex wp-container-core-columns-is-layout-28f84493 wp-block-columns-is-layout-flex\">\n<div class=\"wp-block-column is-layout-flow wp-block-column-is-layout-flow\" style=\"flex-basis:66.66%\">\n<p>Nous rapportons les \u00e9crits d\u2019Alain, ancien sujet catatonique, car nos Journ\u00e9es doivent aussi donner la parole aux patients. Nous y gagnons par la pertinence des illustrations qu\u2019elle apporte \u00e0 la th\u00e9orie. Ses \u00e9crits d\u00e9crivent d\u2019abord l\u2019effondrement dans la psychose, puis la reviviscence par la cr\u00e9ation, car depuis il est devenu dessinateur et ses pastels sont d\u00e9bordants de vitalit\u00e9 gr\u00e2ce \u00e0 son investissement assidu de l\u2019art-th\u00e9rapie. Nous retrouvons- l\u00e0 les conditions de la relation \u00e0 l\u2019environnement n\u00e9cessaire au d\u00e9veloppement du self, selon Winnicott. Mais aussi un \u00e9cho aux effondrements qu\u2019ont travers\u00e9s Aby Warburg et C. G. Jung, et qui les ont eux aussi reconfigur\u00e9s dans Mn\u00e9mosyne et Le Livre Rouge. Qui plus est, ces \u00e9pisodes nous concernent aussi par les dispositifs que les curateurs actuels cherchent \u00e0 inventer pour mettre le visiteur en situation d\u2019exploration du regard face \u00e0 des oeuvres sans liens apparents ou in\u00e9dites. C\u2019est le cas dans des expositions comme Le Palais encyclop\u00e9dique \u00e0 Venise, au Grand Palais, ou le Mus\u00e9e \u00e9gar\u00e9 auquel nos patients ont \u00e9t\u00e9 s\u00e9lectionn\u00e9s pour le Printemps de septembre d\u2019art contemporain \u00e0 Toulouse. C\u2019est aussi le choc passionn\u00e9 des amateurs d\u2019art brut devant ces oeuvres, la fascination pour l\u2019\u00e9garement \u00e9prouv\u00e9 devant cette beaut\u00e9 insoup\u00e7onn\u00e9e, o\u00f9 ils ne font que projeter leur part inconnue.<\/p>\n\n\n\n<p class=\"has-text-color has-link-color wp-elements-0c5dd61414d2cb4c88e3596780dedeb0\" style=\"color:#2753a5\"><strong><em>Pour lire le texte complet <a href=\"\/index.php\/options-dinscription\/\"><mark style=\"background-color:rgba(0, 0, 0, 0)\" class=\"has-inline-color has-vivid-cyan-blue-color\">s&rsquo;inscrire<\/mark><\/a> ou <a href=\"\/index.php\/my-account\/edit-account\/\"><mark style=\"background-color:rgba(0, 0, 0, 0)\" class=\"has-inline-color has-vivid-cyan-blue-color\">se connecter<\/mark><\/a><\/em><\/strong><\/p>\n\n\n\n\n\n<div style=\"height:100px\" aria-hidden=\"true\" class=\"wp-block-spacer\"><\/div>\n\n\n\n<div class=\"wp-block-buttons is-content-justification-center is-layout-flex wp-container-core-buttons-is-layout-a89b3969 wp-block-buttons-is-layout-flex\">\n<div class=\"wp-block-button has-custom-font-size has-small-font-size\"><a class=\"wp-block-button__link has-vivid-red-background-color has-background wp-element-button\" href=\"\/index.php\/2024\/05\/20\/letranger\/\">&lt;&#8211; retour<\/a><\/div>\n<\/div>\n<\/div>\n\n\n\n<div class=\"wp-block-column is-layout-flow wp-block-column-is-layout-flow\" style=\"flex-basis:33.33%\">\n<figure class=\"wp-block-table\"><table class=\"has-background\" style=\"background-color:#f8f2f2\"><thead><tr><th><mark class=\"has-inline-color has-vivid-red-color\" style=\"background-color: rgba(0, 0, 0, 0);\"><strong>Auteur<\/strong><\/mark><\/th><\/tr><\/thead><tbody><tr><td><strong>Fran\u00e7ois Granier<\/strong><\/td><\/tr><\/tbody><\/table><\/figure>\n\n\n\n<figure class=\"wp-block-table\"><table><thead><tr><th><mark class=\"has-inline-color has-vivid-red-color\" style=\"background-color: rgba(0, 0, 0, 0);\"><strong>R\u00e9f\u00e9rence<\/strong><\/mark><\/th><\/tr><\/thead><tbody><tr><td><strong>RA009-19<\/strong><br><strong>L&rsquo;\u00c9tranger<\/strong><br>Journ\u00e9es d\u2019Automne 2016<\/td><\/tr><\/tbody><\/table><\/figure>\n\n\n\n<figure class=\"wp-block-table\"><table><thead><tr><th><mark class=\"has-inline-color has-vivid-red-color\" style=\"background-color: rgba(0, 0, 0, 0);\"><strong>Cat\u00e9gories<\/strong><\/mark><\/th><\/tr><\/thead><tbody><tr><td>Art<br>Art-th\u00e9rapie<br>Dessin<br>Etude de cas<br>Mus\u00e9e<br>Peinture<br>Psychopathologie de l\u2019expression<br>Psychiatrie<\/td><\/tr><\/tbody><\/table><\/figure>\n<\/div>\n<\/div>\n","protected":false},"excerpt":{"rendered":"<p>Nous rapportons les \u00e9crits d\u2019Alain, ancien sujet catatonique, car nos Journ\u00e9es doivent aussi donner la parole aux patients. Nous y gagnons par la pertinence des illustrations qu\u2019elle apporte \u00e0 la th\u00e9orie. Ses \u00e9crits d\u00e9crivent d\u2019abord l\u2019effondrement dans la psychose, puis la reviviscence par la cr\u00e9ation, car depuis il est devenu&hellip;<\/p>\n","protected":false},"author":2,"featured_media":0,"comment_status":"closed","ping_status":"open","sticky":false,"template":"","format":"standard","meta":{"pmpro_default_level":"","ngg_post_thumbnail":0,"footnotes":""},"categories":[131],"tags":[483,492,508,493,108,571,484,574,488,130],"class_list":["post-1136","post","type-post","status-publish","format-standard","hentry","category-granier-francois","tag-art","tag-art-therapie","tag-dessin","tag-cas-clinique","tag-letranger","tag-musees-expositions-spectacles","tag-peinture","tag-psychiatrie","tag-psychopathologie-de-lexpression","tag-ra009-19","pmpro-has-access"],"_links":{"self":[{"href":"https:\/\/bibliotheque-sfpe-at.com\/index.php\/wp-json\/wp\/v2\/posts\/1136","targetHints":{"allow":["GET"]}}],"collection":[{"href":"https:\/\/bibliotheque-sfpe-at.com\/index.php\/wp-json\/wp\/v2\/posts"}],"about":[{"href":"https:\/\/bibliotheque-sfpe-at.com\/index.php\/wp-json\/wp\/v2\/types\/post"}],"author":[{"embeddable":true,"href":"https:\/\/bibliotheque-sfpe-at.com\/index.php\/wp-json\/wp\/v2\/users\/2"}],"replies":[{"embeddable":true,"href":"https:\/\/bibliotheque-sfpe-at.com\/index.php\/wp-json\/wp\/v2\/comments?post=1136"}],"version-history":[{"count":6,"href":"https:\/\/bibliotheque-sfpe-at.com\/index.php\/wp-json\/wp\/v2\/posts\/1136\/revisions"}],"predecessor-version":[{"id":4550,"href":"https:\/\/bibliotheque-sfpe-at.com\/index.php\/wp-json\/wp\/v2\/posts\/1136\/revisions\/4550"}],"wp:attachment":[{"href":"https:\/\/bibliotheque-sfpe-at.com\/index.php\/wp-json\/wp\/v2\/media?parent=1136"}],"wp:term":[{"taxonomy":"category","embeddable":true,"href":"https:\/\/bibliotheque-sfpe-at.com\/index.php\/wp-json\/wp\/v2\/categories?post=1136"},{"taxonomy":"post_tag","embeddable":true,"href":"https:\/\/bibliotheque-sfpe-at.com\/index.php\/wp-json\/wp\/v2\/tags?post=1136"}],"curies":[{"name":"wp","href":"https:\/\/api.w.org\/{rel}","templated":true}]}}