{"id":1142,"date":"2024-05-21T21:11:43","date_gmt":"2024-05-21T19:11:43","guid":{"rendered":"https:\/\/sfpe-at.com\/?p=1142"},"modified":"2025-03-24T11:04:01","modified_gmt":"2025-03-24T10:04:01","slug":"lespace-cet-etranger","status":"publish","type":"post","link":"https:\/\/bibliotheque-sfpe-at.com\/index.php\/2024\/05\/21\/lespace-cet-etranger\/","title":{"rendered":"L\u2019espace, cet \u00e9tranger"},"content":{"rendered":"\n<div class=\"wp-block-columns is-layout-flex wp-container-core-columns-is-layout-28f84493 wp-block-columns-is-layout-flex\">\n<div class=\"wp-block-column is-layout-flow wp-block-column-is-layout-flow\" style=\"flex-basis:66.66%\">\n<p>L\u2019espace n\u2019est pas simplement l\u2019\u00e9tendue, selon une conception qui s\u2019est affirm\u00e9e \u00e0 l\u2019\u00e9poque moderne et que Descartes a syst\u00e9matis\u00e9e dans sa philosophie. L\u2019espace a \u00e0 voir avec une affectivit\u00e9 archa\u00efque, renvoyant alors \u00e0 une relation au monde qui \u00e9chappe \u00e0 la d\u00e9coupe des mots : il peut devenir source de menace, de mort et de disparition comme en t\u00e9moigne l\u2019agoraphobie, ou plus commun\u00e9ment le malaise que procurent certains lieux ressentis comme inhospitaliers. Je partirai des travaux du th\u00e9oricien am\u00e9ricain Anthony Vidler qui s\u2019appuie en particulier sur la conception de Freud de l\u2019inqui\u00e9tante \u00e9tranget\u00e9 (das Unheimliche, \u00ab the uncanny \u00bb) afin d\u2019aborder certaines modalit\u00e9s de l\u2019espace architectural des maisons, des b\u00e2timents et des villes. Je proposerai \u00e0 partir de l\u00e0 quelques \u00e9l\u00e9ments de r\u00e9flexion sur la peinture de De Chirico, au regard de l\u2019espace architectural qui se d\u00e9ploie dans ses tableaux de l\u2019\u00e9poque surr\u00e9aliste. Mais plus \u00e9tonnante encore est la derni\u00e8re partie de son oeuvre, longtemps tenue \u00e0 l\u2019\u00e9cart, qui voit se multiplier les autoportraits, en mani\u00e8re de double \u00e9tranger. Faut-il voir une relation entre les deux versants de cette oeuvre ?<\/p>\n\n\n\n<p class=\"has-text-color has-link-color wp-elements-0c5dd61414d2cb4c88e3596780dedeb0\" style=\"color:#2753a5\"><strong><em>Pour lire le texte complet <a href=\"\/index.php\/options-dinscription\/\"><mark style=\"background-color:rgba(0, 0, 0, 0)\" class=\"has-inline-color has-vivid-cyan-blue-color\">s&rsquo;inscrire<\/mark><\/a> ou <a href=\"\/index.php\/my-account\/edit-account\/\"><mark style=\"background-color:rgba(0, 0, 0, 0)\" class=\"has-inline-color has-vivid-cyan-blue-color\">se connecter<\/mark><\/a><\/em><\/strong><\/p>\n\n\n\n\n\n<div style=\"height:100px\" aria-hidden=\"true\" class=\"wp-block-spacer\"><\/div>\n\n\n\n<div class=\"wp-block-buttons is-content-justification-center is-layout-flex wp-container-core-buttons-is-layout-a89b3969 wp-block-buttons-is-layout-flex\">\n<div class=\"wp-block-button has-custom-font-size has-small-font-size\"><a class=\"wp-block-button__link has-vivid-red-background-color has-background wp-element-button\" href=\"\/index.php\/2024\/05\/20\/letranger\/\">&lt;&#8211; retour<\/a><\/div>\n<\/div>\n<\/div>\n\n\n\n<div class=\"wp-block-column is-layout-flow wp-block-column-is-layout-flow\" style=\"flex-basis:33.33%\">\n<figure class=\"wp-block-table\"><table class=\"has-background\" style=\"background-color:#f8f2f2\"><thead><tr><th><mark class=\"has-inline-color has-vivid-red-color\" style=\"background-color: rgba(0, 0, 0, 0);\"><strong>Auteur<\/strong><\/mark><\/th><\/tr><\/thead><tbody><tr><td><strong>Anne Boissi\u00e8re<\/strong><\/td><\/tr><\/tbody><\/table><\/figure>\n\n\n\n<figure class=\"wp-block-table\"><table><thead><tr><th><mark class=\"has-inline-color has-vivid-red-color\" style=\"background-color: rgba(0, 0, 0, 0);\"><strong>R\u00e9f\u00e9rence<\/strong><\/mark><\/th><\/tr><\/thead><tbody><tr><td><strong>RA009-20<\/strong><br><strong>L&rsquo;\u00c9tranger<\/strong><br>Journ\u00e9es d\u2019Automne 2016<\/td><\/tr><\/tbody><\/table><\/figure>\n\n\n\n<figure class=\"wp-block-table\"><table><thead><tr><th><mark class=\"has-inline-color has-vivid-red-color\" style=\"background-color: rgba(0, 0, 0, 0);\"><strong>Cat\u00e9gories<\/strong><\/mark><\/th><\/tr><\/thead><tbody><tr><td>Art<br>Peinture<br>Ph\u00e9nom\u00e9nologie<br>Psychopathologie de l\u2019expression<\/td><\/tr><\/tbody><\/table><\/figure>\n<\/div>\n<\/div>\n","protected":false},"excerpt":{"rendered":"<p>L\u2019espace n\u2019est pas simplement l\u2019\u00e9tendue, selon une conception qui s\u2019est affirm\u00e9e \u00e0 l\u2019\u00e9poque moderne et que Descartes a syst\u00e9matis\u00e9e dans sa philosophie. L\u2019espace a \u00e0 voir avec une affectivit\u00e9 archa\u00efque, renvoyant alors \u00e0 une relation au monde qui \u00e9chappe \u00e0 la d\u00e9coupe des mots : il peut devenir source de&hellip;<\/p>\n","protected":false},"author":2,"featured_media":0,"comment_status":"closed","ping_status":"open","sticky":false,"template":"","format":"standard","meta":{"pmpro_default_level":"","ngg_post_thumbnail":0,"footnotes":""},"categories":[133],"tags":[483,108,484,486,488,134],"class_list":["post-1142","post","type-post","status-publish","format-standard","hentry","category-boissiere-anne","tag-art","tag-letranger","tag-peinture","tag-phenomenologie","tag-psychopathologie-de-lexpression","tag-ra009-20","pmpro-has-access"],"_links":{"self":[{"href":"https:\/\/bibliotheque-sfpe-at.com\/index.php\/wp-json\/wp\/v2\/posts\/1142","targetHints":{"allow":["GET"]}}],"collection":[{"href":"https:\/\/bibliotheque-sfpe-at.com\/index.php\/wp-json\/wp\/v2\/posts"}],"about":[{"href":"https:\/\/bibliotheque-sfpe-at.com\/index.php\/wp-json\/wp\/v2\/types\/post"}],"author":[{"embeddable":true,"href":"https:\/\/bibliotheque-sfpe-at.com\/index.php\/wp-json\/wp\/v2\/users\/2"}],"replies":[{"embeddable":true,"href":"https:\/\/bibliotheque-sfpe-at.com\/index.php\/wp-json\/wp\/v2\/comments?post=1142"}],"version-history":[{"count":3,"href":"https:\/\/bibliotheque-sfpe-at.com\/index.php\/wp-json\/wp\/v2\/posts\/1142\/revisions"}],"predecessor-version":[{"id":4551,"href":"https:\/\/bibliotheque-sfpe-at.com\/index.php\/wp-json\/wp\/v2\/posts\/1142\/revisions\/4551"}],"wp:attachment":[{"href":"https:\/\/bibliotheque-sfpe-at.com\/index.php\/wp-json\/wp\/v2\/media?parent=1142"}],"wp:term":[{"taxonomy":"category","embeddable":true,"href":"https:\/\/bibliotheque-sfpe-at.com\/index.php\/wp-json\/wp\/v2\/categories?post=1142"},{"taxonomy":"post_tag","embeddable":true,"href":"https:\/\/bibliotheque-sfpe-at.com\/index.php\/wp-json\/wp\/v2\/tags?post=1142"}],"curies":[{"name":"wp","href":"https:\/\/api.w.org\/{rel}","templated":true}]}}