{"id":1144,"date":"2024-05-21T21:15:31","date_gmt":"2024-05-21T19:15:31","guid":{"rendered":"https:\/\/sfpe-at.com\/?p=1144"},"modified":"2025-03-24T11:04:50","modified_gmt":"2025-03-24T10:04:50","slug":"les-etrangers-le-plancher-de-jeannot","status":"publish","type":"post","link":"https:\/\/bibliotheque-sfpe-at.com\/index.php\/2024\/05\/21\/les-etrangers-le-plancher-de-jeannot\/","title":{"rendered":"\u00ab Les \u00e9trangers \u00bb Le plancher de Jeannot"},"content":{"rendered":"\n<p><em>Nous tous sommes innocent de tout crime tort \u00e0 autrui<br>(Inscription sur le plancher de Jeannot)<\/em><\/p>\n\n\n\n<div class=\"wp-block-columns is-layout-flex wp-container-core-columns-is-layout-28f84493 wp-block-columns-is-layout-flex\">\n<div class=\"wp-block-column is-layout-flow wp-block-column-is-layout-flow\" style=\"flex-basis:66.66%\">\n<p>Des \u00ab \u00e9trangers \u00bb arrivent au village. Du village voisin. Pourquoi sont ils partis de \u00ab chez eux \u00bb pour venir \u00ab chez nous \u00bb ? Questions, hypoth\u00e8ses, rumeurs, les \u00e9trangers deviennent \u00e9tranges. Jalous\u00e9s, leur ferme est prosp\u00e8re, soup\u00e7onn\u00e9s (que faisaient-ils pendant la guerre ?). La m\u00e9fiance cerne un ilot d\u2019\u00e9tranget\u00e9 dans le village, nouvelle fronti\u00e8re h\u00e9riss\u00e9e de protections r\u00e9ciproques. La folie grimpe dans le bastion familial. Jeannot, le fils, revient de la guerre d\u2019Alg\u00e9rie : le p\u00e8re s\u2019est suicid\u00e9. Une antenne a surgi du bois voisin : v\u00e9ritable p\u00e9riscope \u00e9merg\u00e9 (d\u2019o\u00f9 ?) qui surveille, sonde et influence les cerveaux. Sur son tracteur Jeannot monte la garde, oublie les travaux de la ferme. Tracteur en panne, le territoire se r\u00e9tr\u00e9cit \u00e0 celui de la maison o\u00f9 la m\u00e8re meurt. Avec sa soeur, Jeannot l\u2019enterre l\u00e0, sous l\u2019escalier. Il entre dans sa chambre et se met \u00e0 graver, sculpter, sur le plancher, un texte, ou plut\u00f4t un cri, ou une \u00e9pitaphe ou encore une plaidoirie. Il y meurt d\u2019inanition \u2014 et sa soeur reste seule. Seule avec une oeuvre \u00e9trang\u00e8re \u00e0 tous nos rep\u00e8res. D\u00e9couvert par le Dr Guy Roux1, le plancher est expos\u00e9 devant l\u2019h\u00f4pital Sainte-Anne \u00e0 Paris. Alain Bouillet parle d\u2019un \u00ab objet esth\u00e9tiquement pertinent \u00bb. Il a inspir\u00e9 photographies, th\u00e9\u00e2tre, op\u00e9ra m\u00eame &#8230; et pour Perrine Le Querrec, l\u2019\u00e9criture : Le Plancher2. Nous allons voir et \u00e9couter Ben Herbert Larue qui nous fait partager sa lecture de quelques extraits du livre.<\/p>\n\n\n\n<p class=\"has-text-color has-link-color wp-elements-0c5dd61414d2cb4c88e3596780dedeb0\" style=\"color:#2753a5\"><strong><em>Pour lire le texte complet <a href=\"\/index.php\/options-dinscription\/\"><mark style=\"background-color:rgba(0, 0, 0, 0)\" class=\"has-inline-color has-vivid-cyan-blue-color\">s&rsquo;inscrire<\/mark><\/a> ou <a href=\"\/index.php\/my-account\/edit-account\/\"><mark style=\"background-color:rgba(0, 0, 0, 0)\" class=\"has-inline-color has-vivid-cyan-blue-color\">se connecter<\/mark><\/a><\/em><\/strong><\/p>\n\n\n\n\n\n<div style=\"height:100px\" aria-hidden=\"true\" class=\"wp-block-spacer\"><\/div>\n\n\n\n<div class=\"wp-block-buttons is-content-justification-center is-layout-flex wp-container-core-buttons-is-layout-a89b3969 wp-block-buttons-is-layout-flex\">\n<div class=\"wp-block-button has-custom-font-size has-small-font-size\"><a class=\"wp-block-button__link has-vivid-red-background-color has-background wp-element-button\" href=\"\/index.php\/2024\/05\/20\/letranger\/\">&lt;&#8211; retour<\/a><\/div>\n<\/div>\n<\/div>\n\n\n\n<div class=\"wp-block-column is-layout-flow wp-block-column-is-layout-flow\" style=\"flex-basis:33.33%\">\n<figure class=\"wp-block-table\"><table class=\"has-background\" style=\"background-color:#f8f2f2\"><thead><tr><th><mark class=\"has-inline-color has-vivid-red-color\" style=\"background-color: rgba(0, 0, 0, 0);\"><strong>Auteur<\/strong><\/mark><\/th><\/tr><\/thead><tbody><tr><td><strong>B\u00e9atrice Chemama-Steiner<\/strong><\/td><\/tr><\/tbody><\/table><\/figure>\n\n\n\n<figure class=\"wp-block-table\"><table><thead><tr><th><mark class=\"has-inline-color has-vivid-red-color\" style=\"background-color: rgba(0, 0, 0, 0);\"><strong>R\u00e9f\u00e9rence<\/strong><\/mark><\/th><\/tr><\/thead><tbody><tr><td><strong>RA009-21<\/strong><br><strong>L&rsquo;\u00c9tranger<\/strong><br>Journ\u00e9es d\u2019Automne 2016<\/td><\/tr><\/tbody><\/table><\/figure>\n\n\n\n<figure class=\"wp-block-table\"><table><thead><tr><th><mark class=\"has-inline-color has-vivid-red-color\" style=\"background-color: rgba(0, 0, 0, 0);\"><strong>Cat\u00e9gories<\/strong><\/mark><\/th><\/tr><\/thead><tbody><tr><td>Art<br>Ecriture<br>Gravure<br>Psychiatrie<br>Psychopathologie de l\u2019expression<\/td><\/tr><\/tbody><\/table><\/figure>\n<\/div>\n<\/div>\n","protected":false},"excerpt":{"rendered":"<p>Nous tous sommes innocent de tout crime tort \u00e0 autrui(Inscription sur le plancher de Jeannot) Des \u00ab \u00e9trangers \u00bb arrivent au village. Du village voisin. Pourquoi sont ils partis de \u00ab chez eux \u00bb pour venir \u00ab chez nous \u00bb ? Questions, hypoth\u00e8ses, rumeurs, les \u00e9trangers deviennent \u00e9tranges. Jalous\u00e9s, leur&hellip;<\/p>\n","protected":false},"author":2,"featured_media":0,"comment_status":"closed","ping_status":"open","sticky":false,"template":"","format":"standard","meta":{"pmpro_default_level":"","ngg_post_thumbnail":0,"footnotes":""},"categories":[54],"tags":[483,497,517,108,574,488,135],"class_list":["post-1144","post","type-post","status-publish","format-standard","hentry","category-chemama-steiner-beatrice","tag-art","tag-ecriture","tag-gravure","tag-letranger","tag-psychiatrie","tag-psychopathologie-de-lexpression","tag-ra009-21","pmpro-has-access"],"_links":{"self":[{"href":"https:\/\/bibliotheque-sfpe-at.com\/index.php\/wp-json\/wp\/v2\/posts\/1144","targetHints":{"allow":["GET"]}}],"collection":[{"href":"https:\/\/bibliotheque-sfpe-at.com\/index.php\/wp-json\/wp\/v2\/posts"}],"about":[{"href":"https:\/\/bibliotheque-sfpe-at.com\/index.php\/wp-json\/wp\/v2\/types\/post"}],"author":[{"embeddable":true,"href":"https:\/\/bibliotheque-sfpe-at.com\/index.php\/wp-json\/wp\/v2\/users\/2"}],"replies":[{"embeddable":true,"href":"https:\/\/bibliotheque-sfpe-at.com\/index.php\/wp-json\/wp\/v2\/comments?post=1144"}],"version-history":[{"count":4,"href":"https:\/\/bibliotheque-sfpe-at.com\/index.php\/wp-json\/wp\/v2\/posts\/1144\/revisions"}],"predecessor-version":[{"id":4552,"href":"https:\/\/bibliotheque-sfpe-at.com\/index.php\/wp-json\/wp\/v2\/posts\/1144\/revisions\/4552"}],"wp:attachment":[{"href":"https:\/\/bibliotheque-sfpe-at.com\/index.php\/wp-json\/wp\/v2\/media?parent=1144"}],"wp:term":[{"taxonomy":"category","embeddable":true,"href":"https:\/\/bibliotheque-sfpe-at.com\/index.php\/wp-json\/wp\/v2\/categories?post=1144"},{"taxonomy":"post_tag","embeddable":true,"href":"https:\/\/bibliotheque-sfpe-at.com\/index.php\/wp-json\/wp\/v2\/tags?post=1144"}],"curies":[{"name":"wp","href":"https:\/\/api.w.org\/{rel}","templated":true}]}}