{"id":1146,"date":"2024-05-21T21:18:05","date_gmt":"2024-05-21T19:18:05","guid":{"rendered":"https:\/\/sfpe-at.com\/?p=1146"},"modified":"2025-03-24T11:05:23","modified_gmt":"2025-03-24T10:05:23","slug":"la-metaphore-de-lenfant-etranger-double-impasse-double-promesse","status":"publish","type":"post","link":"https:\/\/bibliotheque-sfpe-at.com\/index.php\/2024\/05\/21\/la-metaphore-de-lenfant-etranger-double-impasse-double-promesse\/","title":{"rendered":"La m\u00e9taphore de l\u2019enfant \u00e9tranger : double impasse, double promesse"},"content":{"rendered":"\n<div class=\"wp-block-columns is-layout-flex wp-container-core-columns-is-layout-28f84493 wp-block-columns-is-layout-flex\">\n<div class=\"wp-block-column is-layout-flow wp-block-column-is-layout-flow\" style=\"flex-basis:66.66%\">\n<p>Opportun\u00e9ment juch\u00e9 sur les \u00e9paules d\u2019E.T.A. Hoffmann, bien plac\u00e9 donc, \u00e0 se fier aux louanges de Freud qui l\u2019encense comme \u00ab ma\u00eetre in\u00e9gal\u00e9 \u00bb de l\u2019Unheimlich en litt\u00e9rature dans son c\u00e9l\u00e8bre article sur la question, nous nous proposons d\u2019exploiter la veine m\u00e9taphorique de L\u2019Enfant \u00e9tranger, merveilleusement fil\u00e9e tout au long d\u2019un de ses contes o\u00f9 ce magicien \u00e9blouissant exerce une fois de plus sa verve au service des secrets et myst\u00e8res de notre condition humaine. Serpentant avec d\u00e9lice entre rire moqueur et larmes d\u2019\u00e9motion, ce r\u00e9cit \u00e9chevel\u00e9, malgr\u00e9 sa construction rigoureuse riche de profondes harmoniques, met en sc\u00e8ne l\u2019irruption d\u2019un enfant \u00e9trange, venu d\u2019ailleurs, auquel chacun des membres d\u2019une famille originale sera tour \u00e0 tour confront\u00e9 pour une mise \u00e0 l\u2019\u00e9preuve de ses capacit\u00e9s et limites identificatoires. Double et confident versatile de tous, dont il devient la projection iris\u00e9e, il n\u2019appartient \u00e0 personne, demeure inaccessible et \u00e9chappe ainsi \u00e0 quiconque s\u2019y r\u00e9f\u00e8re comme m\u00e9diateur onirique. Comme l\u2019hallucination, l\u2019enfant \u00e9tranger, mirage d\u2019un monde interm\u00e9diaire, s\u2019av\u00e8re bien plus r\u00e9el, bien plus pr\u00e9sent, que la r\u00e9alit\u00e9 qui s\u2019escrime \u00e0 l\u2019escamoter ou le flouter pour le nier ou le r\u00e9cuser. Longtemps apr\u00e8s sa disparition mat\u00e9rielle, son empreinte r\u00e9siduelle persiste et demeure famili\u00e8re, comme une inaccessible nostalgie, un impossible abri, un ultime recours, bien plus vivaces en nous que toutes les fausses r\u00e9assurances d\u00e9risoires issues du bon sens, de la rationalit\u00e9, de la science et de la culture.<\/p>\n\n\n\n<p class=\"has-text-color has-link-color wp-elements-0c5dd61414d2cb4c88e3596780dedeb0\" style=\"color:#2753a5\"><strong><em>Pour lire le texte complet <a href=\"\/index.php\/options-dinscription\/\"><mark style=\"background-color:rgba(0, 0, 0, 0)\" class=\"has-inline-color has-vivid-cyan-blue-color\">s&rsquo;inscrire<\/mark><\/a> ou <a href=\"\/index.php\/my-account\/edit-account\/\"><mark style=\"background-color:rgba(0, 0, 0, 0)\" class=\"has-inline-color has-vivid-cyan-blue-color\">se connecter<\/mark><\/a><\/em><\/strong><\/p>\n\n\n\n\n\n<div style=\"height:100px\" aria-hidden=\"true\" class=\"wp-block-spacer\"><\/div>\n\n\n\n<div class=\"wp-block-buttons is-content-justification-center is-layout-flex wp-container-core-buttons-is-layout-a89b3969 wp-block-buttons-is-layout-flex\">\n<div class=\"wp-block-button has-custom-font-size has-small-font-size\"><a class=\"wp-block-button__link has-vivid-red-background-color has-background wp-element-button\" href=\"\/index.php\/2024\/05\/20\/letranger\/\">&lt;&#8211; retour<\/a><\/div>\n<\/div>\n<\/div>\n\n\n\n<div class=\"wp-block-column is-layout-flow wp-block-column-is-layout-flow\" style=\"flex-basis:33.33%\">\n<figure class=\"wp-block-table\"><table class=\"has-background\" style=\"background-color:#f8f2f2\"><thead><tr><th><mark class=\"has-inline-color has-vivid-red-color\" style=\"background-color: rgba(0, 0, 0, 0);\"><strong>Auteur<\/strong><\/mark><\/th><\/tr><\/thead><tbody><tr><td><strong>Jean-Marie Barth\u00e9l\u00e9my<\/strong><\/td><\/tr><\/tbody><\/table><\/figure>\n\n\n\n<figure class=\"wp-block-table\"><table><thead><tr><th><mark class=\"has-inline-color has-vivid-red-color\" style=\"background-color: rgba(0, 0, 0, 0);\"><strong>R\u00e9f\u00e9rence<\/strong><\/mark><\/th><\/tr><\/thead><tbody><tr><td><strong>RA009-22<\/strong><br><strong>L&rsquo;\u00c9tranger<\/strong><br>Journ\u00e9es d\u2019Automne 2016<\/td><\/tr><\/tbody><\/table><\/figure>\n\n\n\n<figure class=\"wp-block-table\"><table><thead><tr><th><mark class=\"has-inline-color has-vivid-red-color\" style=\"background-color: rgba(0, 0, 0, 0);\"><strong>Cat\u00e9gories<\/strong><\/mark><\/th><\/tr><\/thead><tbody><tr><td>Enfance<br>Litt\u00e9rature<br>Psychologie<\/td><\/tr><\/tbody><\/table><\/figure>\n<\/div>\n<\/div>\n","protected":false},"excerpt":{"rendered":"<p>Opportun\u00e9ment juch\u00e9 sur les \u00e9paules d\u2019E.T.A. Hoffmann, bien plac\u00e9 donc, \u00e0 se fier aux louanges de Freud qui l\u2019encense comme \u00ab ma\u00eetre in\u00e9gal\u00e9 \u00bb de l\u2019Unheimlich en litt\u00e9rature dans son c\u00e9l\u00e8bre article sur la question, nous nous proposons d\u2019exploiter la veine m\u00e9taphorique de L\u2019Enfant \u00e9tranger, merveilleusement fil\u00e9e tout au long&hellip;<\/p>\n","protected":false},"author":2,"featured_media":0,"comment_status":"closed","ping_status":"open","sticky":false,"template":"","format":"standard","meta":{"pmpro_default_level":"","ngg_post_thumbnail":0,"footnotes":""},"categories":[31],"tags":[549,108,509,498,136],"class_list":["post-1146","post","type-post","status-publish","format-standard","hentry","category-barthelemy-jean-marie","tag-enfance","tag-letranger","tag-litterature","tag-psychologie","tag-ra009-22","pmpro-has-access"],"_links":{"self":[{"href":"https:\/\/bibliotheque-sfpe-at.com\/index.php\/wp-json\/wp\/v2\/posts\/1146","targetHints":{"allow":["GET"]}}],"collection":[{"href":"https:\/\/bibliotheque-sfpe-at.com\/index.php\/wp-json\/wp\/v2\/posts"}],"about":[{"href":"https:\/\/bibliotheque-sfpe-at.com\/index.php\/wp-json\/wp\/v2\/types\/post"}],"author":[{"embeddable":true,"href":"https:\/\/bibliotheque-sfpe-at.com\/index.php\/wp-json\/wp\/v2\/users\/2"}],"replies":[{"embeddable":true,"href":"https:\/\/bibliotheque-sfpe-at.com\/index.php\/wp-json\/wp\/v2\/comments?post=1146"}],"version-history":[{"count":3,"href":"https:\/\/bibliotheque-sfpe-at.com\/index.php\/wp-json\/wp\/v2\/posts\/1146\/revisions"}],"predecessor-version":[{"id":4553,"href":"https:\/\/bibliotheque-sfpe-at.com\/index.php\/wp-json\/wp\/v2\/posts\/1146\/revisions\/4553"}],"wp:attachment":[{"href":"https:\/\/bibliotheque-sfpe-at.com\/index.php\/wp-json\/wp\/v2\/media?parent=1146"}],"wp:term":[{"taxonomy":"category","embeddable":true,"href":"https:\/\/bibliotheque-sfpe-at.com\/index.php\/wp-json\/wp\/v2\/categories?post=1146"},{"taxonomy":"post_tag","embeddable":true,"href":"https:\/\/bibliotheque-sfpe-at.com\/index.php\/wp-json\/wp\/v2\/tags?post=1146"}],"curies":[{"name":"wp","href":"https:\/\/api.w.org\/{rel}","templated":true}]}}