{"id":1148,"date":"2024-05-21T21:20:54","date_gmt":"2024-05-21T19:20:54","guid":{"rendered":"https:\/\/sfpe-at.com\/?p=1148"},"modified":"2025-03-24T11:05:58","modified_gmt":"2025-03-24T10:05:58","slug":"camus-enfant-de-letranger-et-de-lexil-interieur","status":"publish","type":"post","link":"https:\/\/bibliotheque-sfpe-at.com\/index.php\/2024\/05\/21\/camus-enfant-de-letranger-et-de-lexil-interieur\/","title":{"rendered":"Camus, enfant de L\u2019\u00c9tranger et de l\u2019exil int\u00e9rieur"},"content":{"rendered":"\n<div class=\"wp-block-columns is-layout-flex wp-container-core-columns-is-layout-28f84493 wp-block-columns-is-layout-flex\">\n<div class=\"wp-block-column is-layout-flow wp-block-column-is-layout-flow\" style=\"flex-basis:66.66%\">\n<p>L\u2019 \u00c9tranger, solitaire, monologue, marqu\u00e9 aux fers rouges d\u2019un soleil noir, clinique, symbolique, po\u00e9tique. Camus et l\u2019\u00e9trange Meursault, solidaires, dialogue o\u00f9 tout y serait, manifestement : inqui\u00e9tante \u00e9tranget\u00e9 des autres et du monde, doubles de l\u2019\u00e9tranger en soi, alt\u00e9rit\u00e9 de l\u2019infans, d\u00e9personnalisations autobiographiques, au coeur de l\u2019autre sc\u00e8ne, des m\u00e9moires et des drames. \u00c0 travers les latences m\u00e9diterran\u00e9ennes d\u2019une sourde m\u00e9lancolie maternelle, de la recherche bizarre \u00ab du \u00bb p\u00e8re. La curieuse r\u00e9volte d\u2019amour d\u2019un gamin des rues d\u2019Alger contre l\u2019absurde et l\u2019exil. Camus et L\u2019\u00c9tranger, face \u00e0 face \u00e9trangement familier des r\u00eaves ambivalents d\u2019\u00e9criture et de l\u2019in\u00e9puisable d\u2019une vie.<\/p>\n\n\n\n<p class=\"has-text-color has-link-color wp-elements-0c5dd61414d2cb4c88e3596780dedeb0\" style=\"color:#2753a5\"><strong><em>Pour lire le texte complet <a href=\"\/index.php\/options-dinscription\/\"><mark style=\"background-color:rgba(0, 0, 0, 0)\" class=\"has-inline-color has-vivid-cyan-blue-color\">s&rsquo;inscrire<\/mark><\/a> ou <a href=\"\/index.php\/my-account\/edit-account\/\"><mark style=\"background-color:rgba(0, 0, 0, 0)\" class=\"has-inline-color has-vivid-cyan-blue-color\">se connecter<\/mark><\/a><\/em><\/strong><\/p>\n\n\n\n\n\n<div style=\"height:100px\" aria-hidden=\"true\" class=\"wp-block-spacer\"><\/div>\n\n\n\n<div class=\"wp-block-buttons is-content-justification-center is-layout-flex wp-container-core-buttons-is-layout-a89b3969 wp-block-buttons-is-layout-flex\">\n<div class=\"wp-block-button has-custom-font-size has-small-font-size\"><a class=\"wp-block-button__link has-vivid-red-background-color has-background wp-element-button\" href=\"\/index.php\/2024\/05\/20\/letranger\/\">&lt;&#8211; retour<\/a><\/div>\n<\/div>\n<\/div>\n\n\n\n<div class=\"wp-block-column is-layout-flow wp-block-column-is-layout-flow\" style=\"flex-basis:33.33%\">\n<figure class=\"wp-block-table\"><table class=\"has-background\" style=\"background-color:#f8f2f2\"><thead><tr><th><mark class=\"has-inline-color has-vivid-red-color\" style=\"background-color: rgba(0, 0, 0, 0);\"><strong>Auteur<\/strong><\/mark><\/th><\/tr><\/thead><tbody><tr><td><strong>Christophe Paradas<\/strong><\/td><\/tr><\/tbody><\/table><\/figure>\n\n\n\n<figure class=\"wp-block-table\"><table><thead><tr><th><mark class=\"has-inline-color has-vivid-red-color\" style=\"background-color: rgba(0, 0, 0, 0);\"><strong>R\u00e9f\u00e9rence<\/strong><\/mark><\/th><\/tr><\/thead><tbody><tr><td><strong>RA009-23<\/strong><br><strong>L&rsquo;\u00c9tranger<\/strong><br>Journ\u00e9es d\u2019Automne 2016<\/td><\/tr><\/tbody><\/table><\/figure>\n\n\n\n<figure class=\"wp-block-table\"><table><thead><tr><th><mark class=\"has-inline-color has-vivid-red-color\" style=\"background-color: rgba(0, 0, 0, 0);\"><strong>Cat\u00e9gories<\/strong><\/mark><\/th><\/tr><\/thead><tbody><tr><td>Litt\u00e9rature<br>Psychologie<br>Psychopathologie de l\u2019expression<\/td><\/tr><\/tbody><\/table><\/figure>\n<\/div>\n<\/div>\n","protected":false},"excerpt":{"rendered":"<p>L\u2019 \u00c9tranger, solitaire, monologue, marqu\u00e9 aux fers rouges d\u2019un soleil noir, clinique, symbolique, po\u00e9tique. Camus et l\u2019\u00e9trange Meursault, solidaires, dialogue o\u00f9 tout y serait, manifestement : inqui\u00e9tante \u00e9tranget\u00e9 des autres et du monde, doubles de l\u2019\u00e9tranger en soi, alt\u00e9rit\u00e9 de l\u2019infans, d\u00e9personnalisations autobiographiques, au coeur de l\u2019autre sc\u00e8ne, des m\u00e9moires&hellip;<\/p>\n","protected":false},"author":2,"featured_media":0,"comment_status":"closed","ping_status":"open","sticky":false,"template":"","format":"standard","meta":{"pmpro_default_level":"","ngg_post_thumbnail":0,"footnotes":""},"categories":[74],"tags":[108,509,498,488,137],"class_list":["post-1148","post","type-post","status-publish","format-standard","hentry","category-paradas-christophe","tag-letranger","tag-litterature","tag-psychologie","tag-psychopathologie-de-lexpression","tag-ra009-23","pmpro-has-access"],"_links":{"self":[{"href":"https:\/\/bibliotheque-sfpe-at.com\/index.php\/wp-json\/wp\/v2\/posts\/1148","targetHints":{"allow":["GET"]}}],"collection":[{"href":"https:\/\/bibliotheque-sfpe-at.com\/index.php\/wp-json\/wp\/v2\/posts"}],"about":[{"href":"https:\/\/bibliotheque-sfpe-at.com\/index.php\/wp-json\/wp\/v2\/types\/post"}],"author":[{"embeddable":true,"href":"https:\/\/bibliotheque-sfpe-at.com\/index.php\/wp-json\/wp\/v2\/users\/2"}],"replies":[{"embeddable":true,"href":"https:\/\/bibliotheque-sfpe-at.com\/index.php\/wp-json\/wp\/v2\/comments?post=1148"}],"version-history":[{"count":3,"href":"https:\/\/bibliotheque-sfpe-at.com\/index.php\/wp-json\/wp\/v2\/posts\/1148\/revisions"}],"predecessor-version":[{"id":4554,"href":"https:\/\/bibliotheque-sfpe-at.com\/index.php\/wp-json\/wp\/v2\/posts\/1148\/revisions\/4554"}],"wp:attachment":[{"href":"https:\/\/bibliotheque-sfpe-at.com\/index.php\/wp-json\/wp\/v2\/media?parent=1148"}],"wp:term":[{"taxonomy":"category","embeddable":true,"href":"https:\/\/bibliotheque-sfpe-at.com\/index.php\/wp-json\/wp\/v2\/categories?post=1148"},{"taxonomy":"post_tag","embeddable":true,"href":"https:\/\/bibliotheque-sfpe-at.com\/index.php\/wp-json\/wp\/v2\/tags?post=1148"}],"curies":[{"name":"wp","href":"https:\/\/api.w.org\/{rel}","templated":true}]}}