{"id":1152,"date":"2024-05-21T21:25:21","date_gmt":"2024-05-21T19:25:21","guid":{"rendered":"https:\/\/sfpe-at.com\/?p=1152"},"modified":"2025-03-24T11:07:14","modified_gmt":"2025-03-24T10:07:14","slug":"le-revenant-dithaque-a-konisberg","status":"publish","type":"post","link":"https:\/\/bibliotheque-sfpe-at.com\/index.php\/2024\/05\/21\/le-revenant-dithaque-a-konisberg\/","title":{"rendered":"Le revenant : d\u2019Ithaque \u00e0 K\u00f6nisberg"},"content":{"rendered":"\n<div class=\"wp-block-columns is-layout-flex wp-container-core-columns-is-layout-28f84493 wp-block-columns-is-layout-flex\">\n<div class=\"wp-block-column is-layout-flow wp-block-column-is-layout-flow\" style=\"flex-basis:66.66%\">\n<p>Qui a reconnu Ulysse de retour \u00e0 thaque, \u00e9trange roi se pr\u00e9sentant en mendiant ? Qui en effet peut le consid\u00e9rer vivant apr\u00e8s une si longue absence ? Avec le colonel Chabert, Honor\u00e9 de Balzac campe le personnage d\u2019un autre revenant, un mort vivant. Admis sans conteste au panth\u00e9on des h\u00e9ros, il s\u00e9journe d\u00e9sormais dans le royaume des morts. On aurait souhait\u00e9 qu\u2019il y rest\u00e2t. Il voulait reprendre sa place, cohabiter avec les vivants. Il aspirait \u00e0 ce que la vie reprenne ses droits. Deux si\u00e8cles plus tard, un autre revenant surgit. Jean-Paul Kaufmann a \u00e9t\u00e9 pris en otage par le Djihad islamique au Liban. Il lui a fallu trois ann\u00e9es pour recouvrer la libert\u00e9. En 2007, il reprend le chemin de Chabert. Deux d\u00e9cennies apr\u00e8s sa lib\u00e9ration, Kaufmann continue \u00e0 se projeter en Chabert. Il le retrouve en Prusse orientale \u00e0 Eylau, lieu d\u2019une \u00e9trange bataille, ind\u00e9cise jusqu\u2019\u00e0 la charge de la cavalerie de Murat-Chabert. Napol\u00e9on obtient une demivictoire, au prix d\u2019un d\u00e9sastre humain. Il a besoin de la peinture pour conjurer l\u2019effroi. La sc\u00e8ne se situe tout pr\u00e8s de la prestigieuse K\u00f6nigsberg.<\/p>\n\n\n\n<p class=\"has-text-color has-link-color wp-elements-0c5dd61414d2cb4c88e3596780dedeb0\" style=\"color:#2753a5\"><strong><em>Pour lire le texte complet <a href=\"\/index.php\/options-dinscription\/\"><mark style=\"background-color:rgba(0, 0, 0, 0)\" class=\"has-inline-color has-vivid-cyan-blue-color\">s&rsquo;inscrire<\/mark><\/a> ou <a href=\"\/index.php\/my-account\/edit-account\/\"><mark style=\"background-color:rgba(0, 0, 0, 0)\" class=\"has-inline-color has-vivid-cyan-blue-color\">se connecter<\/mark><\/a><\/em><\/strong><\/p>\n\n\n\n\n\n<div style=\"height:100px\" aria-hidden=\"true\" class=\"wp-block-spacer\"><\/div>\n\n\n\n<div class=\"wp-block-buttons is-content-justification-center is-layout-flex wp-container-core-buttons-is-layout-a89b3969 wp-block-buttons-is-layout-flex\">\n<div class=\"wp-block-button has-custom-font-size has-small-font-size\"><a class=\"wp-block-button__link has-vivid-red-background-color has-background wp-element-button\" href=\"\/index.php\/2024\/05\/20\/letranger\/\">&lt;&#8211; retour<\/a><\/div>\n<\/div>\n<\/div>\n\n\n\n<div class=\"wp-block-column is-layout-flow wp-block-column-is-layout-flow\" style=\"flex-basis:33.33%\">\n<figure class=\"wp-block-table\"><table class=\"has-background\" style=\"background-color:#f8f2f2\"><thead><tr><th><mark class=\"has-inline-color has-vivid-red-color\" style=\"background-color: rgba(0, 0, 0, 0);\"><strong>Auteur<\/strong><\/mark><\/th><\/tr><\/thead><tbody><tr><td><strong>Jean-Philippe Catonn\u00e9<\/strong><\/td><\/tr><\/tbody><\/table><\/figure>\n\n\n\n<figure class=\"wp-block-table\"><table><thead><tr><th><mark class=\"has-inline-color has-vivid-red-color\" style=\"background-color: rgba(0, 0, 0, 0);\"><strong>R\u00e9f\u00e9rence<\/strong><\/mark><\/th><\/tr><\/thead><tbody><tr><td><strong>RA009-25<\/strong><br><strong>L&rsquo;\u00c9tranger<\/strong><br>Journ\u00e9es d\u2019Automne 2016<\/td><\/tr><\/tbody><\/table><\/figure>\n\n\n\n<figure class=\"wp-block-table\"><table><thead><tr><th><mark class=\"has-inline-color has-vivid-red-color\" style=\"background-color: rgba(0, 0, 0, 0);\"><strong>Cat\u00e9gories<\/strong><\/mark><\/th><\/tr><\/thead><tbody><tr><td>Histoire<br>Litt\u00e9rature<br>Mythologie<\/td><\/tr><\/tbody><\/table><\/figure>\n<\/div>\n<\/div>\n","protected":false},"excerpt":{"rendered":"<p>Qui a reconnu Ulysse de retour \u00e0 thaque, \u00e9trange roi se pr\u00e9sentant en mendiant ? Qui en effet peut le consid\u00e9rer vivant apr\u00e8s une si longue absence ? Avec le colonel Chabert, Honor\u00e9 de Balzac campe le personnage d\u2019un autre revenant, un mort vivant. Admis sans conteste au panth\u00e9on des&hellip;<\/p>\n","protected":false},"author":2,"featured_media":0,"comment_status":"closed","ping_status":"open","sticky":false,"template":"","format":"standard","meta":{"pmpro_default_level":"","ngg_post_thumbnail":0,"footnotes":""},"categories":[58],"tags":[575,108,509,595,139],"class_list":["post-1152","post","type-post","status-publish","format-standard","hentry","category-catonne-jean-philippe","tag-histoire","tag-letranger","tag-litterature","tag-mythologie","tag-ra009-25","pmpro-has-access"],"_links":{"self":[{"href":"https:\/\/bibliotheque-sfpe-at.com\/index.php\/wp-json\/wp\/v2\/posts\/1152","targetHints":{"allow":["GET"]}}],"collection":[{"href":"https:\/\/bibliotheque-sfpe-at.com\/index.php\/wp-json\/wp\/v2\/posts"}],"about":[{"href":"https:\/\/bibliotheque-sfpe-at.com\/index.php\/wp-json\/wp\/v2\/types\/post"}],"author":[{"embeddable":true,"href":"https:\/\/bibliotheque-sfpe-at.com\/index.php\/wp-json\/wp\/v2\/users\/2"}],"replies":[{"embeddable":true,"href":"https:\/\/bibliotheque-sfpe-at.com\/index.php\/wp-json\/wp\/v2\/comments?post=1152"}],"version-history":[{"count":3,"href":"https:\/\/bibliotheque-sfpe-at.com\/index.php\/wp-json\/wp\/v2\/posts\/1152\/revisions"}],"predecessor-version":[{"id":4556,"href":"https:\/\/bibliotheque-sfpe-at.com\/index.php\/wp-json\/wp\/v2\/posts\/1152\/revisions\/4556"}],"wp:attachment":[{"href":"https:\/\/bibliotheque-sfpe-at.com\/index.php\/wp-json\/wp\/v2\/media?parent=1152"}],"wp:term":[{"taxonomy":"category","embeddable":true,"href":"https:\/\/bibliotheque-sfpe-at.com\/index.php\/wp-json\/wp\/v2\/categories?post=1152"},{"taxonomy":"post_tag","embeddable":true,"href":"https:\/\/bibliotheque-sfpe-at.com\/index.php\/wp-json\/wp\/v2\/tags?post=1152"}],"curies":[{"name":"wp","href":"https:\/\/api.w.org\/{rel}","templated":true}]}}