{"id":1154,"date":"2024-05-21T21:28:05","date_gmt":"2024-05-21T19:28:05","guid":{"rendered":"https:\/\/sfpe-at.com\/?p=1154"},"modified":"2025-03-24T11:08:02","modified_gmt":"2025-03-24T10:08:02","slug":"linquietante-etrangete-des-figures-qui-hantent-le-theatre-de-jon-fosse","status":"publish","type":"post","link":"https:\/\/bibliotheque-sfpe-at.com\/index.php\/2024\/05\/21\/linquietante-etrangete-des-figures-qui-hantent-le-theatre-de-jon-fosse\/","title":{"rendered":"L\u2019inqui\u00e9tante \u00e9tranget\u00e9 des \u00ab figures \u00bb qui hantent le th\u00e9\u00e2tre de Jon Fosse"},"content":{"rendered":"\n<div class=\"wp-block-columns is-layout-flex wp-container-core-columns-is-layout-28f84493 wp-block-columns-is-layout-flex\">\n<div class=\"wp-block-column is-layout-flow wp-block-column-is-layout-flow\" style=\"flex-basis:66.66%\">\n<p>En situant sa pi\u00e8ce Quelqu\u2019un va venir dans un lieu aussi d\u00e9peupl\u00e9 qu\u2019improbable, Jon Fosse installe la sc\u00e8ne th\u00e9\u00e2trale dans un espace o\u00f9 la fronti\u00e8re entre la vie et la mort s\u2019estompe. D\u2019une situation incertaine v\u00e9cue \u00e0 l\u2019\u00e2ge de sept ans o\u00f9 il manqua de perdre la vie, Jon Fosse a gard\u00e9 le \u00ab souvenir de la mort \u00bb et la certitude d\u2019avoir vu \u00ab quelque chose \u00bb. Cette pr\u00e9sence ind\u00e9niable, de \u00ab quelque chose \u00bb d\u2019irrepr\u00e9sentable fait de traces, de sensations et d\u2019\u00e9motions contrast\u00e9es, port\u00e9e par la \u00ab voix de l\u2019\u00e9criture \u00bb n\u2019est pas de l\u2019ordre de la repr\u00e9sentation mais de la pr\u00e9sence. Cette pr\u00e9sence se donne comme une \u00e9vidence perceptive dont l\u2019auteur cherche \u00e0 d\u00e9voiler la figure \u00e9vanescente. L\u2019inqui\u00e9tante \u00e9tranget\u00e9 de cette figure venue de nulle part appara\u00eet dans le th\u00e9\u00e2tre de Jon Fosse comme celle de la Mort elle-m\u00eame. Nous tenterons de montrer comment la \u00ab voix de l\u2019\u00e9criture\u00bb , cette voix silencieuse venue d\u2019une part plus profonde de l\u2019\u00eatre o\u00f9 la mort et la vie coexistent sans s\u2019opposer, ouvre le chemin au surgissement de figures spectrales incarn\u00e9es par le corps de l\u2019acteur.<\/p>\n\n\n\n<p class=\"has-text-color has-link-color wp-elements-0c5dd61414d2cb4c88e3596780dedeb0\" style=\"color:#2753a5\"><strong><em>Pour lire le texte complet <a href=\"\/index.php\/options-dinscription\/\"><mark style=\"background-color:rgba(0, 0, 0, 0)\" class=\"has-inline-color has-vivid-cyan-blue-color\">s&rsquo;inscrire<\/mark><\/a> ou <a href=\"\/index.php\/my-account\/edit-account\/\"><mark style=\"background-color:rgba(0, 0, 0, 0)\" class=\"has-inline-color has-vivid-cyan-blue-color\">se connecter<\/mark><\/a><\/em><\/strong><\/p>\n\n\n\n\n\n<div style=\"height:100px\" aria-hidden=\"true\" class=\"wp-block-spacer\"><\/div>\n\n\n\n<div class=\"wp-block-buttons is-content-justification-center is-layout-flex wp-container-core-buttons-is-layout-a89b3969 wp-block-buttons-is-layout-flex\">\n<div class=\"wp-block-button has-custom-font-size has-small-font-size\"><a class=\"wp-block-button__link has-vivid-red-background-color has-background wp-element-button\" href=\"\/index.php\/2024\/05\/20\/letranger\/\">&lt;&#8211; retour<\/a><\/div>\n<\/div>\n<\/div>\n\n\n\n<div class=\"wp-block-column is-layout-flow wp-block-column-is-layout-flow\" style=\"flex-basis:33.33%\">\n<figure class=\"wp-block-table\"><table class=\"has-background\" style=\"background-color:#f8f2f2\"><thead><tr><th><mark class=\"has-inline-color has-vivid-red-color\" style=\"background-color: rgba(0, 0, 0, 0);\"><strong>Auteur<\/strong><\/mark><\/th><\/tr><\/thead><tbody><tr><td><strong>Suzanne Ferri\u00e8res-Pestureau<\/strong><\/td><\/tr><\/tbody><\/table><\/figure>\n\n\n\n<figure class=\"wp-block-table\"><table><thead><tr><th><mark class=\"has-inline-color has-vivid-red-color\" style=\"background-color: rgba(0, 0, 0, 0);\"><strong>R\u00e9f\u00e9rence<\/strong><\/mark><\/th><\/tr><\/thead><tbody><tr><td><strong>RA009-26<\/strong><br><strong>L&rsquo;\u00c9tranger<\/strong><br>Journ\u00e9es d\u2019Automne 2016<\/td><\/tr><\/tbody><\/table><\/figure>\n\n\n\n<figure class=\"wp-block-table\"><table><thead><tr><th><mark class=\"has-inline-color has-vivid-red-color\" style=\"background-color: rgba(0, 0, 0, 0);\"><strong>Cat\u00e9gories<\/strong><\/mark><\/th><\/tr><\/thead><tbody><tr><td>Psychanalyse<br>Psychopathologie de l&rsquo;expression<br>Th\u00e9\u00e2tre<\/td><\/tr><\/tbody><\/table><\/figure>\n<\/div>\n<\/div>\n","protected":false},"excerpt":{"rendered":"<p>En situant sa pi\u00e8ce Quelqu\u2019un va venir dans un lieu aussi d\u00e9peupl\u00e9 qu\u2019improbable, Jon Fosse installe la sc\u00e8ne th\u00e9\u00e2trale dans un espace o\u00f9 la fronti\u00e8re entre la vie et la mort s\u2019estompe. D\u2019une situation incertaine v\u00e9cue \u00e0 l\u2019\u00e2ge de sept ans o\u00f9 il manqua de perdre la vie, Jon Fosse&hellip;<\/p>\n","protected":false},"author":2,"featured_media":0,"comment_status":"closed","ping_status":"open","sticky":false,"template":"","format":"standard","meta":{"pmpro_default_level":"","ngg_post_thumbnail":0,"footnotes":""},"categories":[141],"tags":[108,494,488,140,504],"class_list":["post-1154","post","type-post","status-publish","format-standard","hentry","category-ferrieres-pestureau-suzanne","tag-letranger","tag-psychanalyse","tag-psychopathologie-de-lexpression","tag-ra009-26","tag-theatre","pmpro-has-access"],"_links":{"self":[{"href":"https:\/\/bibliotheque-sfpe-at.com\/index.php\/wp-json\/wp\/v2\/posts\/1154","targetHints":{"allow":["GET"]}}],"collection":[{"href":"https:\/\/bibliotheque-sfpe-at.com\/index.php\/wp-json\/wp\/v2\/posts"}],"about":[{"href":"https:\/\/bibliotheque-sfpe-at.com\/index.php\/wp-json\/wp\/v2\/types\/post"}],"author":[{"embeddable":true,"href":"https:\/\/bibliotheque-sfpe-at.com\/index.php\/wp-json\/wp\/v2\/users\/2"}],"replies":[{"embeddable":true,"href":"https:\/\/bibliotheque-sfpe-at.com\/index.php\/wp-json\/wp\/v2\/comments?post=1154"}],"version-history":[{"count":4,"href":"https:\/\/bibliotheque-sfpe-at.com\/index.php\/wp-json\/wp\/v2\/posts\/1154\/revisions"}],"predecessor-version":[{"id":4557,"href":"https:\/\/bibliotheque-sfpe-at.com\/index.php\/wp-json\/wp\/v2\/posts\/1154\/revisions\/4557"}],"wp:attachment":[{"href":"https:\/\/bibliotheque-sfpe-at.com\/index.php\/wp-json\/wp\/v2\/media?parent=1154"}],"wp:term":[{"taxonomy":"category","embeddable":true,"href":"https:\/\/bibliotheque-sfpe-at.com\/index.php\/wp-json\/wp\/v2\/categories?post=1154"},{"taxonomy":"post_tag","embeddable":true,"href":"https:\/\/bibliotheque-sfpe-at.com\/index.php\/wp-json\/wp\/v2\/tags?post=1154"}],"curies":[{"name":"wp","href":"https:\/\/api.w.org\/{rel}","templated":true}]}}