{"id":1160,"date":"2024-05-21T21:41:35","date_gmt":"2024-05-21T19:41:35","guid":{"rendered":"https:\/\/sfpe-at.com\/?p=1160"},"modified":"2025-03-24T11:09:48","modified_gmt":"2025-03-24T10:09:48","slug":"la-bas-si-jy-suis","status":"publish","type":"post","link":"https:\/\/bibliotheque-sfpe-at.com\/index.php\/2024\/05\/21\/la-bas-si-jy-suis\/","title":{"rendered":"L\u00e0-bas, si j\u2019y suis\u2026"},"content":{"rendered":"\n<div class=\"wp-block-columns is-layout-flex wp-container-core-columns-is-layout-28f84493 wp-block-columns-is-layout-flex\">\n<div class=\"wp-block-column is-layout-flow wp-block-column-is-layout-flow\" style=\"flex-basis:66.66%\">\n<p>Marchant dans les pas de Marcel Camus, je viens de l\u2019autre France, de celle que l\u2019on ne nomme pas, o\u00f9 seulement en disant : l\u00e0-bas ! Je voudrais t\u00e9moigner de mani\u00e8re autobiographique de mon parcours d\u2019\u00e9tranger et de r\u00e9fugi\u00e9 dans mon propre pays. Expliciter comment la cr\u00e9ation (le processus de cr\u00e9ation) va me permettre et permettre aux laiss\u00e9s-pour-compte qui jalonnent les marges de la soci\u00e9t\u00e9 de pouvoir survivre pour r\u00e9aliser un travail de r\u00e9silience, une tentative de survie dans un milieu \u00e9trange autant qu\u2019\u00e9tranger. Cr\u00e9er ou mourir. Il n\u2019y a pas d\u2019alternative, que l\u2019on soit artiste ou psychotique ! L\u2019art-th\u00e9rapie, je le r\u00e9alise aujourd\u2019hui apr\u00e8s avoir quitt\u00e9 le monde hospitalier pour \u00ab une retraite bien m\u00e9rit\u00e9e selon la formule consacr\u00e9e \u00bb a \u00e9t\u00e9 le soutien, la suppl\u00e9ance, le sinthome qui m\u2019a permis de r\u00e9sister \u00e0 la dissolution et \u00e0 l\u2019an\u00e9antissement de mon \u00eatre ! Je ferai le point sur le glissement s\u00e9mantique qui empoisonne le petit monde de l\u2019art-th\u00e9rapie fran\u00e7aise en clarifiant ma position sur les concepts de cr\u00e9ation, d\u2019art, de cr\u00e9ativit\u00e9 et d\u2019esth\u00e9tique\u2026<\/p>\n\n\n\n<p class=\"has-text-color has-link-color wp-elements-0c5dd61414d2cb4c88e3596780dedeb0\" style=\"color:#2753a5\"><strong><em>Pour lire le texte complet <a href=\"\/index.php\/options-dinscription\/\"><mark style=\"background-color:rgba(0, 0, 0, 0)\" class=\"has-inline-color has-vivid-cyan-blue-color\">s&rsquo;inscrire<\/mark><\/a> ou <a href=\"\/index.php\/my-account\/edit-account\/\"><mark style=\"background-color:rgba(0, 0, 0, 0)\" class=\"has-inline-color has-vivid-cyan-blue-color\">se connecter<\/mark><\/a><\/em><\/strong><\/p>\n\n\n\n\n\n<div style=\"height:100px\" aria-hidden=\"true\" class=\"wp-block-spacer\"><\/div>\n\n\n\n<div class=\"wp-block-buttons is-content-justification-center is-layout-flex wp-container-core-buttons-is-layout-a89b3969 wp-block-buttons-is-layout-flex\">\n<div class=\"wp-block-button has-custom-font-size has-small-font-size\"><a class=\"wp-block-button__link has-vivid-red-background-color has-background wp-element-button\" href=\"\/index.php\/2024\/05\/20\/letranger\/\">&lt;&#8211; retour<\/a><\/div>\n<\/div>\n<\/div>\n\n\n\n<div class=\"wp-block-column is-layout-flow wp-block-column-is-layout-flow\" style=\"flex-basis:33.33%\">\n<figure class=\"wp-block-table\"><table class=\"has-background\" style=\"background-color:#f8f2f2\"><thead><tr><th><mark class=\"has-inline-color has-vivid-red-color\" style=\"background-color: rgba(0, 0, 0, 0);\"><strong>Auteur<\/strong><\/mark><\/th><\/tr><\/thead><tbody><tr><td><strong>Jean-Louis Aguilar<\/strong><\/td><\/tr><\/tbody><\/table><\/figure>\n\n\n\n<figure class=\"wp-block-table\"><table><thead><tr><th><mark class=\"has-inline-color has-vivid-red-color\" style=\"background-color: rgba(0, 0, 0, 0);\"><strong>R\u00e9f\u00e9rence<\/strong><\/mark><\/th><\/tr><\/thead><tbody><tr><td><strong>RA009-29<\/strong><br><strong>L&rsquo;\u00c9tranger<\/strong><br>Journ\u00e9es d\u2019Automne 2016<\/td><\/tr><\/tbody><\/table><\/figure>\n\n\n\n<figure class=\"wp-block-table\"><table><thead><tr><th><mark class=\"has-inline-color has-vivid-red-color\" style=\"background-color: rgba(0, 0, 0, 0);\"><strong>Cat\u00e9gories<\/strong><\/mark><\/th><\/tr><\/thead><tbody><tr><td>Art<br>Art-th\u00e9rapie<br>Histoire<br>Psychanalyse<\/td><\/tr><\/tbody><\/table><\/figure>\n<\/div>\n<\/div>\n","protected":false},"excerpt":{"rendered":"<p>Marchant dans les pas de Marcel Camus, je viens de l\u2019autre France, de celle que l\u2019on ne nomme pas, o\u00f9 seulement en disant : l\u00e0-bas ! Je voudrais t\u00e9moigner de mani\u00e8re autobiographique de mon parcours d\u2019\u00e9tranger et de r\u00e9fugi\u00e9 dans mon propre pays. Expliciter comment la cr\u00e9ation (le processus de&hellip;<\/p>\n","protected":false},"author":2,"featured_media":0,"comment_status":"closed","ping_status":"open","sticky":false,"template":"","format":"standard","meta":{"pmpro_default_level":"","ngg_post_thumbnail":0,"footnotes":""},"categories":[151],"tags":[483,492,575,108,494,146],"class_list":["post-1160","post","type-post","status-publish","format-standard","hentry","category-aguilar-jean-louis","tag-art","tag-art-therapie","tag-histoire","tag-letranger","tag-psychanalyse","tag-ra009-29","pmpro-has-access"],"_links":{"self":[{"href":"https:\/\/bibliotheque-sfpe-at.com\/index.php\/wp-json\/wp\/v2\/posts\/1160","targetHints":{"allow":["GET"]}}],"collection":[{"href":"https:\/\/bibliotheque-sfpe-at.com\/index.php\/wp-json\/wp\/v2\/posts"}],"about":[{"href":"https:\/\/bibliotheque-sfpe-at.com\/index.php\/wp-json\/wp\/v2\/types\/post"}],"author":[{"embeddable":true,"href":"https:\/\/bibliotheque-sfpe-at.com\/index.php\/wp-json\/wp\/v2\/users\/2"}],"replies":[{"embeddable":true,"href":"https:\/\/bibliotheque-sfpe-at.com\/index.php\/wp-json\/wp\/v2\/comments?post=1160"}],"version-history":[{"count":3,"href":"https:\/\/bibliotheque-sfpe-at.com\/index.php\/wp-json\/wp\/v2\/posts\/1160\/revisions"}],"predecessor-version":[{"id":4560,"href":"https:\/\/bibliotheque-sfpe-at.com\/index.php\/wp-json\/wp\/v2\/posts\/1160\/revisions\/4560"}],"wp:attachment":[{"href":"https:\/\/bibliotheque-sfpe-at.com\/index.php\/wp-json\/wp\/v2\/media?parent=1160"}],"wp:term":[{"taxonomy":"category","embeddable":true,"href":"https:\/\/bibliotheque-sfpe-at.com\/index.php\/wp-json\/wp\/v2\/categories?post=1160"},{"taxonomy":"post_tag","embeddable":true,"href":"https:\/\/bibliotheque-sfpe-at.com\/index.php\/wp-json\/wp\/v2\/tags?post=1160"}],"curies":[{"name":"wp","href":"https:\/\/api.w.org\/{rel}","templated":true}]}}