{"id":1162,"date":"2024-05-21T21:44:15","date_gmt":"2024-05-21T19:44:15","guid":{"rendered":"https:\/\/sfpe-at.com\/?p=1162"},"modified":"2025-03-24T11:10:37","modified_gmt":"2025-03-24T10:10:37","slug":"etranger-a-soi-etranger-a-lautre-que-peut-lart-therapie","status":"publish","type":"post","link":"https:\/\/bibliotheque-sfpe-at.com\/index.php\/2024\/05\/21\/etranger-a-soi-etranger-a-lautre-que-peut-lart-therapie\/","title":{"rendered":"\u00c9tranger \u00e0 soi, \u00e9tranger \u00e0 l\u2019autre : que peut l\u2019art-th\u00e9rapie ?"},"content":{"rendered":"\n<div class=\"wp-block-columns is-layout-flex wp-container-core-columns-is-layout-28f84493 wp-block-columns-is-layout-flex\">\n<div class=\"wp-block-column is-layout-flow wp-block-column-is-layout-flow\" style=\"flex-basis:66.66%\">\n<p>Comment nos diff\u00e9rentes identit\u00e9s\/personnalit\u00e9s pourraient-elles coexister plus ou moins harmonieusement ? Comment, dans le temps d\u2019une vie, pourrait-on relier tout ce qui est en nous \u2014 de fa\u00e7on \u00e0 satisfaire \u00e0 des besoins et des d\u00e9sirs souvent contradictoires, voire incompatibles ? C\u2019est un long processus qui comporte des \u00e9trange(r)-t\u00e9s pouvant par moments nous rendre \u00e9trangers \u00e0 nous-m\u00eames ainsi qu\u2019\u00e0 l\u2019autre : l\u2019autre en nous, l\u2019autre \u00e0 cot\u00e9 de nous, l\u2019autre qui vient vers nous, bienveillant ou agressif, l\u2019autre indiff\u00e9rent aussi, dont le regard ne s\u2019arr\u00eate pas sur nous, le pire peut-\u00eatre car il ne nous fait pas exister. Pour l\u2019art-th\u00e9rapie, ces r\u00e9flexions sont tr\u00e8s importantes. L\u2019alt\u00e9rit\u00e9 suppose- t-elle un autre diff\u00e9rent \u2014 et \u00e9tranger ? L\u2019art-th\u00e9rapeute doit r\u00e9fl\u00e9chir \u00e0 partir du contexte de ses propres identit\u00e9s plurielles. Il doit aussi poser un vrai regard sur la personne en face de lui, elle-m\u00eame porteuse d\u2019identit\u00e9s plurielles. De cette fa\u00e7on, une partie de lui-m\u00eame peut accepter l\u2019autre, tout en lui accordant sa diff\u00e9rence, tout en permettant le maintien du \u00ab soi-m\u00eame \u00bb. Tout cela prend forme en art-th\u00e9rapie par la cr\u00e9ation, objet trouv\u00e9-cr\u00e9\u00e9 situ\u00e9 dans notre univers \u00e0 cinq dimensions : les trois dimensions de l\u2019espace, celle du temps et enfin la dimension symbolique. L\u2019ensemble est toujours plus que la simple somme de ses composantes. Approche psychocorporelle, holistique, int\u00e9grative et syst\u00e9mique, l\u2019art-th\u00e9rapie est un outil d\u2019harmonisation des contraires, un univers o\u00f9 la diff\u00e9rence peut subsister sans provoquer de conflit. Cette communication sera illustr\u00e9e par quelques exemples tir\u00e9s d\u2019ateliers d\u2019art-th\u00e9rapie en milieu social ou m\u00e9dico-social.<\/p>\n\n\n\n<p class=\"has-text-color has-link-color wp-elements-0c5dd61414d2cb4c88e3596780dedeb0\" style=\"color:#2753a5\"><strong><em>Pour lire le texte complet <a href=\"\/index.php\/options-dinscription\/\"><mark style=\"background-color:rgba(0, 0, 0, 0)\" class=\"has-inline-color has-vivid-cyan-blue-color\">s&rsquo;inscrire<\/mark><\/a> ou <a href=\"\/index.php\/my-account\/edit-account\/\"><mark style=\"background-color:rgba(0, 0, 0, 0)\" class=\"has-inline-color has-vivid-cyan-blue-color\">se connecter<\/mark><\/a><\/em><\/strong><\/p>\n\n\n\n\n\n<div style=\"height:100px\" aria-hidden=\"true\" class=\"wp-block-spacer\"><\/div>\n\n\n\n<div class=\"wp-block-buttons is-content-justification-center is-layout-flex wp-container-core-buttons-is-layout-a89b3969 wp-block-buttons-is-layout-flex\">\n<div class=\"wp-block-button has-custom-font-size has-small-font-size\"><a class=\"wp-block-button__link has-vivid-red-background-color has-background wp-element-button\" href=\"\/index.php\/2024\/05\/20\/letranger\/\">&lt;&#8211; retour<\/a><\/div>\n<\/div>\n<\/div>\n\n\n\n<div class=\"wp-block-column is-layout-flow wp-block-column-is-layout-flow\" style=\"flex-basis:33.33%\">\n<figure class=\"wp-block-table\"><table class=\"has-background\" style=\"background-color:#f8f2f2\"><thead><tr><th><mark class=\"has-inline-color has-vivid-red-color\" style=\"background-color: rgba(0, 0, 0, 0);\"><strong>Auteur<\/strong><\/mark><\/th><\/tr><\/thead><tbody><tr><td><strong>Irina Katz-Mazilu<\/strong><\/td><\/tr><\/tbody><\/table><\/figure>\n\n\n\n<figure class=\"wp-block-table\"><table><thead><tr><th><mark class=\"has-inline-color has-vivid-red-color\" style=\"background-color: rgba(0, 0, 0, 0);\"><strong>R\u00e9f\u00e9rence<\/strong><\/mark><\/th><\/tr><\/thead><tbody><tr><td><strong>RA009-30<\/strong><br><strong>L&rsquo;\u00c9tranger<\/strong><br>Journ\u00e9es d\u2019Automne 2016<\/td><\/tr><\/tbody><\/table><\/figure>\n\n\n\n<figure class=\"wp-block-table\"><table><thead><tr><th><mark class=\"has-inline-color has-vivid-red-color\" style=\"background-color: rgba(0, 0, 0, 0);\"><strong>Cat\u00e9gories<\/strong><\/mark><\/th><\/tr><\/thead><tbody><tr><td>Art-th\u00e9rapie<br>Dessin<br>Mythologie<br>Peinture<\/td><\/tr><\/tbody><\/table><\/figure>\n<\/div>\n<\/div>\n","protected":false},"excerpt":{"rendered":"<p>Comment nos diff\u00e9rentes identit\u00e9s\/personnalit\u00e9s pourraient-elles coexister plus ou moins harmonieusement ? Comment, dans le temps d\u2019une vie, pourrait-on relier tout ce qui est en nous \u2014 de fa\u00e7on \u00e0 satisfaire \u00e0 des besoins et des d\u00e9sirs souvent contradictoires, voire incompatibles ? C\u2019est un long processus qui comporte des \u00e9trange(r)-t\u00e9s pouvant&hellip;<\/p>\n","protected":false},"author":2,"featured_media":0,"comment_status":"closed","ping_status":"open","sticky":false,"template":"","format":"standard","meta":{"pmpro_default_level":"","ngg_post_thumbnail":0,"footnotes":""},"categories":[32],"tags":[492,508,108,595,484,148],"class_list":["post-1162","post","type-post","status-publish","format-standard","hentry","category-irina-katz-mazilu","tag-art-therapie","tag-dessin","tag-letranger","tag-mythologie","tag-peinture","tag-ra009-30","pmpro-has-access"],"_links":{"self":[{"href":"https:\/\/bibliotheque-sfpe-at.com\/index.php\/wp-json\/wp\/v2\/posts\/1162","targetHints":{"allow":["GET"]}}],"collection":[{"href":"https:\/\/bibliotheque-sfpe-at.com\/index.php\/wp-json\/wp\/v2\/posts"}],"about":[{"href":"https:\/\/bibliotheque-sfpe-at.com\/index.php\/wp-json\/wp\/v2\/types\/post"}],"author":[{"embeddable":true,"href":"https:\/\/bibliotheque-sfpe-at.com\/index.php\/wp-json\/wp\/v2\/users\/2"}],"replies":[{"embeddable":true,"href":"https:\/\/bibliotheque-sfpe-at.com\/index.php\/wp-json\/wp\/v2\/comments?post=1162"}],"version-history":[{"count":3,"href":"https:\/\/bibliotheque-sfpe-at.com\/index.php\/wp-json\/wp\/v2\/posts\/1162\/revisions"}],"predecessor-version":[{"id":4561,"href":"https:\/\/bibliotheque-sfpe-at.com\/index.php\/wp-json\/wp\/v2\/posts\/1162\/revisions\/4561"}],"wp:attachment":[{"href":"https:\/\/bibliotheque-sfpe-at.com\/index.php\/wp-json\/wp\/v2\/media?parent=1162"}],"wp:term":[{"taxonomy":"category","embeddable":true,"href":"https:\/\/bibliotheque-sfpe-at.com\/index.php\/wp-json\/wp\/v2\/categories?post=1162"},{"taxonomy":"post_tag","embeddable":true,"href":"https:\/\/bibliotheque-sfpe-at.com\/index.php\/wp-json\/wp\/v2\/tags?post=1162"}],"curies":[{"name":"wp","href":"https:\/\/api.w.org\/{rel}","templated":true}]}}