{"id":1164,"date":"2024-05-21T21:46:37","date_gmt":"2024-05-21T19:46:37","guid":{"rendered":"https:\/\/sfpe-at.com\/?p=1164"},"modified":"2025-03-24T11:11:17","modified_gmt":"2025-03-24T10:11:17","slug":"temoigner-de-lexperience-detre-etranger-une-experience-groupale-dun-atelier-ecriture-peinture-dans-un-contexte-dimmigration-forcee","status":"publish","type":"post","link":"https:\/\/bibliotheque-sfpe-at.com\/index.php\/2024\/05\/21\/temoigner-de-lexperience-detre-etranger-une-experience-groupale-dun-atelier-ecriture-peinture-dans-un-contexte-dimmigration-forcee\/","title":{"rendered":"T\u00e9moigner de l\u2019exp\u00e9rience d\u2019\u00eatre \u00e9tranger. Une exp\u00e9rience groupale d\u2019un atelier \u00e9criture-peinture dans un contexte d\u2019immigration forc\u00e9e"},"content":{"rendered":"\n<div class=\"wp-block-columns is-layout-flex wp-container-core-columns-is-layout-28f84493 wp-block-columns-is-layout-flex\">\n<div class=\"wp-block-column is-layout-flow wp-block-column-is-layout-flow\" style=\"flex-basis:66.66%\">\n<p>L\u2019 \u00c9tranger en situation d\u2019exil ou d\u2019immigration forc\u00e9e se confronte \u00e0 la perte, \u00e0 la rupture ainsi qu\u2019\u00e0 l\u2019angoisse de l\u2019inconnu. Telle la double figure de Janus, il est \u00e0 la fois tourn\u00e9 vers la nostalgie du pass\u00e9 et vers la crainte de l\u2019avenir, le pr\u00e9sent \u00e9tant fait de cette d\u00e9chirure plus ou moins surmontable. L\u2019exil et le d\u00e9racinement op\u00e8rent une disjonction existentielle profonde entre d\u00e9saffiliation impos\u00e9e et adh\u00e9sion \u00e0 des liens in\u00e9dits \u00e0 la soci\u00e9t\u00e9 d\u2019accueil. Par souci d\u2019adaptation, par d\u00e9sir d\u2019int\u00e9gration, l\u2019\u00c9tranger, tait sa souffrance traumatique li\u00e9e \u00e0 la perte de ses r\u00e9f\u00e9rences originelles constitutives de ses assises identitaires. Pouvoir dire quelque chose de cette exp\u00e9rience de rupture est une t\u00e2che difficile, d\u2019autant que l\u2019appropriation de la langue \u00e9trang\u00e8re est un processus long auquel s\u2019ajoute la dimension souvent insoup\u00e7onn\u00e9e du traumatisme qui confronte l\u2019\u00c9tranger exil\u00e9 \u00e0 un irrepr\u00e9sentable. Occasionnellement, alors m\u00eame que l\u2019ancrage dans la soci\u00e9t\u00e9 d\u2019accueil semble ferme, ces exp\u00e9riences traumatiques vont trouver une voie d\u2019expression. \u00c0 partir d\u2019une pr\u00e9sentation d\u2019un dispositif groupal d\u2019ateliers peinture- \u00e9criture pour personnes d\u2019origines \u00e9trang\u00e8res immigr\u00e9es en situation d\u2019apprentissage de la langue fran\u00e7aise, je relaterai comment le groupe, entre processus cathartiques et affiliation r\u00e9paratrice, permet la cr\u00e9ation d\u2019une \u00e9criture pour dire et d\u2019une image pour montrer ce qui a constitu\u00e9 jusqu\u2019\u00e0 lors alors un v\u00e9cu d\u2019\u00e9tranget\u00e9 d\u2019\u00eatre \u00e9tranger.<\/p>\n\n\n\n<p class=\"has-text-color has-link-color wp-elements-0c5dd61414d2cb4c88e3596780dedeb0\" style=\"color:#2753a5\"><strong><em>Pour lire le texte complet <a href=\"\/index.php\/options-dinscription\/\"><mark style=\"background-color:rgba(0, 0, 0, 0)\" class=\"has-inline-color has-vivid-cyan-blue-color\">s&rsquo;inscrire<\/mark><\/a> ou <a href=\"\/index.php\/my-account\/edit-account\/\"><mark style=\"background-color:rgba(0, 0, 0, 0)\" class=\"has-inline-color has-vivid-cyan-blue-color\">se connecter<\/mark><\/a><\/em><\/strong><\/p>\n\n\n\n\n\n<div style=\"height:100px\" aria-hidden=\"true\" class=\"wp-block-spacer\"><\/div>\n\n\n\n<div class=\"wp-block-buttons is-content-justification-center is-layout-flex wp-container-core-buttons-is-layout-a89b3969 wp-block-buttons-is-layout-flex\">\n<div class=\"wp-block-button has-custom-font-size has-small-font-size\"><a class=\"wp-block-button__link has-vivid-red-background-color has-background wp-element-button\" href=\"\/index.php\/2024\/05\/20\/letranger\/\">&lt;&#8211; retour<\/a><\/div>\n<\/div>\n<\/div>\n\n\n\n<div class=\"wp-block-column is-layout-flow wp-block-column-is-layout-flow\" style=\"flex-basis:33.33%\">\n<figure class=\"wp-block-table\"><table class=\"has-background\" style=\"background-color:#f8f2f2\"><thead><tr><th><mark class=\"has-inline-color has-vivid-red-color\" style=\"background-color: rgba(0, 0, 0, 0);\"><strong>Auteur<\/strong><\/mark><\/th><\/tr><\/thead><tbody><tr><td><strong>Dominique Sens<\/strong><\/td><\/tr><\/tbody><\/table><\/figure>\n\n\n\n<figure class=\"wp-block-table\"><table><thead><tr><th><mark class=\"has-inline-color has-vivid-red-color\" style=\"background-color: rgba(0, 0, 0, 0);\"><strong>R\u00e9f\u00e9rence<\/strong><\/mark><\/th><\/tr><\/thead><tbody><tr><td><strong>RA009-31<\/strong><br><strong>L&rsquo;\u00c9tranger<\/strong><br>Journ\u00e9es d\u2019Automne 2016<\/td><\/tr><\/tbody><\/table><\/figure>\n\n\n\n<figure class=\"wp-block-table\"><table><thead><tr><th><mark class=\"has-inline-color has-vivid-red-color\" style=\"background-color: rgba(0, 0, 0, 0);\"><strong>Cat\u00e9gories<\/strong><\/mark><\/th><\/tr><\/thead><tbody><tr><td>Ecriture<br>Peinture<br>Sociologie<\/td><\/tr><\/tbody><\/table><\/figure>\n<\/div>\n<\/div>\n","protected":false},"excerpt":{"rendered":"<p>L\u2019 \u00c9tranger en situation d\u2019exil ou d\u2019immigration forc\u00e9e se confronte \u00e0 la perte, \u00e0 la rupture ainsi qu\u2019\u00e0 l\u2019angoisse de l\u2019inconnu. Telle la double figure de Janus, il est \u00e0 la fois tourn\u00e9 vers la nostalgie du pass\u00e9 et vers la crainte de l\u2019avenir, le pr\u00e9sent \u00e9tant fait de cette&hellip;<\/p>\n","protected":false},"author":2,"featured_media":0,"comment_status":"closed","ping_status":"open","sticky":false,"template":"","format":"standard","meta":{"pmpro_default_level":"","ngg_post_thumbnail":0,"footnotes":""},"categories":[102],"tags":[497,108,484,149,558],"class_list":["post-1164","post","type-post","status-publish","format-standard","hentry","category-sens-dominique","tag-ecriture","tag-letranger","tag-peinture","tag-ra009-31","tag-sociologie","pmpro-has-access"],"_links":{"self":[{"href":"https:\/\/bibliotheque-sfpe-at.com\/index.php\/wp-json\/wp\/v2\/posts\/1164","targetHints":{"allow":["GET"]}}],"collection":[{"href":"https:\/\/bibliotheque-sfpe-at.com\/index.php\/wp-json\/wp\/v2\/posts"}],"about":[{"href":"https:\/\/bibliotheque-sfpe-at.com\/index.php\/wp-json\/wp\/v2\/types\/post"}],"author":[{"embeddable":true,"href":"https:\/\/bibliotheque-sfpe-at.com\/index.php\/wp-json\/wp\/v2\/users\/2"}],"replies":[{"embeddable":true,"href":"https:\/\/bibliotheque-sfpe-at.com\/index.php\/wp-json\/wp\/v2\/comments?post=1164"}],"version-history":[{"count":3,"href":"https:\/\/bibliotheque-sfpe-at.com\/index.php\/wp-json\/wp\/v2\/posts\/1164\/revisions"}],"predecessor-version":[{"id":4562,"href":"https:\/\/bibliotheque-sfpe-at.com\/index.php\/wp-json\/wp\/v2\/posts\/1164\/revisions\/4562"}],"wp:attachment":[{"href":"https:\/\/bibliotheque-sfpe-at.com\/index.php\/wp-json\/wp\/v2\/media?parent=1164"}],"wp:term":[{"taxonomy":"category","embeddable":true,"href":"https:\/\/bibliotheque-sfpe-at.com\/index.php\/wp-json\/wp\/v2\/categories?post=1164"},{"taxonomy":"post_tag","embeddable":true,"href":"https:\/\/bibliotheque-sfpe-at.com\/index.php\/wp-json\/wp\/v2\/tags?post=1164"}],"curies":[{"name":"wp","href":"https:\/\/api.w.org\/{rel}","templated":true}]}}