{"id":1166,"date":"2024-05-21T21:48:59","date_gmt":"2024-05-21T19:48:59","guid":{"rendered":"https:\/\/sfpe-at.com\/?p=1166"},"modified":"2025-03-24T11:11:46","modified_gmt":"2025-03-24T10:11:46","slug":"dessine-moi-letranger-une-experience-plastique-autour-dun-signifiant","status":"publish","type":"post","link":"https:\/\/bibliotheque-sfpe-at.com\/index.php\/2024\/05\/21\/dessine-moi-letranger-une-experience-plastique-autour-dun-signifiant\/","title":{"rendered":"\u00ab Dessine \u2013 moi l\u2019\u00e9tranger \u00bb. Une exp\u00e9rience plastique autour d\u2019un signifiant"},"content":{"rendered":"\n<div class=\"wp-block-columns is-layout-flex wp-container-core-columns-is-layout-28f84493 wp-block-columns-is-layout-flex\">\n<div class=\"wp-block-column is-layout-flow wp-block-column-is-layout-flow\" style=\"flex-basis:66.66%\">\n<p>L\u2019exp\u00e9rience est la suivante : il s\u2019agit de mettre en r\u00e9sonance le signifiant et sa figuration possible. C\u2019est le mot \u00ab \u00e9tranger \u00bb qui sera le point de d\u00e9part d\u2019une id\u00e9e imag\u00e9e qui prendra forme sur papier, par un geste graphique et spontan\u00e9, une proposition plastique subjective. \u00c0 quoi nous renvoie ce terme, \u00e0 quels v\u00e9cus personnels, \u00e0 quelles impressions, sensations\u2026 \u00e0 quels souvenirs ? De quoi est-il \u00e9vocateur ? Comment le dessinons-nous avant m\u00eame de le d\u00e9finir ? Quelle en est la couleur, la forme, la mati\u00e8re\u2026 la repr\u00e9sentation ? Beaucoup utiliseront la figuration, d\u2019autres s\u2019adonneront \u00e0 l\u2019abstraction. L\u2019occasion de d\u00e9brider un imaginaire, d\u2019oser interpr\u00e9ter le mot par l\u2019image. \u00c0 travers le dessin se r\u00e9v\u00e8le quelque chose d\u2019une sensibilit\u00e9 propre \u00e0 l\u2019auteur \u00e9troitement li\u00e9 \u00e0 son monde conceptuel et esth\u00e9tique, qu\u2019il soit plasticien, patient ou soignant. S\u2019en suit un bref commentaire par l\u2019auteur (t\u00e9moignage audio), question d\u2019en revenir aux mots pour \u00e9clairer quelque peu l\u2019image produite. Le tout est pr\u00e9sent\u00e9 sous la forme d\u2019un diaporama agr\u00e9ment\u00e9 d\u2019une bande son. Ce dispositif n\u2019est pas sans nous rappeler celui des ateliers exp\u00e9rientiels d\u2019art-th\u00e9rapie dans lesquels s\u2019inscrivent la demande de production et l\u2019offre cr\u00e9ative en retour, ainsi que le sens qui peut se d\u00e9gager de ce qui sera dit et entendu \u00e0 propos de l\u2019oeuvre produite. Les oeuvres originales sont expos\u00e9es parall\u00e8lement, c\u00f4te \u00e0 c\u00f4te, de mani\u00e8re \u00e0 former un ensemble interactif. Quant au destinataire \u2014 le spectateur \u2014, on postule , par l\u00e0 m\u00eame, qu\u2019il pourra b\u00e9n\u00e9ficier d\u2019un savoir singulier sur la question de \u00ab l\u2019\u00e9tranger \u00bb, autrement et par la cr\u00e9ation de l\u2019autre.&nbsp;<\/p>\n\n\n\n<p class=\"has-text-color has-link-color wp-elements-0c5dd61414d2cb4c88e3596780dedeb0\" style=\"color:#2753a5\"><strong><em>Pour lire le texte complet <a href=\"\/index.php\/options-dinscription\/\"><mark style=\"background-color:rgba(0, 0, 0, 0)\" class=\"has-inline-color has-vivid-cyan-blue-color\">s&rsquo;inscrire<\/mark><\/a> ou <a href=\"\/index.php\/my-account\/edit-account\/\"><mark style=\"background-color:rgba(0, 0, 0, 0)\" class=\"has-inline-color has-vivid-cyan-blue-color\">se connecter<\/mark><\/a><\/em><\/strong><\/p>\n\n\n\n\n\n<div style=\"height:100px\" aria-hidden=\"true\" class=\"wp-block-spacer\"><\/div>\n\n\n\n<div class=\"wp-block-buttons is-content-justification-center is-layout-flex wp-container-core-buttons-is-layout-a89b3969 wp-block-buttons-is-layout-flex\">\n<div class=\"wp-block-button has-custom-font-size has-small-font-size\"><a class=\"wp-block-button__link has-vivid-red-background-color has-background wp-element-button\" href=\"\/index.php\/2024\/05\/20\/letranger\/\">&lt;&#8211; retour<\/a><\/div>\n<\/div>\n<\/div>\n\n\n\n<div class=\"wp-block-column is-layout-flow wp-block-column-is-layout-flow\" style=\"flex-basis:33.33%\">\n<figure class=\"wp-block-table\"><table class=\"has-background\" style=\"background-color:#f8f2f2\"><thead><tr><th><mark class=\"has-inline-color has-vivid-red-color\" style=\"background-color: rgba(0, 0, 0, 0);\"><strong>Auteur<\/strong><\/mark><\/th><\/tr><\/thead><tbody><tr><td><strong>Tanja Verlinden<\/strong><\/td><\/tr><\/tbody><\/table><\/figure>\n\n\n\n<figure class=\"wp-block-table\"><table><thead><tr><th><mark class=\"has-inline-color has-vivid-red-color\" style=\"background-color: rgba(0, 0, 0, 0);\"><strong>R\u00e9f\u00e9rence<\/strong><\/mark><\/th><\/tr><\/thead><tbody><tr><td><strong>RA009-32<\/strong><br><strong>L&rsquo;\u00c9tranger<\/strong><br>Journ\u00e9es d\u2019Automne 2016<\/td><\/tr><\/tbody><\/table><\/figure>\n\n\n\n<figure class=\"wp-block-table\"><table><thead><tr><th><mark class=\"has-inline-color has-vivid-red-color\" style=\"background-color: rgba(0, 0, 0, 0);\"><strong>Cat\u00e9gories<\/strong><\/mark><\/th><\/tr><\/thead><tbody><tr><td>Dessin<br>Cas clinique<br>Peinture<\/td><\/tr><\/tbody><\/table><\/figure>\n<\/div>\n<\/div>\n","protected":false},"excerpt":{"rendered":"<p>L\u2019exp\u00e9rience est la suivante : il s\u2019agit de mettre en r\u00e9sonance le signifiant et sa figuration possible. C\u2019est le mot \u00ab \u00e9tranger \u00bb qui sera le point de d\u00e9part d\u2019une id\u00e9e imag\u00e9e qui prendra forme sur papier, par un geste graphique et spontan\u00e9, une proposition plastique subjective. \u00c0 quoi nous&hellip;<\/p>\n","protected":false},"author":2,"featured_media":0,"comment_status":"closed","ping_status":"open","sticky":false,"template":"","format":"standard","meta":{"pmpro_default_level":"","ngg_post_thumbnail":0,"footnotes":""},"categories":[100],"tags":[508,493,108,484,150],"class_list":["post-1166","post","type-post","status-publish","format-standard","hentry","category-verlinden-tanja","tag-dessin","tag-cas-clinique","tag-letranger","tag-peinture","tag-ra009-32","pmpro-has-access"],"_links":{"self":[{"href":"https:\/\/bibliotheque-sfpe-at.com\/index.php\/wp-json\/wp\/v2\/posts\/1166","targetHints":{"allow":["GET"]}}],"collection":[{"href":"https:\/\/bibliotheque-sfpe-at.com\/index.php\/wp-json\/wp\/v2\/posts"}],"about":[{"href":"https:\/\/bibliotheque-sfpe-at.com\/index.php\/wp-json\/wp\/v2\/types\/post"}],"author":[{"embeddable":true,"href":"https:\/\/bibliotheque-sfpe-at.com\/index.php\/wp-json\/wp\/v2\/users\/2"}],"replies":[{"embeddable":true,"href":"https:\/\/bibliotheque-sfpe-at.com\/index.php\/wp-json\/wp\/v2\/comments?post=1166"}],"version-history":[{"count":4,"href":"https:\/\/bibliotheque-sfpe-at.com\/index.php\/wp-json\/wp\/v2\/posts\/1166\/revisions"}],"predecessor-version":[{"id":4563,"href":"https:\/\/bibliotheque-sfpe-at.com\/index.php\/wp-json\/wp\/v2\/posts\/1166\/revisions\/4563"}],"wp:attachment":[{"href":"https:\/\/bibliotheque-sfpe-at.com\/index.php\/wp-json\/wp\/v2\/media?parent=1166"}],"wp:term":[{"taxonomy":"category","embeddable":true,"href":"https:\/\/bibliotheque-sfpe-at.com\/index.php\/wp-json\/wp\/v2\/categories?post=1166"},{"taxonomy":"post_tag","embeddable":true,"href":"https:\/\/bibliotheque-sfpe-at.com\/index.php\/wp-json\/wp\/v2\/tags?post=1166"}],"curies":[{"name":"wp","href":"https:\/\/api.w.org\/{rel}","templated":true}]}}