{"id":1170,"date":"2017-12-22T15:44:20","date_gmt":"2017-12-22T14:44:20","guid":{"rendered":"https:\/\/sfpe-at.com\/?p=1170"},"modified":"2024-05-31T17:53:07","modified_gmt":"2024-05-31T15:53:07","slug":"lintime","status":"publish","type":"post","link":"https:\/\/bibliotheque-sfpe-at.com\/index.php\/2017\/12\/22\/lintime\/","title":{"rendered":"L&rsquo;Intime"},"content":{"rendered":"<div class=\"wp-block-image\">\n<figure class=\"alignright size-large is-resized\"><a href=\"https:\/\/bibliotheque-sfpe-at.com\/wp-content\/uploads\/2024\/05\/RA010-LIntime.jpg\"><img loading=\"lazy\" decoding=\"async\" width=\"724\" height=\"1024\" src=\"https:\/\/bibliotheque-sfpe-at.com\/wp-content\/uploads\/2024\/05\/RA010-LIntime-724x1024.jpg\" alt=\"\" class=\"wp-image-1171\" style=\"width:350px\" srcset=\"https:\/\/bibliotheque-sfpe-at.com\/wp-content\/uploads\/2024\/05\/RA010-LIntime-724x1024.jpg 724w, https:\/\/bibliotheque-sfpe-at.com\/wp-content\/uploads\/2024\/05\/RA010-LIntime-600x848.jpg 600w, https:\/\/bibliotheque-sfpe-at.com\/wp-content\/uploads\/2024\/05\/RA010-LIntime-212x300.jpg 212w, https:\/\/bibliotheque-sfpe-at.com\/wp-content\/uploads\/2024\/05\/RA010-LIntime-768x1086.jpg 768w, https:\/\/bibliotheque-sfpe-at.com\/wp-content\/uploads\/2024\/05\/RA010-LIntime-241x340.jpg 241w, https:\/\/bibliotheque-sfpe-at.com\/wp-content\/uploads\/2024\/05\/RA010-LIntime-425x600.jpg 425w, https:\/\/bibliotheque-sfpe-at.com\/wp-content\/uploads\/2024\/05\/RA010-LIntime.jpg 849w\" sizes=\"auto, (max-width: 724px) 100vw, 724px\" \/><\/a><\/figure>\n<\/div>\n\n\n<p><\/p>\n\n\n\n<p>Lors de nos derni\u00e8res Journ\u00e9es d\u2019automne, nous abordions, avec l\u2019\u00e9tranger, la question des fronti\u00e8res. Et par l\u00e0-m\u00eame celle de \u00ab&nbsp;l\u2019intime&nbsp;\u00bb qui, \u00e0 l\u2019instar d\u2019un diptyque, sera travaill\u00e9e cette ann\u00e9e dans une approche inter et transdisciplinaire sur les plans artistiques, cliniques et soci\u00e9taux.<\/p>\n\n\n\n<p>Comment la pratique artistique se nourrit-elle de l\u2019intime qui, sans s\u2019y r\u00e9duire, rel\u00e8ve aussi de l\u2019inconscient ? Le subjectif, l\u2019intime, le priv\u00e9, s\u2019il est au c\u0153ur des processus de cr\u00e9ation artistique, garde sa part obscure, myst\u00e9rieuse, opaque. \u00c0 quel moment l&rsquo;intime, dans le geste artistique, devient-il partageable, public, voire politique ? Quelles en sont les repr\u00e9sentations dans les diff\u00e9rents arts&nbsp;? Et comment les historiens d\u2019art ou les critiques s\u2019en font-ils l\u2019\u00e9cho&nbsp;?<\/p>\n\n\n\n<p>Comment l&rsquo;intime peut-il \u00eatre prot\u00e9g\u00e9 voire construit, dans les diff\u00e9rents dispositifs de m\u00e9diation ? Aussi fragile que n\u00e9cessaire, comment sera d\u00e9limit\u00e9 l&rsquo;espace de l\u2019intime en vue de favoriser la construction, voire la re-construction du sujet ?&nbsp;Au travers de ce qui se manifeste sous forme artistique, des \u00e9tudes de cas pourront montrer comment l\u2019intime participe des processus de subjectivation et d\u2019appropriation auto-biographique et narrative.<\/p>\n\n\n\n<p>Comment dans diff\u00e9rentes psychopathologies, l\u2019intime peut-il se trouver exacerb\u00e9 qu\u2019il s\u2019agisse, par exemple, de d\u00e9lires d\u2019intrusion, de jalousie ou encore de maladies psychosomatiques&nbsp;?&nbsp;Et quels en sont les d\u00e9voilements par exemple dans la clinique infantile et adolescente \u00e0 travers le mensonge ?<\/p>\n\n\n\n<p>Sur le plan soci\u00e9tal, enfin, c\u2019est avec internet et les m\u00e9dias dits de r\u00e9v\u00e9lation que la notion de l&rsquo;intime vient d\u2019\u00eatre radicalement boulevers\u00e9e. Comment les r\u00e9seaux sociaux&nbsp; &#8211; Facebook, Instagram, Twitter, etc. &#8211; instaurent-ils de nouveaux r\u00e9gimes de l\u2019intimit\u00e9&nbsp;; comment la t\u00e9l\u00e9r\u00e9alit\u00e9 et les confessions cathodiques de type <em>Le divan <\/em>participent-elles \u00e0 sa d\u00e9flagration ?<\/p>\n\n\n<div class='pt-cv-wrapper'> <div class=\"pt-cv-view pt-cv-blockgrid iscvblock iscvreal grid1 layout2 cveffect-zoomin\" id=\"pt-cv-view-3i0h7lt2\"><div data-id=\"pt-cv-page-1\" class=\"pt-cv-page\" data-cvc=\"4\"><div class=\" pt-cv-content-item pt-cv-1-col\" ><div class=\"pt-cv-taxoterm above_title\"><a href='https:\/\/bibliotheque-sfpe-at.com\/index.php\/category\/auteurs\/canet-geraldine\/' title='Canet G\u00e9raldine' class='pt-cv-tax-canet-geraldine'>Canet G\u00e9raldine<\/a><\/div>\n<h4 class=\"pt-cv-title\"><a href=\"https:\/\/bibliotheque-sfpe-at.com\/index.php\/2024\/05\/22\/emotion-esthetique-et-accordages-dans-le-groupe-art-therapeutique-vers-lexpression-de-lintime\/\" class=\"_self\" target=\"_self\" >\u00c9motion esth\u00e9tique et accordages dans le groupe art-th\u00e9rapeutique : vers l\u2019expression de l\u2019intime<\/a><\/h4>\n<div class=\"pt-cv-content\">Je propose de pr\u00e9senter dans ma communication la fa\u00e7on dont l\u2019\u00e9motion esth\u00e9tique, en situation de groupe, peut ame ner le sujet \u00e0 renouer avec le plus intime de son \u00eatre, dans un mouvement de reconstruction du point de vue des limites psychocorporelles. Il est apparu, &#8230;<\/div>\n<div class=\"pt-cv-rmwrap\"><a href=\"https:\/\/bibliotheque-sfpe-at.com\/index.php\/2024\/05\/22\/emotion-esthetique-et-accordages-dans-le-groupe-art-therapeutique-vers-lexpression-de-lintime\/\" class=\"_self pt-cv-readmore btn btn-success\" target=\"_self\" >Lire La Suite\u2026<\/a><\/div><\/div>\n<div class=\" pt-cv-content-item pt-cv-1-col\" ><div class=\"pt-cv-taxoterm above_title\"><a href='https:\/\/bibliotheque-sfpe-at.com\/index.php\/category\/auteurs\/pitarque-sandrine\/' title='Pitarque Sandrine' class='pt-cv-tax-pitarque-sandrine'>Pitarque Sandrine<\/a><\/div>\n<h4 class=\"pt-cv-title\"><a href=\"https:\/\/bibliotheque-sfpe-at.com\/index.php\/2024\/05\/22\/la-scene-un-espace-de-lintime\/\" class=\"_self\" target=\"_self\" >La sc\u00e8ne : un espace (de l\u2019)intime ?<\/a><\/h4>\n<div class=\"pt-cv-content\">L\u2019espace sc\u00e9nique est un \u00e9l\u00e9ment fondamental de la dramath\u00e9rapie. D\u00e9limiter cet espace-autre (Foucault), lui donner une \u00e9paisseur, le prot\u00e9ger des attaques internes et externes, fait partie du travail du dramath\u00e9rapeute. \u00c0 partir de vignettes cliniques principalement issues de notre travail en CATTP adolescents, nous aborderons &#8230;<\/div>\n<div class=\"pt-cv-rmwrap\"><a href=\"https:\/\/bibliotheque-sfpe-at.com\/index.php\/2024\/05\/22\/la-scene-un-espace-de-lintime\/\" class=\"_self pt-cv-readmore btn btn-success\" target=\"_self\" >Lire La Suite\u2026<\/a><\/div><\/div>\n<div class=\" pt-cv-content-item pt-cv-1-col\" ><div class=\"pt-cv-taxoterm above_title\"><a href='https:\/\/bibliotheque-sfpe-at.com\/index.php\/category\/auteurs\/sens-dominique\/' title='Sens Dominique' class='pt-cv-tax-sens-dominique'>Sens Dominique<\/a><\/div>\n<h4 class=\"pt-cv-title\"><a href=\"https:\/\/bibliotheque-sfpe-at.com\/index.php\/2024\/05\/22\/entre-devoilement-et-detournement-de-lintime-dans-limage\/\" class=\"_self\" target=\"_self\" >Entre d\u00e9voilement et d\u00e9tournement de l\u2019intime dans l\u2019image<\/a><\/h4>\n<div class=\"pt-cv-content\">L\u2019intime, comme l\u2019\u00e9crivait Val\u00e9ry \u00e0 propos de la peau, est ce qu\u2019il y a de plus profond en nous. Lorsque l\u2019intime est exprim\u00e9, il r\u00e9v\u00e8le \u2014 et parfois m\u00eame trahit \u2014 les d\u00e9sirs les plus secrets ou les plus inavouables. Freud envisageait par la voie &#8230;<\/div>\n<div class=\"pt-cv-rmwrap\"><a href=\"https:\/\/bibliotheque-sfpe-at.com\/index.php\/2024\/05\/22\/entre-devoilement-et-detournement-de-lintime-dans-limage\/\" class=\"_self pt-cv-readmore btn btn-success\" target=\"_self\" >Lire La Suite\u2026<\/a><\/div><\/div>\n<div class=\" pt-cv-content-item pt-cv-1-col\" ><div class=\"pt-cv-taxoterm above_title\"><a href='https:\/\/bibliotheque-sfpe-at.com\/index.php\/category\/auteurs\/klein-jean-pierre\/' title='Klein Jean-Pierre' class='pt-cv-tax-klein-jean-pierre'>Klein Jean-Pierre<\/a><\/div>\n<h4 class=\"pt-cv-title\"><a href=\"https:\/\/bibliotheque-sfpe-at.com\/index.php\/2024\/05\/22\/rencontre-de-soi-a-soi-avec-son-intime\/\" class=\"_self\" target=\"_self\" >Rencontre de soi \u00e0 soi avec son intime<\/a><\/h4>\n<div class=\"pt-cv-content\">L\u2019intime est ce que nous percevons de l\u2019int\u00e9rieur de nous-m\u00eames, plus sensation que perception consciente, et qui est indicible et non partageable. L\u2019intimit\u00e9 en est une extension. C\u2019est ce que nous acceptons de livrer de notre intime. L\u2019art-th\u00e9rapie travaille traditionnellement dans le montr\u00e9 \u00e0 l\u2019art-th\u00e9rapeute, &#8230;<\/div>\n<div class=\"pt-cv-rmwrap\"><a href=\"https:\/\/bibliotheque-sfpe-at.com\/index.php\/2024\/05\/22\/rencontre-de-soi-a-soi-avec-son-intime\/\" class=\"_self pt-cv-readmore btn btn-success\" target=\"_self\" >Lire La Suite\u2026<\/a><\/div><\/div>\n<div class=\" pt-cv-content-item pt-cv-1-col\" ><div class=\"pt-cv-taxoterm above_title\"><a href='https:\/\/bibliotheque-sfpe-at.com\/index.php\/category\/auteurs\/martineau-jean-pierre\/' title='Martineau Jean-Pierre' class='pt-cv-tax-martineau-jean-pierre'>Martineau Jean-Pierre<\/a><\/div>\n<h4 class=\"pt-cv-title\"><a href=\"https:\/\/bibliotheque-sfpe-at.com\/index.php\/2024\/05\/22\/la-resonance-intime-sur-toile-et-toilette-de-la-femme\/\" class=\"_self\" target=\"_self\" >La r\u00e9sonance intime sur toile et toilette de la femme<\/a><\/h4>\n<div class=\"pt-cv-content\">La femme (f\u00e9minit\u00e9 \u00e0 fleur de peau \/ f\u00e9minin intime de lachair) est la perle (point de mire, foyer, miroir, miracle)de l\u2019intime, qu\u2019elle soit habill\u00e9e ou d\u00e9nud\u00e9e, chez J. Vermeercomme chez P. Bonnard, proph\u00e8tes (nabis \u00e0 deux si\u00e8cles dedistance) de ce moment pathique de r\u00e9activit\u00e9 &#8230;<\/div>\n<div class=\"pt-cv-rmwrap\"><a href=\"https:\/\/bibliotheque-sfpe-at.com\/index.php\/2024\/05\/22\/la-resonance-intime-sur-toile-et-toilette-de-la-femme\/\" class=\"_self pt-cv-readmore btn btn-success\" target=\"_self\" >Lire La Suite\u2026<\/a><\/div><\/div>\n<div class=\" pt-cv-content-item pt-cv-1-col\" ><div class=\"pt-cv-taxoterm above_title\"><a href='https:\/\/bibliotheque-sfpe-at.com\/index.php\/category\/auteurs\/reillanne-ghislaine\/' title='Reillanne Ghislaine' class='pt-cv-tax-reillanne-ghislaine'>Reillanne Ghislaine<\/a><\/div>\n<h4 class=\"pt-cv-title\"><a href=\"https:\/\/bibliotheque-sfpe-at.com\/index.php\/2024\/05\/22\/comme-un-parfum-dintime\/\" class=\"_self\" target=\"_self\" >Comme un parfum d\u2019intime\u2026<\/a><\/h4>\n<div class=\"pt-cv-content\">Parmi les cinq sens l\u2019odorat n\u2019est-il pas le plus subtil, celuiqui conduit vers les profondeurs et l\u2019essence des \u00eatres et deschoses, au c\u0153ur m\u00eame de leur intimit\u00e9 ?Par leur puissance \u00e9vocatrice, les odeurs, les senteurs et lesparfums sont les vecteurs par excellence de messages secrets &#8230;<\/div>\n<div class=\"pt-cv-rmwrap\"><a href=\"https:\/\/bibliotheque-sfpe-at.com\/index.php\/2024\/05\/22\/comme-un-parfum-dintime\/\" class=\"_self pt-cv-readmore btn btn-success\" target=\"_self\" >Lire La Suite\u2026<\/a><\/div><\/div>\n<div class=\" pt-cv-content-item pt-cv-1-col\" ><div class=\"pt-cv-taxoterm above_title\"><a href='https:\/\/bibliotheque-sfpe-at.com\/index.php\/category\/auteurs\/vasseur-alain\/' title='Vasseur Alain' class='pt-cv-tax-vasseur-alain'>Vasseur Alain<\/a><\/div>\n<h4 class=\"pt-cv-title\"><a href=\"https:\/\/bibliotheque-sfpe-at.com\/index.php\/2024\/05\/22\/lart-la-creation-la-quete-de-ce-nous-perdu-berceau-de-notre-intimite\/\" class=\"_self\" target=\"_self\" >L\u2019art\u2026 la cr\u00e9ation\u2026 la qu\u00eate de ce \u00ab nous \u00bb perdu\u2026 berceau de notre intimit\u00e9<\/a><\/h4>\n<div class=\"pt-cv-content\">Expuls\u00e9s, Adam et \u00c8ve couvrirent leur sexe de feuilles : ilsconnaissaient enfin l\u2019identification au corps. L\u2019histoire dumonde commence l\u00e0 ! Avant, il n\u2019y avait pas d\u2019Histoire, il n\u2019yavait que l\u2019\u00catre, le Paradis. Il a fallu que l\u2019\u00e2me se prenne pourun corps afin qu\u2019elle consent\u00eet \u00e0 &#8230;<\/div>\n<div class=\"pt-cv-rmwrap\"><a href=\"https:\/\/bibliotheque-sfpe-at.com\/index.php\/2024\/05\/22\/lart-la-creation-la-quete-de-ce-nous-perdu-berceau-de-notre-intimite\/\" class=\"_self pt-cv-readmore btn btn-success\" target=\"_self\" >Lire La Suite\u2026<\/a><\/div><\/div>\n<div class=\" pt-cv-content-item pt-cv-1-col\" ><div class=\"pt-cv-taxoterm above_title\"><a href='https:\/\/bibliotheque-sfpe-at.com\/index.php\/category\/auteurs\/deschamps-valerie\/' title='Deschamps Val\u00e9rie' class='pt-cv-tax-deschamps-valerie'>Deschamps Val\u00e9rie<\/a><\/div>\n<h4 class=\"pt-cv-title\"><a href=\"https:\/\/bibliotheque-sfpe-at.com\/index.php\/2024\/05\/22\/dans-lintimite-de-berthe-morisot\/\" class=\"_self\" target=\"_self\" >Dans l\u2019intimit\u00e9 de Berthe Morisot<\/a><\/h4>\n<div class=\"pt-cv-content\">Berthe Morisot (1841-1895), peintre et intime du cercle desimpressionnistes, fut mod\u00e8le et amie d\u2019\u00c9douard Manetdont elle \u00e9pousera le fr\u00e8re Eug\u00e8ne. Apr\u00e8s le d\u00e9c\u00e8s de Manet,c\u2019est elle qui anime un cercle d\u2019impressionnistes, artistes et intellectuels dont les plus \u00ab intimes \u00bb sont Degas, Monet, Renoiret Mallarm\u00e9, &#8230;<\/div>\n<div class=\"pt-cv-rmwrap\"><a href=\"https:\/\/bibliotheque-sfpe-at.com\/index.php\/2024\/05\/22\/dans-lintimite-de-berthe-morisot\/\" class=\"_self pt-cv-readmore btn btn-success\" target=\"_self\" >Lire La Suite\u2026<\/a><\/div><\/div>\n<div class=\" pt-cv-content-item pt-cv-1-col\" ><div class=\"pt-cv-taxoterm above_title\"><a href='https:\/\/bibliotheque-sfpe-at.com\/index.php\/category\/auteurs\/barthelemy-jean-marie\/' title='Barth\u00e9l\u00e9my Jean-Marie' class='pt-cv-tax-barthelemy-jean-marie'>Barth\u00e9l\u00e9my Jean-Marie<\/a><\/div>\n<h4 class=\"pt-cv-title\"><a href=\"https:\/\/bibliotheque-sfpe-at.com\/index.php\/2024\/05\/22\/johannes-vermeer-lintime-entre-le-grain-des-objets-et-de-la-matiere\/\" class=\"_self\" target=\"_self\" >Johannes Vermeer : l\u2019intime entre le grain des objets et de la mati\u00e8re<\/a><\/h4>\n<div class=\"pt-cv-content\">Serait-ce un hasard si des \u00ab ph\u00e9nom\u00e9nologues \u00bb tels queProust, Merleau-Ponty ou Maldiney furent tant fascin\u00e9s parJohannes Vermeer ? Parce qu\u2019ils y d\u00e9nich\u00e8rent sans doute unesomptueuse illustration m\u00e9taphorique de leurs principes etefforts respectifs pour acc\u00e9der aux profondeurs, \u00e0 la subtilit\u00e9et l\u2019extension d\u2019une intimit\u00e9 scintillante \u00e0 &#8230;<\/div>\n<div class=\"pt-cv-rmwrap\"><a href=\"https:\/\/bibliotheque-sfpe-at.com\/index.php\/2024\/05\/22\/johannes-vermeer-lintime-entre-le-grain-des-objets-et-de-la-matiere\/\" class=\"_self pt-cv-readmore btn btn-success\" target=\"_self\" >Lire La Suite\u2026<\/a><\/div><\/div>\n<div class=\" pt-cv-content-item pt-cv-1-col\" ><div class=\"pt-cv-taxoterm above_title\"><a href='https:\/\/bibliotheque-sfpe-at.com\/index.php\/category\/auteurs\/lamblin-berlende\/' title='Lamblin Berlende' class='pt-cv-tax-lamblin-berlende'>Lamblin Berlende<\/a><\/div>\n<h4 class=\"pt-cv-title\"><a href=\"https:\/\/bibliotheque-sfpe-at.com\/index.php\/2024\/05\/22\/vermeer-ou-lintime-de-la-perle\/\" class=\"_self\" target=\"_self\" >Vermeer ou \u00abl\u2019intime de la perle \u00bb<\/a><\/h4>\n<div class=\"pt-cv-content\">L\u2019intime, ce qu\u2019il y a de plus profond dans une chose, estl\u2019essence m\u00eame de l\u2019\u0153uvre de Vermeer, plus particuli\u00e8rement dans le tableau La jeune fille \u00e0 la perle (1665). Ce tableaudont la composition, d\u2019une sobri\u00e9t\u00e9 exemplaire, \u00e0 la palette detons tr\u00e8s restreinte, attire le regard &#8230;<\/div>\n<div class=\"pt-cv-rmwrap\"><a href=\"https:\/\/bibliotheque-sfpe-at.com\/index.php\/2024\/05\/22\/vermeer-ou-lintime-de-la-perle\/\" class=\"_self pt-cv-readmore btn btn-success\" target=\"_self\" >Lire La Suite\u2026<\/a><\/div><\/div>\n<div class=\" pt-cv-content-item pt-cv-1-col\" ><div class=\"pt-cv-taxoterm above_title\"><a href='https:\/\/bibliotheque-sfpe-at.com\/index.php\/category\/auteurs\/paradas-christophe\/' title='Paradas Christophe' class='pt-cv-tax-paradas-christophe'>Paradas Christophe<\/a><\/div>\n<h4 class=\"pt-cv-title\"><a href=\"https:\/\/bibliotheque-sfpe-at.com\/index.php\/2024\/05\/22\/romy-schneider-intime\/\" class=\"_self\" target=\"_self\" >Romy Schneider, intime<\/a><\/h4>\n<div class=\"pt-cv-content\">L\u2019art peut \u00eatre l\u2019\u00e9criture d\u2019une vie et les drames de l\u2019intimemis en sc\u00e8ne. La carri\u00e8re au cin\u00e9ma de Romy Schneider ent\u00e9moigne \u00e0 son corps d\u00e9fendant. Les paradoxes d\u2019une com\u00e9dienne hors du commun non moins, du destin d\u2019une princesse\u00e9trangement famili\u00e8re, film\u00e9e au c\u0153ur de ses vies &#8230;<\/div>\n<div class=\"pt-cv-rmwrap\"><a href=\"https:\/\/bibliotheque-sfpe-at.com\/index.php\/2024\/05\/22\/romy-schneider-intime\/\" class=\"_self pt-cv-readmore btn btn-success\" target=\"_self\" >Lire La Suite\u2026<\/a><\/div><\/div>\n<div class=\" pt-cv-content-item pt-cv-1-col\" ><div class=\"pt-cv-taxoterm above_title\"><a href='https:\/\/bibliotheque-sfpe-at.com\/index.php\/category\/auteurs\/schauder-silke\/' title='Schauder Silke' class='pt-cv-tax-schauder-silke'>Schauder Silke<\/a><\/div>\n<h4 class=\"pt-cv-title\"><a href=\"https:\/\/bibliotheque-sfpe-at.com\/index.php\/2024\/05\/22\/dont-look-now-1973-lintime-au-cinema\/\" class=\"_self\" target=\"_self\" >Don\u2019t look now, 1973 \u2013 l\u2019intime au cin\u00e9ma<\/a><\/h4>\n<div class=\"pt-cv-content\">Ne vous retournez pas est l&rsquo;un des sommets de l\u2019art cin\u00e9matographique sur la pr\u00e9monition, la circularit\u00e9 du tempset, avec elles, la catastrophe in\u00e9luctable. Adapt\u00e9 en 1973 parNicolas Roeg de la nouvelle \u00e9ponyme de Daphn\u00e9 du Maurier,le film Don\u2019t look now contient \u2014 tout en traitant &#8230;<\/div>\n<div class=\"pt-cv-rmwrap\"><a href=\"https:\/\/bibliotheque-sfpe-at.com\/index.php\/2024\/05\/22\/dont-look-now-1973-lintime-au-cinema\/\" class=\"_self pt-cv-readmore btn btn-success\" target=\"_self\" >Lire La Suite\u2026<\/a><\/div><\/div>\n<div class=\" pt-cv-content-item pt-cv-1-col\" ><div class=\"pt-cv-taxoterm above_title\"><a href='https:\/\/bibliotheque-sfpe-at.com\/index.php\/category\/auteurs\/boute-gerard\/' title='Bout\u00e9 G\u00e9rard' class='pt-cv-tax-boute-gerard'>Bout\u00e9 G\u00e9rard<\/a><a href='https:\/\/bibliotheque-sfpe-at.com\/index.php\/category\/auteurs\/dekramer-frantz\/' title='Dekramer Frantz' class='pt-cv-tax-dekramer-frantz'>Dekramer Frantz<\/a><\/div>\n<h4 class=\"pt-cv-title\"><a href=\"https:\/\/bibliotheque-sfpe-at.com\/index.php\/2024\/05\/22\/les-voix-intimes-du-silence\/\" class=\"_self\" target=\"_self\" >Les voix intimes du silence<\/a><\/h4>\n<div class=\"pt-cv-content\">\u00ab Les autres chefs jouent les notes, moi je joue ce qu&rsquo;il y aentre les notes. \u00bb Wilhelm Furtw\u00e4ngler \u00e0 un journaliste. Dans la musique, le silence inspire les modulations dutemps, il donne le rythme et l\u2019expression. Dans la peinture,il participe \u00e0 l\u2019harmonie. Au-del\u00e0 de &#8230;<\/div>\n<div class=\"pt-cv-rmwrap\"><a href=\"https:\/\/bibliotheque-sfpe-at.com\/index.php\/2024\/05\/22\/les-voix-intimes-du-silence\/\" class=\"_self pt-cv-readmore btn btn-success\" target=\"_self\" >Lire La Suite\u2026<\/a><\/div><\/div>\n<div class=\" pt-cv-content-item pt-cv-1-col\" ><div class=\"pt-cv-taxoterm above_title\"><a href='https:\/\/bibliotheque-sfpe-at.com\/index.php\/category\/auteurs\/ferrieres-pestureau-suzanne\/' title='Ferri\u00e8res-Pestureau Suzanne' class='pt-cv-tax-ferrieres-pestureau-suzanne'>Ferri\u00e8res-Pestureau Suzanne<\/a><\/div>\n<h4 class=\"pt-cv-title\"><a href=\"https:\/\/bibliotheque-sfpe-at.com\/index.php\/2024\/05\/22\/le-devoilement-de-lintime-dans-la-peinture-de-daphne-lalonde\/\" class=\"_self\" target=\"_self\" >Le d\u00e9voilement de l\u2019intime dans la peinture de Daphn\u00e9 Lalonde<\/a><\/h4>\n<div class=\"pt-cv-content\">Dans une \u00e9poque hant\u00e9e par le fantasme d\u2019un sujet ayantle pouvoir de tout voir, une menace p\u00e8se d\u00e9sormais surl\u2019intime.Entre jubilation et trouble, la peinture transgressive deDaphn\u00e9 Lalonde nous donne \u00e0 voir, dans le plus grand d\u00e9sordre, d\u2019\u00e9tranges apparitions sorties tout droit de nos r\u00eaves lesplus &#8230;<\/div>\n<div class=\"pt-cv-rmwrap\"><a href=\"https:\/\/bibliotheque-sfpe-at.com\/index.php\/2024\/05\/22\/le-devoilement-de-lintime-dans-la-peinture-de-daphne-lalonde\/\" class=\"_self pt-cv-readmore btn btn-success\" target=\"_self\" >Lire La Suite\u2026<\/a><\/div><\/div>\n<div class=\" pt-cv-content-item pt-cv-1-col\" ><div class=\"pt-cv-taxoterm above_title\"><a href='https:\/\/bibliotheque-sfpe-at.com\/index.php\/category\/auteurs\/lazes-dekramer-michele\/' title='Laz\u00e8s-Dekramer Mich\u00e8le' class='pt-cv-tax-lazes-dekramer-michele'>Laz\u00e8s-Dekramer Mich\u00e8le<\/a><\/div>\n<h4 class=\"pt-cv-title\"><a href=\"https:\/\/bibliotheque-sfpe-at.com\/index.php\/2024\/05\/22\/lintime-maitre-secret-de-lart\/\" class=\"_self\" target=\"_self\" >L\u2019intime, ma\u00eetre secret de l\u2019art<\/a><\/h4>\n<div class=\"pt-cv-content\">L\u2019intime est notre part la plus secr\u00e8te ; celle qui ne se ditpas, ne se montre pas, ne se d\u00e9voile pas et se cache au seind\u2019un continent inconnu de notre cosmogonie personnelle. Entant qu\u2019artiste, je consid\u00e8re l\u2019intime comme une s\u00e9cr\u00e9tion del\u2019\u00e2me, un agent actif de &#8230;<\/div>\n<div class=\"pt-cv-rmwrap\"><a href=\"https:\/\/bibliotheque-sfpe-at.com\/index.php\/2024\/05\/22\/lintime-maitre-secret-de-lart\/\" class=\"_self pt-cv-readmore btn btn-success\" target=\"_self\" >Lire La Suite\u2026<\/a><\/div><\/div>\n<div class=\" pt-cv-content-item pt-cv-1-col\" ><div class=\"pt-cv-taxoterm above_title\"><a href='https:\/\/bibliotheque-sfpe-at.com\/index.php\/category\/auteurs\/saint-pierre-olivier\/' title='Saint-Pierre Olivier' class='pt-cv-tax-saint-pierre-olivier'>Saint-Pierre Olivier<\/a><\/div>\n<h4 class=\"pt-cv-title\"><a href=\"https:\/\/bibliotheque-sfpe-at.com\/index.php\/2024\/05\/22\/lesquisse-ou-lintimite-du-dessin\/\" class=\"_self\" target=\"_self\" >L\u2019esquisse ou l\u2019intimit\u00e9 du dessin<\/a><\/h4>\n<div class=\"pt-cv-content\">L\u2019esquisse envisage le dessin final. Elle est comme son inti-mit\u00e9, son lieu de naissance, son apparition. Il y a soudainune brusque envie d\u2019appara\u00eetre, un brusque amour de la formeprimaire, pure, virginale. Comment ne pas y succomber ? L\u2019esquisse d\u00e9voile l\u2019intimit\u00e9 de la forme d\u00e9sir\u00e9e mais &#8230;<\/div>\n<div class=\"pt-cv-rmwrap\"><a href=\"https:\/\/bibliotheque-sfpe-at.com\/index.php\/2024\/05\/22\/lesquisse-ou-lintimite-du-dessin\/\" class=\"_self pt-cv-readmore btn btn-success\" target=\"_self\" >Lire La Suite\u2026<\/a><\/div><\/div>\n<div class=\" pt-cv-content-item pt-cv-1-col\" ><div class=\"pt-cv-taxoterm above_title\"><a href='https:\/\/bibliotheque-sfpe-at.com\/index.php\/category\/auteurs\/massardier-luc\/' title='Massardier Luc' class='pt-cv-tax-massardier-luc'>Massardier Luc<\/a><\/div>\n<h4 class=\"pt-cv-title\"><a href=\"https:\/\/bibliotheque-sfpe-at.com\/index.php\/2024\/05\/23\/devoilement-dun-journal-intime-anais-nin\/\" class=\"_self\" target=\"_self\" >D\u00e9voilement d\u2019un journal intime : Ana\u00efs Nin<\/a><\/h4>\n<div class=\"pt-cv-content\">\u00ab Rien n\u2019existe avant d\u2019\u00eatre \u00e9crit, j\u2019avais l\u2019encre dans le sang. \u00bb Ana\u00efs conna\u00eetra son premier amour avec son p\u00e8re, musicienfantasque et pianiste virtuose, toujours en repr\u00e9sentation.S\u00e9duit et fascin\u00e9 par la beaut\u00e9 de sa fille, il ne cesse de la photographier et d\u2019exposer les images &#8230;<\/div>\n<div class=\"pt-cv-rmwrap\"><a href=\"https:\/\/bibliotheque-sfpe-at.com\/index.php\/2024\/05\/23\/devoilement-dun-journal-intime-anais-nin\/\" class=\"_self pt-cv-readmore btn btn-success\" target=\"_self\" >Lire La Suite\u2026<\/a><\/div><\/div>\n<div class=\" pt-cv-content-item pt-cv-1-col\" ><div class=\"pt-cv-taxoterm above_title\"><a href='https:\/\/bibliotheque-sfpe-at.com\/index.php\/category\/auteurs\/mourtada-youssef\/' title='Mourtada Youssef' class='pt-cv-tax-mourtada-youssef'>Mourtada Youssef<\/a><\/div>\n<h4 class=\"pt-cv-title\"><a href=\"https:\/\/bibliotheque-sfpe-at.com\/index.php\/2024\/05\/23\/lintime-la-mort-et-lecriture\/\" class=\"_self\" target=\"_self\" >L\u2019intime, la mort et l\u2019\u00e9criture<\/a><\/h4>\n<div class=\"pt-cv-content\">L\u2019intime est l\u2019autre r\u00e9ponse \u00e0 la c\u00e9l\u00e8bre devinette de saintAugustin : \u00ab Si personne ne me le demande, je le sais, mais que jeveuille l\u2019expliquer \u00e0 la demande, je ne le sais pas. \u00bbL\u2019intime comme le temps est omnipr\u00e9sent, mais en m\u00eametemps furtif comme l\u2019instant.L\u2019intime, &#8230;<\/div>\n<div class=\"pt-cv-rmwrap\"><a href=\"https:\/\/bibliotheque-sfpe-at.com\/index.php\/2024\/05\/23\/lintime-la-mort-et-lecriture\/\" class=\"_self pt-cv-readmore btn btn-success\" target=\"_self\" >Lire La Suite\u2026<\/a><\/div><\/div>\n<div class=\" pt-cv-content-item pt-cv-1-col\" ><div class=\"pt-cv-taxoterm above_title\"><a href='https:\/\/bibliotheque-sfpe-at.com\/index.php\/category\/auteurs\/boulanger-christophe\/' title='Boulanger Christophe' class='pt-cv-tax-boulanger-christophe'>Boulanger Christophe<\/a><\/div>\n<h4 class=\"pt-cv-title\"><a href=\"https:\/\/bibliotheque-sfpe-at.com\/index.php\/2024\/05\/23\/aimable-jayet-ou-les-replis-de-lintime\/\" class=\"_self\" target=\"_self\" >Aimable Jayet ou les replis de l\u2019intime<\/a><\/h4>\n<div class=\"pt-cv-content\">Quelle place pour l\u2019intime dans la vie quotidienne d\u2019un patient d\u2019un h\u00f4pital psychiatrique au milieu du XX e si\u00e8cle ?Aimable Jayet (Saint-Martin-des-Entr\u00e9es, 1883 \u2014 Saint-Alban-sur-Limagnole, 1953), ancien artisan boucher, est l\u2019auteur dedessins et d\u2019\u00e9crits produits entre 1941 et 1949 dans le cadre del\u2019h\u00f4pital de Saint-Alban &#8230;<\/div>\n<div class=\"pt-cv-rmwrap\"><a href=\"https:\/\/bibliotheque-sfpe-at.com\/index.php\/2024\/05\/23\/aimable-jayet-ou-les-replis-de-lintime\/\" class=\"_self pt-cv-readmore btn btn-success\" target=\"_self\" >Lire La Suite\u2026<\/a><\/div><\/div>\n<div class=\" pt-cv-content-item pt-cv-1-col\" ><div class=\"pt-cv-taxoterm above_title\"><a href='https:\/\/bibliotheque-sfpe-at.com\/index.php\/category\/auteurs\/le-querrec-perrine\/' title='Le Querrec Perrine' class='pt-cv-tax-le-querrec-perrine'>Le Querrec Perrine<\/a><\/div>\n<h4 class=\"pt-cv-title\"><a href=\"https:\/\/bibliotheque-sfpe-at.com\/index.php\/2024\/05\/23\/lecriture-de-mes-intimes\/\" class=\"_self\" target=\"_self\" >L\u2019\u00e9criture de mes intimes<\/a><\/h4>\n<div class=\"pt-cv-content\">Je suis \u00e9crivain : \u00ab \u00e9crivaine \u00bb Livre apr\u00e8s livre, je construis, jereconstruis, la vie de mes personnages. Ce sont parfois despersonnages r\u00e9els : Jean, du Plancher de Jeannot, UnicaZ\u00fcrn ou encore l\u2019h\u00e9ro\u00efne du Pr\u00e9nom a \u00e9t\u00e9 Modifi\u00e9, des personnages absolument fictifs dans des univers &#8230;<\/div>\n<div class=\"pt-cv-rmwrap\"><a href=\"https:\/\/bibliotheque-sfpe-at.com\/index.php\/2024\/05\/23\/lecriture-de-mes-intimes\/\" class=\"_self pt-cv-readmore btn btn-success\" target=\"_self\" >Lire La Suite\u2026<\/a><\/div><\/div>\n<div class=\" pt-cv-content-item pt-cv-1-col\" ><div class=\"pt-cv-taxoterm above_title\"><a href='https:\/\/bibliotheque-sfpe-at.com\/index.php\/category\/auteurs\/granier-francois\/' title='Granier Fran\u00e7ois' class='pt-cv-tax-granier-francois'>Granier Fran\u00e7ois<\/a><\/div>\n<h4 class=\"pt-cv-title\"><a href=\"https:\/\/bibliotheque-sfpe-at.com\/index.php\/2024\/05\/23\/le-prix-de-lintime-pour-lart-therapie\/\" class=\"_self\" target=\"_self\" >Le prix de l\u2019intime pour l\u2019art-th\u00e9rapie<\/a><\/h4>\n<div class=\"pt-cv-content\">Historiquement, l\u2019intimit\u00e9 de l\u2019atelier d\u2019art-th\u00e9rapie venaitdu dispositif des psychoth\u00e9rapies. \u00c0 souffrance intime,cadre intime, secret et fermeture.Le prix \u00e0 payer pour cette position, tr\u00e8s compr\u00e9hensible etindispensable \u00e0 certains stades de la prise en charge, et selon lespatients, a \u00e9t\u00e9 la non-reconnaissance de l\u2019art-th\u00e9rapie. L\u2019art brutn\u2019a pas &#8230;<\/div>\n<div class=\"pt-cv-rmwrap\"><a href=\"https:\/\/bibliotheque-sfpe-at.com\/index.php\/2024\/05\/23\/le-prix-de-lintime-pour-lart-therapie\/\" class=\"_self pt-cv-readmore btn btn-success\" target=\"_self\" >Lire La Suite\u2026<\/a><\/div><\/div>\n<div class=\" pt-cv-content-item pt-cv-1-col\" ><div class=\"pt-cv-taxoterm above_title\"><a href='https:\/\/bibliotheque-sfpe-at.com\/index.php\/category\/auteurs\/royol-jean-pierre\/' title='Royol Jean-Pierre' class='pt-cv-tax-royol-jean-pierre'>Royol Jean-Pierre<\/a><\/div>\n<h4 class=\"pt-cv-title\"><a href=\"https:\/\/bibliotheque-sfpe-at.com\/index.php\/2024\/05\/23\/dune-intime-indifference\/\" class=\"_self\" target=\"_self\" >D\u2019une intime indiff\u00e9rence<\/a><\/h4>\n<div class=\"pt-cv-content\">En art-th\u00e9rapie, comme dans le cadre d\u2019autres prises en soinde la souffrance psychique, la conqu\u00eate d\u2019un espace intime,qui suppose logiquement un passage par l\u2019indiff\u00e9rence \u00e0 l\u2019\u00e9gardde l\u2019art-th\u00e9rapeute, peut \u00eatre emp\u00each\u00e9e, s\u2019il en est jaloux et qu\u2019ilr\u00e9siste \u00e0 laisser se d\u00e9velopper cette inclination v\u00e9cue commerivale.\u00c0 partir &#8230;<\/div>\n<div class=\"pt-cv-rmwrap\"><a href=\"https:\/\/bibliotheque-sfpe-at.com\/index.php\/2024\/05\/23\/dune-intime-indifference\/\" class=\"_self pt-cv-readmore btn btn-success\" target=\"_self\" >Lire La Suite\u2026<\/a><\/div><\/div>\n<div class=\" pt-cv-content-item pt-cv-1-col\" ><div class=\"pt-cv-taxoterm above_title\"><a href='https:\/\/bibliotheque-sfpe-at.com\/index.php\/category\/auteurs\/madiot-beatrice\/' title='Madiot B\u00e9atrice' class='pt-cv-tax-madiot-beatrice'>Madiot B\u00e9atrice<\/a><\/div>\n<h4 class=\"pt-cv-title\"><a href=\"https:\/\/bibliotheque-sfpe-at.com\/index.php\/2024\/05\/23\/reanimer-son-image\/\" class=\"_self\" target=\"_self\" >R\u00e9animer son image<\/a><\/h4>\n<div class=\"pt-cv-content\">Dans le cadre d\u2019un projet financ\u00e9 par la fondation Carasso,nous aborderons dans ma communication la fa\u00e7on dontl\u2019art rencontre, r\u00e9v\u00e8le l\u2019intime. Nous rendrons compte de lad\u00e9marche entreprise pour approcher le processus cr\u00e9ateur dansune collaboration transdisciplinaire entre patients, artistes etscientifiques.En prenant appui sur des images m\u00e9dicalis\u00e9es (scanners,radiographies, &#8230;<\/div>\n<div class=\"pt-cv-rmwrap\"><a href=\"https:\/\/bibliotheque-sfpe-at.com\/index.php\/2024\/05\/23\/reanimer-son-image\/\" class=\"_self pt-cv-readmore btn btn-success\" target=\"_self\" >Lire La Suite\u2026<\/a><\/div><\/div>\n<div class=\" pt-cv-content-item pt-cv-1-col\" ><div class=\"pt-cv-taxoterm above_title\"><a href='https:\/\/bibliotheque-sfpe-at.com\/index.php\/category\/auteurs\/schiltz-lony\/' title='Schiltz Lony' class='pt-cv-tax-schiltz-lony'>Schiltz Lony<\/a><\/div>\n<h4 class=\"pt-cv-title\"><a href=\"https:\/\/bibliotheque-sfpe-at.com\/index.php\/2024\/05\/23\/les-adolescents-daujourdhui-entre-quete-dintimite-et-pression-groupale\/\" class=\"_self\" target=\"_self\" >Les adolescents d\u2019aujourd\u2019hui : entre qu\u00eate d\u2019intimit\u00e9 et pression groupale<\/a><\/h4>\n<div class=\"pt-cv-content\">La psychologie d\u00e9veloppementale a soulign\u00e9 l\u2019impact de lapr\u00e9servation de l\u2019intimit\u00e9 au cours de la qu\u00eate d\u2019identit\u00e9 del\u2019adolescence moyenne. Or, les jeunes d\u2019aujourd\u2019hui sont soumis \u00e0 une pression groupale massive les invitant \u00e0 partager leurssentiments et r\u00e9flexions les plus intimes sur les r\u00e9seaux sociaux.D\u2019autre part, les &#8230;<\/div>\n<div class=\"pt-cv-rmwrap\"><a href=\"https:\/\/bibliotheque-sfpe-at.com\/index.php\/2024\/05\/23\/les-adolescents-daujourdhui-entre-quete-dintimite-et-pression-groupale\/\" class=\"_self pt-cv-readmore btn btn-success\" target=\"_self\" >Lire La Suite\u2026<\/a><\/div><\/div>\n<div class=\" pt-cv-content-item pt-cv-1-col\" ><div class=\"pt-cv-taxoterm above_title\"><a href='https:\/\/bibliotheque-sfpe-at.com\/index.php\/category\/auteurs\/lambert-jean-francois\/' title='Lambert Jean-Fran\u00e7ois' class='pt-cv-tax-lambert-jean-francois'>Lambert Jean-Fran\u00e7ois<\/a><\/div>\n<h4 class=\"pt-cv-title\"><a href=\"https:\/\/bibliotheque-sfpe-at.com\/index.php\/2024\/05\/23\/le-cerveau-intime\/\" class=\"_self\" target=\"_self\" >Le cerveau intime<\/a><\/h4>\n<div class=\"pt-cv-content\">Dans un ouvrage intitul\u00e9 Le cerveau intime (Odile Jacob,2002), le neurobiologiste Marc Jeannerod (fondateur del\u2019Institut des sciences cognitives de Lyon) se demandait si ce quenous nommons \u00ab l\u2019intime \u00bb n\u2019est pas autre chose que le fonctionnement de notre cerveau dont les modalit\u00e9s propres \u00e9chapperaient \u00e0 &#8230;<\/div>\n<div class=\"pt-cv-rmwrap\"><a href=\"https:\/\/bibliotheque-sfpe-at.com\/index.php\/2024\/05\/23\/le-cerveau-intime\/\" class=\"_self pt-cv-readmore btn btn-success\" target=\"_self\" >Lire La Suite\u2026<\/a><\/div><\/div>\n<div class=\" pt-cv-content-item pt-cv-1-col\" ><div class=\"pt-cv-taxoterm above_title\"><a href='https:\/\/bibliotheque-sfpe-at.com\/index.php\/category\/auteurs\/cady-sylvie\/' title='Cady Sylvie' class='pt-cv-tax-cady-sylvie'>Cady Sylvie<\/a><\/div>\n<h4 class=\"pt-cv-title\"><a href=\"https:\/\/bibliotheque-sfpe-at.com\/index.php\/2024\/05\/23\/lintime-en-psychosomatique-relationnelle\/\" class=\"_self\" target=\"_self\" >L\u2019intime en psychosomatique relationnelle<\/a><\/h4>\n<div class=\"pt-cv-content\">Pour tirer le meilleur de l\u2019intime, il importe de regarder devant soi et derri\u00e8re soi, se projeter dans l\u2019avenir sans oublierle pass\u00e9, afin de ne pas s\u2019enfermer dans un pr\u00e9sent, \u00e0 manipulerpar diff\u00e9rentes techniques, mais qui reste coup\u00e9 de ses racines.Ce qui est propos\u00e9 ici, &#8230;<\/div>\n<div class=\"pt-cv-rmwrap\"><a href=\"https:\/\/bibliotheque-sfpe-at.com\/index.php\/2024\/05\/23\/lintime-en-psychosomatique-relationnelle\/\" class=\"_self pt-cv-readmore btn btn-success\" target=\"_self\" >Lire La Suite\u2026<\/a><\/div><\/div>\n<div class=\" pt-cv-content-item pt-cv-1-col\" ><div class=\"pt-cv-taxoterm above_title\"><a href='https:\/\/bibliotheque-sfpe-at.com\/index.php\/category\/auteurs\/vautherin-estrade-martine\/' title='Vautherin-Estrade Martine' class='pt-cv-tax-vautherin-estrade-martine'>Vautherin-Estrade Martine<\/a><\/div>\n<h4 class=\"pt-cv-title\"><a href=\"https:\/\/bibliotheque-sfpe-at.com\/index.php\/2024\/05\/23\/le-detail-elegant-ouverture-sur-lintime\/\" class=\"_self\" target=\"_self\" >Le d\u00e9tail \u00e9l\u00e9gant, ouverture sur l\u2019intime<\/a><\/h4>\n<div class=\"pt-cv-content\">\u013d\u00e9l\u00e9gance, et sa manifestation concr\u00e8te le d\u00e9tail \u00e9l\u00e9gant, permet souvent une ouverture sur l\u2019intime. Lors de la rencontre d\u2019Amalia, patiente d\u00e9pressive englu\u00e9e dans la r\u00e9p\u00e9titiond\u2019\u00e9pisodes douloureux d\u2019allure d\u00e9ficitaires et masochistes, und\u00e9tail \u00e9l\u00e9gant de son maquillage corporel, contrastait avec sondiscours et sa pr\u00e9sentation psychique et a &#8230;<\/div>\n<div class=\"pt-cv-rmwrap\"><a href=\"https:\/\/bibliotheque-sfpe-at.com\/index.php\/2024\/05\/23\/le-detail-elegant-ouverture-sur-lintime\/\" class=\"_self pt-cv-readmore btn btn-success\" target=\"_self\" >Lire La Suite\u2026<\/a><\/div><\/div>\n<div class=\" pt-cv-content-item pt-cv-1-col\" ><div class=\"pt-cv-taxoterm above_title\"><a href='https:\/\/bibliotheque-sfpe-at.com\/index.php\/category\/auteurs\/madelaine-dupuich-carole\/' title='Madelaine-Dupuich Carole' class='pt-cv-tax-madelaine-dupuich-carole'>Madelaine-Dupuich Carole<\/a><\/div>\n<h4 class=\"pt-cv-title\"><a href=\"https:\/\/bibliotheque-sfpe-at.com\/index.php\/2024\/05\/23\/lintime-dans-le-secret-du-faire-peau\/\" class=\"_self\" target=\"_self\" >L\u2019intime dans le secret du \u00ab faire-peau \u00bb<\/a><\/h4>\n<div class=\"pt-cv-content\">Une enfant, une petite m\u00f4me venue d\u2019ailleurs, charg\u00e9e d\u2019unv\u00e9cu dont nous ne connaissons presque rien, se raidit dansle silence. Elle sait parler mais refuse de dire mot. Ses yeux et sabouche grands ouverts hurlent le cri d\u2019une chair meurtrie quine supporte plus rien. Petite m\u00f4me &#8230;<\/div>\n<div class=\"pt-cv-rmwrap\"><a href=\"https:\/\/bibliotheque-sfpe-at.com\/index.php\/2024\/05\/23\/lintime-dans-le-secret-du-faire-peau\/\" class=\"_self pt-cv-readmore btn btn-success\" target=\"_self\" >Lire La Suite\u2026<\/a><\/div><\/div>\n<div class=\" pt-cv-content-item pt-cv-1-col\" ><div class=\"pt-cv-taxoterm above_title\"><a href='https:\/\/bibliotheque-sfpe-at.com\/index.php\/category\/auteurs\/spoljar-philippe\/' title='Spoljar Philippe' class='pt-cv-tax-spoljar-philippe'>Spoljar Philippe<\/a><\/div>\n<h4 class=\"pt-cv-title\"><a href=\"https:\/\/bibliotheque-sfpe-at.com\/index.php\/2024\/05\/23\/lintime-du-lieu-esquisse-dune-phenomenologie-du-lien-dans-le-travail-paysan\/\" class=\"_self\" target=\"_self\" >L\u2019intime du lieu : esquisse d\u2019une ph\u00e9nom\u00e9nologie du lien dans le travail paysan<\/a><\/h4>\n<div class=\"pt-cv-content\">Le travail paysan a constitu\u00e9 un milieu de vie dans lequell\u2019int\u00e9riorit\u00e9 se situait moins dans les plis et replis du Moi,dans son \u00ab for int\u00e9rieur \u00bb, que dans ses alentours au lieu m\u00eamedu lien entre l\u2019interne et l\u2019externe. Le labeur paysan noue etd\u00e9noue le mat\u00e9riel &#8230;<\/div>\n<div class=\"pt-cv-rmwrap\"><a href=\"https:\/\/bibliotheque-sfpe-at.com\/index.php\/2024\/05\/23\/lintime-du-lieu-esquisse-dune-phenomenologie-du-lien-dans-le-travail-paysan\/\" class=\"_self pt-cv-readmore btn btn-success\" target=\"_self\" >Lire La Suite\u2026<\/a><\/div><\/div>\n<div class=\" pt-cv-content-item pt-cv-1-col\" ><div class=\"pt-cv-taxoterm above_title\"><a href='https:\/\/bibliotheque-sfpe-at.com\/index.php\/category\/auteurs\/jacob-alby-virginie\/' title='Jacob Alby Virginie' class='pt-cv-tax-jacob-alby-virginie'>Jacob Alby Virginie<\/a><\/div>\n<h4 class=\"pt-cv-title\"><a href=\"https:\/\/bibliotheque-sfpe-at.com\/index.php\/2024\/05\/23\/la-surexposition-des-intimites-quen-est-il-de-lintime\/\" class=\"_self\" target=\"_self\" >La surexposition des intimit\u00e9s : qu\u2019en est-il de l\u2019intime ?<\/a><\/h4>\n<div class=\"pt-cv-content\">Depuis des d\u00e9cennies, des nouvelles formes d\u2019expositionde soi sont apparues gr\u00e2ce au d\u00e9veloppement des r\u00e9seauxsociaux par Internet, les webcams personnelles en sont unexemple. Nous voyons dans ce ph\u00e9nom\u00e8ne, un paradigme del\u2019intimit\u00e9 surexpos\u00e9e mais qui, paradoxalement et selon notrehypoth\u00e8se, ne dit rien de l\u2019intime.Partant de ce &#8230;<\/div>\n<div class=\"pt-cv-rmwrap\"><a href=\"https:\/\/bibliotheque-sfpe-at.com\/index.php\/2024\/05\/23\/la-surexposition-des-intimites-quen-est-il-de-lintime\/\" class=\"_self pt-cv-readmore btn btn-success\" target=\"_self\" >Lire La Suite\u2026<\/a><\/div><\/div>\n<div class=\" pt-cv-content-item pt-cv-1-col\" ><div class=\"pt-cv-taxoterm above_title\"><a href='https:\/\/bibliotheque-sfpe-at.com\/index.php\/category\/auteurs\/boyer-labrouche-annie\/' title='Boyer-Labrouche Annie' class='pt-cv-tax-boyer-labrouche-annie'>Boyer-Labrouche Annie<\/a><\/div>\n<h4 class=\"pt-cv-title\"><a href=\"https:\/\/bibliotheque-sfpe-at.com\/index.php\/2024\/05\/23\/monsieur-b-et-son-double-de-lintime-a-lintime\/\" class=\"_self\" target=\"_self\" >Monsieur b&#8230; Et son double de l\u2019intime \u00e0 l\u2019intime<\/a><\/h4>\n<div class=\"pt-cv-content\">Je vais pr\u00e9senter l\u2019observation de M. B\u2026, patient suivi pendant de nombreuses ann\u00e9es en institution psychiatrique.Il s\u2019agit de montrer comment, \u00e0 travers son travail artistique(peinture, dessin), il s\u2019approprie sa biographie et se cr\u00e9e un mondeintime autocentr\u00e9 n\u00e9cessaire \u00e0 sa survie psychique.Dans la premi\u00e8re partie de &#8230;<\/div>\n<div class=\"pt-cv-rmwrap\"><a href=\"https:\/\/bibliotheque-sfpe-at.com\/index.php\/2024\/05\/23\/monsieur-b-et-son-double-de-lintime-a-lintime\/\" class=\"_self pt-cv-readmore btn btn-success\" target=\"_self\" >Lire La Suite\u2026<\/a><\/div><\/div>\n<div class=\" pt-cv-content-item pt-cv-1-col\" ><div class=\"pt-cv-taxoterm above_title\"><a href='https:\/\/bibliotheque-sfpe-at.com\/index.php\/category\/auteurs\/cesari-emmanuelle\/' title='Cesari Emmanuelle' class='pt-cv-tax-cesari-emmanuelle'>Cesari Emmanuelle<\/a><\/div>\n<h4 class=\"pt-cv-title\"><a href=\"https:\/\/bibliotheque-sfpe-at.com\/index.php\/2024\/05\/23\/internet-libre-passe-par-la-preservation-de-lintime\/\" class=\"_self\" target=\"_self\" >Internet libre passe par la pr\u00e9servation de l\u2019intime<\/a><\/h4>\n<div class=\"pt-cv-content\">D\u00e9finir l\u2019intime, sa construction, son exploitation, sa r\u00e9alisation est difficile en raison de son caract\u00e8re secret, del\u2019\u00e2ge et de la subjectivit\u00e9 du sujet d\u2019une part, de l\u2019impact soci\u00e9tal et environnemental d\u2019autre part.Les diff\u00e9rences entre g\u00e9n\u00e9rations, l\u2019explosion des r\u00e9seaux sociaux et la difficult\u00e9 \u00e0 contourner le &#8230;<\/div>\n<div class=\"pt-cv-rmwrap\"><a href=\"https:\/\/bibliotheque-sfpe-at.com\/index.php\/2024\/05\/23\/internet-libre-passe-par-la-preservation-de-lintime\/\" class=\"_self pt-cv-readmore btn btn-success\" target=\"_self\" >Lire La Suite\u2026<\/a><\/div><\/div><\/div><\/div> <\/div> <style>\n\n#pt-cv-view-3i0h7lt2 .pt-cv-meta-fields {  }#pt-cv-view-3i0h7lt2 .pt-cv-meta-fields * { font-size: 13px; }#pt-cv-view-3i0h7lt2 .pt-cv-thumb-wrapper:not(.miniwrap) {  }#pt-cv-view-3i0h7lt2 .pt-cv-thumbnail:not(.pt-cv-thumbnailsm) { height: 250px; }#pt-cv-view-3i0h7lt2 .pt-cv-title a { display: block;color: #a83838; }#pt-cv-view-3i0h7lt2 .pt-cv-title:not(.pt-cv-titlesm) a { font-weight: 600;text-decoration: none;font-size: 20px; }#pt-cv-view-3i0h7lt2 .pt-cv-titlesm a { font-weight: 600;font-size: 18px; }#pt-cv-view-3i0h7lt2 .pt-cv-content { font-size: 12px; }#pt-cv-view-3i0h7lt2 .pt-cv-rmwrap {  }#pt-cv-view-3i0h7lt2 .pt-cv-readmore { color: #951a1a;background-color: #ffffff00;font-style: italic;font-size: 12px; }#pt-cv-view-3i0h7lt2 .pt-cv-taxoterm {  }#pt-cv-view-3i0h7lt2 .pt-cv-taxoterm * { color: #9badb7;background-color: #f5f0f057;border-style: solid;font-size: 14px;border-width: 1.5px 1.5px 1.5px 1.5px;border-radius: 8px 8px 8px 8px; }#pt-cv-view-3i0h7lt2 + .pt-cv-pagination-wrapper {  }#pt-cv-view-3i0h7lt2 + .pt-cv-pagination-wrapper a { font-size: 14px; }#pt-cv-view-3i0h7lt2 > .pt-cv-page {grid-template-columns: repeat(4, 1fr);grid-gap: 13px;}\n@media all and (max-width: 1024px) { \n#pt-cv-view-3i0h7lt2 > .pt-cv-page {}\n} \n@media all and (max-width: 767px) { \n#pt-cv-view-3i0h7lt2 > .pt-cv-page {grid-template-columns: repeat(1, 1fr);}\n} <\/style>\n\n\n<p><\/p>\n","protected":false},"excerpt":{"rendered":"<p>Lors de nos derni\u00e8res Journ\u00e9es d\u2019automne, nous abordions, avec l\u2019\u00e9tranger, la question des fronti\u00e8res. Et par l\u00e0-m\u00eame celle de \u00ab&nbsp;l\u2019intime&nbsp;\u00bb qui, \u00e0 l\u2019instar d\u2019un diptyque, sera travaill\u00e9e cette ann\u00e9e dans une approche inter et transdisciplinaire sur les plans artistiques, cliniques et soci\u00e9taux. Comment la pratique artistique se nourrit-elle de l\u2019intime&hellip;<\/p>\n","protected":false},"author":2,"featured_media":1171,"comment_status":"closed","ping_status":"open","sticky":false,"template":"","format":"standard","meta":{"pmpro_default_level":"","ngg_post_thumbnail":0,"footnotes":""},"categories":[2],"tags":[27],"class_list":["post-1170","post","type-post","status-publish","format-standard","has-post-thumbnail","hentry","category-journees-dautomne","tag-apres-2010","pmpro-has-access"],"_links":{"self":[{"href":"https:\/\/bibliotheque-sfpe-at.com\/index.php\/wp-json\/wp\/v2\/posts\/1170","targetHints":{"allow":["GET"]}}],"collection":[{"href":"https:\/\/bibliotheque-sfpe-at.com\/index.php\/wp-json\/wp\/v2\/posts"}],"about":[{"href":"https:\/\/bibliotheque-sfpe-at.com\/index.php\/wp-json\/wp\/v2\/types\/post"}],"author":[{"embeddable":true,"href":"https:\/\/bibliotheque-sfpe-at.com\/index.php\/wp-json\/wp\/v2\/users\/2"}],"replies":[{"embeddable":true,"href":"https:\/\/bibliotheque-sfpe-at.com\/index.php\/wp-json\/wp\/v2\/comments?post=1170"}],"version-history":[{"count":3,"href":"https:\/\/bibliotheque-sfpe-at.com\/index.php\/wp-json\/wp\/v2\/posts\/1170\/revisions"}],"predecessor-version":[{"id":1479,"href":"https:\/\/bibliotheque-sfpe-at.com\/index.php\/wp-json\/wp\/v2\/posts\/1170\/revisions\/1479"}],"wp:featuredmedia":[{"embeddable":true,"href":"https:\/\/bibliotheque-sfpe-at.com\/index.php\/wp-json\/wp\/v2\/media\/1171"}],"wp:attachment":[{"href":"https:\/\/bibliotheque-sfpe-at.com\/index.php\/wp-json\/wp\/v2\/media?parent=1170"}],"wp:term":[{"taxonomy":"category","embeddable":true,"href":"https:\/\/bibliotheque-sfpe-at.com\/index.php\/wp-json\/wp\/v2\/categories?post=1170"},{"taxonomy":"post_tag","embeddable":true,"href":"https:\/\/bibliotheque-sfpe-at.com\/index.php\/wp-json\/wp\/v2\/tags?post=1170"}],"curies":[{"name":"wp","href":"https:\/\/api.w.org\/{rel}","templated":true}]}}