{"id":1173,"date":"2024-05-22T15:49:25","date_gmt":"2024-05-22T13:49:25","guid":{"rendered":"https:\/\/sfpe-at.com\/?p=1173"},"modified":"2025-03-24T11:19:03","modified_gmt":"2025-03-24T10:19:03","slug":"emotion-esthetique-et-accordages-dans-le-groupe-art-therapeutique-vers-lexpression-de-lintime","status":"publish","type":"post","link":"https:\/\/bibliotheque-sfpe-at.com\/index.php\/2024\/05\/22\/emotion-esthetique-et-accordages-dans-le-groupe-art-therapeutique-vers-lexpression-de-lintime\/","title":{"rendered":"\u00c9motion esth\u00e9tique et accordages dans le groupe art-th\u00e9rapeutique : vers l\u2019expression de l\u2019intime"},"content":{"rendered":"\n<div class=\"wp-block-columns is-layout-flex wp-container-core-columns-is-layout-28f84493 wp-block-columns-is-layout-flex\">\n<div class=\"wp-block-column is-layout-flow wp-block-column-is-layout-flow\" style=\"flex-basis:66.66%\">\n<p>Je propose de pr\u00e9senter dans ma communication la fa\u00e7on dont l\u2019\u00e9motion esth\u00e9tique, en situation de groupe, peut ame ner le sujet \u00e0 renouer avec le plus intime de son \u00eatre, dans un mouvement de reconstruction du point de vue des limites psychocorporelles. Il est apparu, au cours de mes recherches aupr\u00e8s de sujets psychotiques, que les r\u00e9sonances d\u2019\u00e9motions esth\u00e9tiques dans le groupe art-th\u00e9rapeutique amenaient \u00e0 des accordages propices \u00e0 cette mise en mouvement. J\u2019envisage ici l\u2019\u00e9motion esth\u00e9tique comme une sp\u00e9cificit\u00e9 de la situation d\u2019artiste dans le lien art-th\u00e9rapeutique qui inclut sa sensibilit\u00e9 esth\u00e9tique en miroir aux questionnements esth\u00e9tiques du sujet cr\u00e9ant. L\u2019\u00e9prouv\u00e9 en contre-transfert fait ainsi partie int\u00e9grante des accordages \u00e0 l\u2019oeuvre au sein du groupe. Aupr\u00e8s de ces sujets, j\u2019ai pu mettre en relation la nature des r\u00e9sonances \u00e9motionnelles que j\u2019\u00e9voque avec l\u2019apparition de fronti\u00e8res dedans-dehors, de contenants, dans les oeuvres. Il en r\u00e9sulte, pour le sujet psychotique, tout un processus de subjectivation en lien \u00e0 l\u2019effet-miroir de l\u2019oeuvre, impliquant le regard de l\u2019art-th\u00e9rapeute. Ce processus conduit le sujet \u00e0 une r\u00e9appropriation \u00ab habit\u00e9e \u00bb de son corps o\u00f9 l\u2019expression de l\u2019intime, notamment le f\u00e9minin intime, peut se r\u00e9v\u00e9ler sur l\u2019oeuvre, l\u00e0 o\u00f9 il ne peut \u00eatre signifi\u00e9 par des mots.&nbsp;&nbsp; <\/p>\n\n\n\n<p class=\"has-vivid-red-color has-text-color has-link-color wp-elements-9c1e96ff9dba32d7235d095bf67d8efb\"><strong><em>Pour lire le texte complet <a href=\"\/index.php\/options-dinscription\/\"><mark style=\"background-color:rgba(0, 0, 0, 0)\" class=\"has-inline-color has-vivid-cyan-blue-color\">s&rsquo;inscrire<\/mark><\/a> ou <a href=\"\/index.php\/my-account\/edit-account\/\"><mark style=\"background-color:rgba(0, 0, 0, 0)\" class=\"has-inline-color has-vivid-cyan-blue-color\">se connecter<\/mark><\/a><\/em><\/strong><\/p>\n\n\n\n\n\n<div style=\"height:100px\" aria-hidden=\"true\" class=\"wp-block-spacer\"><\/div>\n\n\n\n<div class=\"wp-block-buttons is-content-justification-center is-layout-flex wp-container-core-buttons-is-layout-a89b3969 wp-block-buttons-is-layout-flex\">\n<div class=\"wp-block-button has-custom-font-size has-small-font-size\"><a class=\"wp-block-button__link has-vivid-red-background-color has-background wp-element-button\" href=\"\/index.php\/2024\/05\/22\/lintime\/\">&lt;&#8211; retour<\/a><\/div>\n<\/div>\n<\/div>\n\n\n\n<div class=\"wp-block-column is-layout-flow wp-block-column-is-layout-flow\" style=\"flex-basis:33.33%\">\n<figure class=\"wp-block-table\"><table class=\"has-background\" style=\"background-color:#f8f2f2\"><thead><tr><th><mark class=\"has-inline-color has-vivid-red-color\" style=\"background-color: rgba(0, 0, 0, 0);\"><strong>Auteur<\/strong><\/mark><\/th><\/tr><\/thead><tbody><tr><td><strong>G\u00e9raldine Canet<\/strong><\/td><\/tr><\/tbody><\/table><\/figure>\n\n\n\n<figure class=\"wp-block-table\"><table><thead><tr><th><mark class=\"has-inline-color has-vivid-red-color\" style=\"background-color: rgba(0, 0, 0, 0);\"><strong>R\u00e9f\u00e9rence<\/strong><\/mark><\/th><\/tr><\/thead><tbody><tr><td><strong>RA010-01<\/strong><br><strong>L&rsquo;Intime<\/strong><br>Journ\u00e9es d\u2019Automne 2017<\/td><\/tr><\/tbody><\/table><\/figure>\n\n\n\n<figure class=\"wp-block-table\"><table><thead><tr><th><mark class=\"has-inline-color has-vivid-red-color\" style=\"background-color: rgba(0, 0, 0, 0);\"><strong>Cat\u00e9gories<\/strong><\/mark><\/th><\/tr><\/thead><tbody><tr><td>Art-th\u00e9rapie<br>Cas clinique<\/td><\/tr><\/tbody><\/table><\/figure>\n<\/div>\n<\/div>\n","protected":false},"excerpt":{"rendered":"<p>Je propose de pr\u00e9senter dans ma communication la fa\u00e7on dont l\u2019\u00e9motion esth\u00e9tique, en situation de groupe, peut ame ner le sujet \u00e0 renouer avec le plus intime de son \u00eatre, dans un mouvement de reconstruction du point de vue des limites psychocorporelles. Il est apparu, au cours de mes recherches&hellip;<\/p>\n","protected":false},"author":2,"featured_media":0,"comment_status":"closed","ping_status":"open","sticky":false,"template":"","format":"standard","meta":{"pmpro_default_level":"","ngg_post_thumbnail":0,"footnotes":""},"categories":[153],"tags":[492,493,154,152],"class_list":["post-1173","post","type-post","status-publish","format-standard","hentry","category-canet-geraldine","tag-art-therapie","tag-cas-clinique","tag-lintime","tag-ra010-01","pmpro-has-access"],"_links":{"self":[{"href":"https:\/\/bibliotheque-sfpe-at.com\/index.php\/wp-json\/wp\/v2\/posts\/1173","targetHints":{"allow":["GET"]}}],"collection":[{"href":"https:\/\/bibliotheque-sfpe-at.com\/index.php\/wp-json\/wp\/v2\/posts"}],"about":[{"href":"https:\/\/bibliotheque-sfpe-at.com\/index.php\/wp-json\/wp\/v2\/types\/post"}],"author":[{"embeddable":true,"href":"https:\/\/bibliotheque-sfpe-at.com\/index.php\/wp-json\/wp\/v2\/users\/2"}],"replies":[{"embeddable":true,"href":"https:\/\/bibliotheque-sfpe-at.com\/index.php\/wp-json\/wp\/v2\/comments?post=1173"}],"version-history":[{"count":5,"href":"https:\/\/bibliotheque-sfpe-at.com\/index.php\/wp-json\/wp\/v2\/posts\/1173\/revisions"}],"predecessor-version":[{"id":4564,"href":"https:\/\/bibliotheque-sfpe-at.com\/index.php\/wp-json\/wp\/v2\/posts\/1173\/revisions\/4564"}],"wp:attachment":[{"href":"https:\/\/bibliotheque-sfpe-at.com\/index.php\/wp-json\/wp\/v2\/media?parent=1173"}],"wp:term":[{"taxonomy":"category","embeddable":true,"href":"https:\/\/bibliotheque-sfpe-at.com\/index.php\/wp-json\/wp\/v2\/categories?post=1173"},{"taxonomy":"post_tag","embeddable":true,"href":"https:\/\/bibliotheque-sfpe-at.com\/index.php\/wp-json\/wp\/v2\/tags?post=1173"}],"curies":[{"name":"wp","href":"https:\/\/api.w.org\/{rel}","templated":true}]}}