{"id":1179,"date":"2024-05-22T15:59:16","date_gmt":"2024-05-22T13:59:16","guid":{"rendered":"https:\/\/sfpe-at.com\/?p=1179"},"modified":"2025-03-24T11:20:22","modified_gmt":"2025-03-24T10:20:22","slug":"entre-devoilement-et-detournement-de-lintime-dans-limage","status":"publish","type":"post","link":"https:\/\/bibliotheque-sfpe-at.com\/index.php\/2024\/05\/22\/entre-devoilement-et-detournement-de-lintime-dans-limage\/","title":{"rendered":"Entre d\u00e9voilement et d\u00e9tournement de l\u2019intime dans l\u2019image"},"content":{"rendered":"\n<div class=\"wp-block-columns is-layout-flex wp-container-core-columns-is-layout-28f84493 wp-block-columns-is-layout-flex\">\n<div class=\"wp-block-column is-layout-flow wp-block-column-is-layout-flow\" style=\"flex-basis:66.66%\">\n<p>L\u2019intime, comme l\u2019\u00e9crivait Val\u00e9ry \u00e0 propos de la peau, est ce qu\u2019il y a de plus profond en nous. Lorsque l\u2019intime est exprim\u00e9, il r\u00e9v\u00e8le \u2014 et parfois m\u00eame trahit \u2014 les d\u00e9sirs les plus secrets ou les plus inavouables. Freud envisageait par la voie d\u00e9tourn\u00e9e de l\u2019art, une possibilit\u00e9 pour l\u2019artiste de passer de la frustration n\u00e9vrotique qui l\u2019incite \u00e0 fantasmer \u00e0 la r\u00e9alisation de son d\u00e9sir dans la r\u00e9alit\u00e9 : \u00ab Il sait d\u2019abord donner \u00e0 ses r\u00eaves \u00e9veill\u00e9s une forme telle qu\u2019ils perdent tout caract\u00e8re personnel susceptible de rebuter les \u00e9trangers, et deviennent une source de jouissance pour les autres. Il sait \u00e9galement les embellir de fa\u00e7on \u00e0 dissimuler leur origine suspecte \u00bb. (Introduction \u00e0 la psychanalyse, 1916-1917). Selon cette conception, la cr\u00e9ation artistique dissimule autant qu\u2019elle montre. Qu\u2019en est-il dans le cadre des psychoth\u00e9rapies \u00e0 m\u00e9diations plastiques lorsque l\u2019intime de la cr\u00e9ation vient \u00e0 d\u00e9voiler et pr\u00e9sentifier dans l\u2019image peinte, le dessin ou le modelage, ce qui jusqu\u2019alors demeurait cach\u00e9 du d\u00e9sir inconscient ou du trauma? Peut-on parler, dans certains cas d\u2019un \u00e9chec de la sublimation lorsque l\u2019image met brusquement \u00e0 nu l\u2019intime ? Il se pourrait bien que l\u2019image dans ce qu\u2019elle rec\u00e8le d\u2019un visuel inconscient poss\u00e8de un pouvoir d\u2019effraction psychique \u2014 et donc traumatique \u2014 quand elle livre aux regards du patient et du th\u00e9rapeute des \u00e9l\u00e9ments du refoul\u00e9. D\u00e9voiler l\u2019intime n\u2019est pas sans risque et le discernement reste de mise pour le th\u00e9rapeute pris entre fascination-s\u00e9duction et antipathie-r\u00e9pulsion sur ce qui lui est donn\u00e9 \u00e0 voir en partage. Quelques situations cliniques viendront \u00e9tayer cette proposition.<\/p>\n\n\n\n<p class=\"has-vivid-red-color has-text-color has-link-color wp-elements-9c1e96ff9dba32d7235d095bf67d8efb\"><strong><em>Pour lire le texte complet <a href=\"\/index.php\/options-dinscription\/\"><mark style=\"background-color:rgba(0, 0, 0, 0)\" class=\"has-inline-color has-vivid-cyan-blue-color\">s&rsquo;inscrire<\/mark><\/a> ou <a href=\"\/index.php\/my-account\/edit-account\/\"><mark style=\"background-color:rgba(0, 0, 0, 0)\" class=\"has-inline-color has-vivid-cyan-blue-color\">se connecter<\/mark><\/a><\/em><\/strong><\/p>\n\n\n\n\n\n<div style=\"height:100px\" aria-hidden=\"true\" class=\"wp-block-spacer\"><\/div>\n\n\n\n<div class=\"wp-block-buttons is-content-justification-center is-layout-flex wp-container-core-buttons-is-layout-a89b3969 wp-block-buttons-is-layout-flex\">\n<div class=\"wp-block-button has-custom-font-size has-small-font-size\"><a class=\"wp-block-button__link has-vivid-red-background-color has-background wp-element-button\" href=\"\/index.php\/2024\/05\/22\/lintime\/\">&lt;&#8211; retour<\/a><\/div>\n<\/div>\n<\/div>\n\n\n\n<div class=\"wp-block-column is-layout-flow wp-block-column-is-layout-flow\" style=\"flex-basis:33.33%\">\n<figure class=\"wp-block-table\"><table class=\"has-background\" style=\"background-color:#f8f2f2\"><thead><tr><th><mark class=\"has-inline-color has-vivid-red-color\" style=\"background-color: rgba(0, 0, 0, 0);\"><strong>Auteur<\/strong><\/mark><\/th><\/tr><\/thead><tbody><tr><td><strong>Dominique Sens<\/strong><\/td><\/tr><\/tbody><\/table><\/figure>\n\n\n\n<figure class=\"wp-block-table\"><table><thead><tr><th><mark class=\"has-inline-color has-vivid-red-color\" style=\"background-color: rgba(0, 0, 0, 0);\"><strong>R\u00e9f\u00e9rence<\/strong><\/mark><\/th><\/tr><\/thead><tbody><tr><td><strong>RA010-03<\/strong><br><strong>L&rsquo;Intime<\/strong><br>Journ\u00e9es d\u2019Automne 2017<\/td><\/tr><\/tbody><\/table><\/figure>\n\n\n\n<figure class=\"wp-block-table\"><table><thead><tr><th><mark class=\"has-inline-color has-vivid-red-color\" style=\"background-color: rgba(0, 0, 0, 0);\"><strong>Cat\u00e9gories<\/strong><\/mark><\/th><\/tr><\/thead><tbody><tr><td>Dessin<br>Peinture<br>Cas clinique<\/td><\/tr><\/tbody><\/table><\/figure>\n\n\n<div class=\"logged-out wp-block-loginout\"><a href=\"https:\/\/bibliotheque-sfpe-at.com\/index.php\/login\/?redirect_to=https%3A%2F%2Fbibliotheque-sfpe-at.com%2Findex.php%2Fwp-json%2Fwp%2Fv2%2Fposts%2F1179\">Connexion<\/a><\/div><\/div>\n<\/div>\n","protected":false},"excerpt":{"rendered":"<p>L\u2019intime, comme l\u2019\u00e9crivait Val\u00e9ry \u00e0 propos de la peau, est ce qu\u2019il y a de plus profond en nous. Lorsque l\u2019intime est exprim\u00e9, il r\u00e9v\u00e8le \u2014 et parfois m\u00eame trahit \u2014 les d\u00e9sirs les plus secrets ou les plus inavouables. Freud envisageait par la voie d\u00e9tourn\u00e9e de l\u2019art, une possibilit\u00e9&hellip;<\/p>\n","protected":false},"author":2,"featured_media":0,"comment_status":"closed","ping_status":"open","sticky":false,"template":"","format":"standard","meta":{"pmpro_default_level":"","ngg_post_thumbnail":0,"footnotes":""},"categories":[102],"tags":[508,493,154,484,156],"class_list":["post-1179","post","type-post","status-publish","format-standard","hentry","category-sens-dominique","tag-dessin","tag-cas-clinique","tag-lintime","tag-peinture","tag-ra010-03","pmpro-has-access"],"_links":{"self":[{"href":"https:\/\/bibliotheque-sfpe-at.com\/index.php\/wp-json\/wp\/v2\/posts\/1179","targetHints":{"allow":["GET"]}}],"collection":[{"href":"https:\/\/bibliotheque-sfpe-at.com\/index.php\/wp-json\/wp\/v2\/posts"}],"about":[{"href":"https:\/\/bibliotheque-sfpe-at.com\/index.php\/wp-json\/wp\/v2\/types\/post"}],"author":[{"embeddable":true,"href":"https:\/\/bibliotheque-sfpe-at.com\/index.php\/wp-json\/wp\/v2\/users\/2"}],"replies":[{"embeddable":true,"href":"https:\/\/bibliotheque-sfpe-at.com\/index.php\/wp-json\/wp\/v2\/comments?post=1179"}],"version-history":[{"count":7,"href":"https:\/\/bibliotheque-sfpe-at.com\/index.php\/wp-json\/wp\/v2\/posts\/1179\/revisions"}],"predecessor-version":[{"id":4566,"href":"https:\/\/bibliotheque-sfpe-at.com\/index.php\/wp-json\/wp\/v2\/posts\/1179\/revisions\/4566"}],"wp:attachment":[{"href":"https:\/\/bibliotheque-sfpe-at.com\/index.php\/wp-json\/wp\/v2\/media?parent=1179"}],"wp:term":[{"taxonomy":"category","embeddable":true,"href":"https:\/\/bibliotheque-sfpe-at.com\/index.php\/wp-json\/wp\/v2\/categories?post=1179"},{"taxonomy":"post_tag","embeddable":true,"href":"https:\/\/bibliotheque-sfpe-at.com\/index.php\/wp-json\/wp\/v2\/tags?post=1179"}],"curies":[{"name":"wp","href":"https:\/\/api.w.org\/{rel}","templated":true}]}}