{"id":1181,"date":"2024-05-22T16:08:45","date_gmt":"2024-05-22T14:08:45","guid":{"rendered":"https:\/\/sfpe-at.com\/?p=1181"},"modified":"2025-03-24T11:20:59","modified_gmt":"2025-03-24T10:20:59","slug":"rencontre-de-soi-a-soi-avec-son-intime","status":"publish","type":"post","link":"https:\/\/bibliotheque-sfpe-at.com\/index.php\/2024\/05\/22\/rencontre-de-soi-a-soi-avec-son-intime\/","title":{"rendered":"Rencontre de soi \u00e0 soi avec son intime"},"content":{"rendered":"\n<div class=\"wp-block-columns is-layout-flex wp-container-core-columns-is-layout-28f84493 wp-block-columns-is-layout-flex\">\n<div class=\"wp-block-column is-layout-flow wp-block-column-is-layout-flow\" style=\"flex-basis:66.66%\">\n<p>L\u2019intime est ce que nous percevons de l\u2019int\u00e9rieur de nous-m\u00eames, plus sensation que perception consciente, et qui est indicible et non partageable. L\u2019intimit\u00e9 en est une extension. C\u2019est ce que nous acceptons de livrer de notre intime. L\u2019art-th\u00e9rapie travaille traditionnellement dans le montr\u00e9 \u00e0 l\u2019art-th\u00e9rapeute, voire au groupe de l\u2019atelier. L\u2019art-th\u00e9rapie peut-elle \u00eatre aussi une affaire entre le patient et lui-m\u00eame, amen\u00e9e par l\u2019art-th\u00e9rapeute, mais \u00e0 laquelle il n\u2019aurait pas forc\u00e9ment toujours acc\u00e8s ? Cela suppose que le travail se passe aussi pour la personne entre soi et soi, dans la rencontre intime avec ses productions sans qu\u2019elles soient montr\u00e9es. Nous examinerons en quoi consistent ces suggestions de l\u2019art-th\u00e9rapeute, de confrontation silencieuse de la personne \u00e0 sa production, sans que l\u2019art-th\u00e9rapeute lui-m\u00eame ne puisse la percevoir ? Sorte de message \u00e9nigmatique devant lequel la personne en soin m\u00e9ditera, qu\u2019elle contemplera (cf. Schopenhauer), qu\u2019elle recevra sensitivement. Il est des ateliers d\u2019\u00e9criture qui ne passent pas \u00e0 chaque production par une lecture \u00e0 voix haute. Il est des productions plastiques que la personne tient secr\u00e8tes sans les montrer \u00e0 quiconque. Il est m\u00eame des m\u00e9lop\u00e9es que la personne \u00e9met en sourdine, noy\u00e9es dans un groupe o\u00f9 chacun fait le m\u00eame exercice. Il est des gestualit\u00e9s discr\u00e8tes. Car l\u2019important est de s\u2019adresser \u00e0 soi-m\u00eame.<\/p>\n\n\n\n<p class=\"has-vivid-red-color has-text-color has-link-color wp-elements-9c1e96ff9dba32d7235d095bf67d8efb\"><strong><em>Pour lire le texte complet <a href=\"\/index.php\/options-dinscription\/\"><mark style=\"background-color:rgba(0, 0, 0, 0)\" class=\"has-inline-color has-vivid-cyan-blue-color\">s&rsquo;inscrire<\/mark><\/a> ou <a href=\"\/index.php\/my-account\/edit-account\/\"><mark style=\"background-color:rgba(0, 0, 0, 0)\" class=\"has-inline-color has-vivid-cyan-blue-color\">se connecter<\/mark><\/a><\/em><\/strong><\/p>\n\n\n\n\n\n<div style=\"height:100px\" aria-hidden=\"true\" class=\"wp-block-spacer\"><\/div>\n\n\n\n<div class=\"wp-block-buttons is-content-justification-center is-layout-flex wp-container-core-buttons-is-layout-a89b3969 wp-block-buttons-is-layout-flex\">\n<div class=\"wp-block-button has-custom-font-size has-small-font-size\"><a class=\"wp-block-button__link has-vivid-red-background-color has-background wp-element-button\" href=\"\/index.php\/2024\/05\/22\/lintime\/\">&lt;&#8211; retour<\/a><\/div>\n<\/div>\n<\/div>\n\n\n\n<div class=\"wp-block-column is-layout-flow wp-block-column-is-layout-flow\" style=\"flex-basis:33.33%\">\n<figure class=\"wp-block-table\"><table class=\"has-background\" style=\"background-color:#f8f2f2\"><thead><tr><th><mark class=\"has-inline-color has-vivid-red-color\" style=\"background-color: rgba(0, 0, 0, 0);\"><strong>Auteur<\/strong><\/mark><\/th><\/tr><\/thead><tbody><tr><td><strong>Jean-Pierre Klein<\/strong><\/td><\/tr><\/tbody><\/table><\/figure>\n\n\n\n<figure class=\"wp-block-table\"><table><thead><tr><th><mark class=\"has-inline-color has-vivid-red-color\" style=\"background-color: rgba(0, 0, 0, 0);\"><strong>R\u00e9f\u00e9rence<\/strong><\/mark><\/th><\/tr><\/thead><tbody><tr><td><strong>RA010-04<\/strong><br><strong>L&rsquo;Intime<\/strong><br>Journ\u00e9es d\u2019Automne 2017<\/td><\/tr><\/tbody><\/table><\/figure>\n\n\n\n<figure class=\"wp-block-table\"><table><thead><tr><th><mark class=\"has-inline-color has-vivid-red-color\" style=\"background-color: rgba(0, 0, 0, 0);\"><strong>Cat\u00e9gories<\/strong><\/mark><\/th><\/tr><\/thead><tbody><tr><td>Art-th\u00e9rapie<\/td><\/tr><\/tbody><\/table><\/figure>\n<\/div>\n<\/div>\n","protected":false},"excerpt":{"rendered":"<p>L\u2019intime est ce que nous percevons de l\u2019int\u00e9rieur de nous-m\u00eames, plus sensation que perception consciente, et qui est indicible et non partageable. L\u2019intimit\u00e9 en est une extension. C\u2019est ce que nous acceptons de livrer de notre intime. L\u2019art-th\u00e9rapie travaille traditionnellement dans le montr\u00e9 \u00e0 l\u2019art-th\u00e9rapeute, voire au groupe de l\u2019atelier.&hellip;<\/p>\n","protected":false},"author":2,"featured_media":0,"comment_status":"closed","ping_status":"open","sticky":false,"template":"","format":"standard","meta":{"pmpro_default_level":"","ngg_post_thumbnail":0,"footnotes":""},"categories":[143],"tags":[492,154,157],"class_list":["post-1181","post","type-post","status-publish","format-standard","hentry","category-klein-jean-pierre","tag-art-therapie","tag-lintime","tag-ra010-04","pmpro-has-access"],"_links":{"self":[{"href":"https:\/\/bibliotheque-sfpe-at.com\/index.php\/wp-json\/wp\/v2\/posts\/1181","targetHints":{"allow":["GET"]}}],"collection":[{"href":"https:\/\/bibliotheque-sfpe-at.com\/index.php\/wp-json\/wp\/v2\/posts"}],"about":[{"href":"https:\/\/bibliotheque-sfpe-at.com\/index.php\/wp-json\/wp\/v2\/types\/post"}],"author":[{"embeddable":true,"href":"https:\/\/bibliotheque-sfpe-at.com\/index.php\/wp-json\/wp\/v2\/users\/2"}],"replies":[{"embeddable":true,"href":"https:\/\/bibliotheque-sfpe-at.com\/index.php\/wp-json\/wp\/v2\/comments?post=1181"}],"version-history":[{"count":4,"href":"https:\/\/bibliotheque-sfpe-at.com\/index.php\/wp-json\/wp\/v2\/posts\/1181\/revisions"}],"predecessor-version":[{"id":4567,"href":"https:\/\/bibliotheque-sfpe-at.com\/index.php\/wp-json\/wp\/v2\/posts\/1181\/revisions\/4567"}],"wp:attachment":[{"href":"https:\/\/bibliotheque-sfpe-at.com\/index.php\/wp-json\/wp\/v2\/media?parent=1181"}],"wp:term":[{"taxonomy":"category","embeddable":true,"href":"https:\/\/bibliotheque-sfpe-at.com\/index.php\/wp-json\/wp\/v2\/categories?post=1181"},{"taxonomy":"post_tag","embeddable":true,"href":"https:\/\/bibliotheque-sfpe-at.com\/index.php\/wp-json\/wp\/v2\/tags?post=1181"}],"curies":[{"name":"wp","href":"https:\/\/api.w.org\/{rel}","templated":true}]}}