{"id":1183,"date":"2024-05-22T16:12:18","date_gmt":"2024-05-22T14:12:18","guid":{"rendered":"https:\/\/sfpe-at.com\/?p=1183"},"modified":"2025-03-24T11:21:32","modified_gmt":"2025-03-24T10:21:32","slug":"la-resonance-intime-sur-toile-et-toilette-de-la-femme","status":"publish","type":"post","link":"https:\/\/bibliotheque-sfpe-at.com\/index.php\/2024\/05\/22\/la-resonance-intime-sur-toile-et-toilette-de-la-femme\/","title":{"rendered":"La r\u00e9sonance intime sur toile et toilette de la femme"},"content":{"rendered":"\n<div class=\"wp-block-columns is-layout-flex wp-container-core-columns-is-layout-28f84493 wp-block-columns-is-layout-flex\">\n<div class=\"wp-block-column is-layout-flow wp-block-column-is-layout-flow\" style=\"flex-basis:66.66%\">\n<p>La femme (f\u00e9minit\u00e9 \u00e0 fleur de peau \/ f\u00e9minin intime de la<br>chair) est la perle (point de mire, foyer, miroir, miracle)<br>de l\u2019intime, qu\u2019elle soit habill\u00e9e ou d\u00e9nud\u00e9e, chez J. Vermeer<br>comme chez P. Bonnard, proph\u00e8tes (nabis \u00e0 deux si\u00e8cles de<br>distance) de ce moment pathique de r\u00e9activit\u00e9 sensitivo-\u00e9mo-<br>tionnelle au monde (kosmos) pas encore organis\u00e9 par des repr\u00e9-<br>sentations formelles ni des contenus diff\u00e9renci\u00e9s.<br>\u00c0 l\u2019instar d\u2019une femme tout enti\u00e8re absorb\u00e9e dans son<br>intimit\u00e9 (sa toilette, son ouvrage, sa quintessence) que le<br>visiteur anonyme ne saurait d\u00e9ranger, tout comme un clinicien<br>qui s\u2019interdit des paroles intrusives, mais non pas une attitude<br>pond\u00e9r\u00e9e, le peintre effleure \u00e0 distance intime le corps du mo-<br>d\u00e8le ; en caressant, poudrant, pigmentant la toile il fabrique<br>une enveloppe capable de contenir, de syntoniser les \u00e9motions<br>discordantes, mais aussi de r\u00e9veiller le bruissement sensible.<br>H. Rorschach (inventeur en 1921 du test \u00e9ponyme des<br>taches d\u2019encre) pour conceptualiser l\u2019\u00e2me de ce type d\u2019appareil<br>d\u2019accordage (tuner) proposera Erlebenistypus judicieusement<br>traduit \u00ab type de r\u00e9sonance intime \u00bb par Ombredane. Il montra<br>que la valeur heuristique et clinique de cet appareil de mesure<br>du sentir \u2014 ici l\u2019intime \u2014 passe par la balance des kinesth\u00e9sies<br>et des chromesth\u00e9sies avec une participation dos\u00e9e des d\u00e9termi-<br>nants formels. Dans l\u2019\u0153uvre patiemment construite, pes\u00e9e, de<br>nos deux parangons de l\u2019intime, l\u2019art de la cosm\u00e9tique et celui<br>de la cosmologie confinent, pour montrer l\u2019accord intime (rela-<br>tedness plus que relationship dira Winnicott) avec le monde et<br>ceux qui l\u2019habitent, \u00e0 un climat de confiance n\u00e9cessaire \u00e0 toute<br>transformation th\u00e9rapeutique et artistique.<\/p>\n\n\n\n<p class=\"has-vivid-red-color has-text-color has-link-color wp-elements-9c1e96ff9dba32d7235d095bf67d8efb\"><strong><em>Pour lire le texte complet <a href=\"\/index.php\/options-dinscription\/\"><mark style=\"background-color:rgba(0, 0, 0, 0)\" class=\"has-inline-color has-vivid-cyan-blue-color\">s&rsquo;inscrire<\/mark><\/a> ou <a href=\"\/index.php\/my-account\/edit-account\/\"><mark style=\"background-color:rgba(0, 0, 0, 0)\" class=\"has-inline-color has-vivid-cyan-blue-color\">se connecter<\/mark><\/a><\/em><\/strong><\/p>\n\n\n\n\n\n<div style=\"height:100px\" aria-hidden=\"true\" class=\"wp-block-spacer\"><\/div>\n\n\n\n<div class=\"wp-block-buttons is-content-justification-center is-layout-flex wp-container-core-buttons-is-layout-a89b3969 wp-block-buttons-is-layout-flex\">\n<div class=\"wp-block-button has-custom-font-size has-small-font-size\"><a class=\"wp-block-button__link has-vivid-red-background-color has-background wp-element-button\" href=\"\/index.php\/2024\/05\/22\/lintime\/\">&lt;&#8211; retour<\/a><\/div>\n<\/div>\n<\/div>\n\n\n\n<div class=\"wp-block-column is-layout-flow wp-block-column-is-layout-flow\" style=\"flex-basis:33.33%\">\n<figure class=\"wp-block-table\"><table class=\"has-background\" style=\"background-color:#f8f2f2\"><thead><tr><th><mark class=\"has-inline-color has-vivid-red-color\" style=\"background-color: rgba(0, 0, 0, 0);\"><strong>Auteur<\/strong><\/mark><\/th><\/tr><\/thead><tbody><tr><td><strong>Jean-Pierre Martineau<\/strong><\/td><\/tr><\/tbody><\/table><\/figure>\n\n\n\n<figure class=\"wp-block-table\"><table><thead><tr><th><mark class=\"has-inline-color has-vivid-red-color\" style=\"background-color: rgba(0, 0, 0, 0);\"><strong>R\u00e9f\u00e9rence<\/strong><\/mark><\/th><\/tr><\/thead><tbody><tr><td><strong>RA010-05<\/strong><br><strong>L&rsquo;Intime<\/strong><br>Journ\u00e9es d\u2019Automne 2017<\/td><\/tr><\/tbody><\/table><\/figure>\n\n\n\n<figure class=\"wp-block-table\"><table><thead><tr><th><mark class=\"has-inline-color has-vivid-red-color\" style=\"background-color: rgba(0, 0, 0, 0);\"><strong>Cat\u00e9gories<\/strong><\/mark><\/th><\/tr><\/thead><tbody><tr><td>Peinture<br>Cin\u00e9ma<\/td><\/tr><\/tbody><\/table><\/figure>\n<\/div>\n<\/div>\n","protected":false},"excerpt":{"rendered":"<p>La femme (f\u00e9minit\u00e9 \u00e0 fleur de peau \/ f\u00e9minin intime de lachair) est la perle (point de mire, foyer, miroir, miracle)de l\u2019intime, qu\u2019elle soit habill\u00e9e ou d\u00e9nud\u00e9e, chez J. Vermeercomme chez P. Bonnard, proph\u00e8tes (nabis \u00e0 deux si\u00e8cles dedistance) de ce moment pathique de r\u00e9activit\u00e9 sensitivo-\u00e9mo-tionnelle au monde (kosmos) pas&hellip;<\/p>\n","protected":false},"author":2,"featured_media":0,"comment_status":"closed","ping_status":"open","sticky":false,"template":"","format":"standard","meta":{"pmpro_default_level":"","ngg_post_thumbnail":0,"footnotes":""},"categories":[41],"tags":[510,154,484,158],"class_list":["post-1183","post","type-post","status-publish","format-standard","hentry","category-martineau-jean-pierre","tag-cinema","tag-lintime","tag-peinture","tag-ra010-05","pmpro-has-access"],"_links":{"self":[{"href":"https:\/\/bibliotheque-sfpe-at.com\/index.php\/wp-json\/wp\/v2\/posts\/1183","targetHints":{"allow":["GET"]}}],"collection":[{"href":"https:\/\/bibliotheque-sfpe-at.com\/index.php\/wp-json\/wp\/v2\/posts"}],"about":[{"href":"https:\/\/bibliotheque-sfpe-at.com\/index.php\/wp-json\/wp\/v2\/types\/post"}],"author":[{"embeddable":true,"href":"https:\/\/bibliotheque-sfpe-at.com\/index.php\/wp-json\/wp\/v2\/users\/2"}],"replies":[{"embeddable":true,"href":"https:\/\/bibliotheque-sfpe-at.com\/index.php\/wp-json\/wp\/v2\/comments?post=1183"}],"version-history":[{"count":4,"href":"https:\/\/bibliotheque-sfpe-at.com\/index.php\/wp-json\/wp\/v2\/posts\/1183\/revisions"}],"predecessor-version":[{"id":4568,"href":"https:\/\/bibliotheque-sfpe-at.com\/index.php\/wp-json\/wp\/v2\/posts\/1183\/revisions\/4568"}],"wp:attachment":[{"href":"https:\/\/bibliotheque-sfpe-at.com\/index.php\/wp-json\/wp\/v2\/media?parent=1183"}],"wp:term":[{"taxonomy":"category","embeddable":true,"href":"https:\/\/bibliotheque-sfpe-at.com\/index.php\/wp-json\/wp\/v2\/categories?post=1183"},{"taxonomy":"post_tag","embeddable":true,"href":"https:\/\/bibliotheque-sfpe-at.com\/index.php\/wp-json\/wp\/v2\/tags?post=1183"}],"curies":[{"name":"wp","href":"https:\/\/api.w.org\/{rel}","templated":true}]}}