{"id":1187,"date":"2024-05-22T16:19:51","date_gmt":"2024-05-22T14:19:51","guid":{"rendered":"https:\/\/sfpe-at.com\/?p=1187"},"modified":"2025-03-24T17:11:44","modified_gmt":"2025-03-24T16:11:44","slug":"lart-la-creation-la-quete-de-ce-nous-perdu-berceau-de-notre-intimite","status":"publish","type":"post","link":"https:\/\/bibliotheque-sfpe-at.com\/index.php\/2024\/05\/22\/lart-la-creation-la-quete-de-ce-nous-perdu-berceau-de-notre-intimite\/","title":{"rendered":"L\u2019art\u2026 la cr\u00e9ation\u2026 la qu\u00eate de ce \u00ab nous \u00bb perdu\u2026 berceau de notre intimit\u00e9"},"content":{"rendered":"\n<div class=\"wp-block-columns is-layout-flex wp-container-core-columns-is-layout-28f84493 wp-block-columns-is-layout-flex\">\n<div class=\"wp-block-column is-layout-flow wp-block-column-is-layout-flow\" style=\"flex-basis:66.66%\">\n<p>Expuls\u00e9s, Adam et \u00c8ve couvrirent leur sexe de feuilles : ils<br>connaissaient enfin l\u2019identification au corps. L\u2019histoire du<br>monde commence l\u00e0 ! Avant, il n\u2019y avait pas d\u2019Histoire, il n\u2019y<br>avait que l\u2019\u00catre, le Paradis. Il a fallu que l\u2019\u00e2me se prenne pour<br>un corps afin qu\u2019elle consent\u00eet \u00e0 quitter le Paradis, \u00e0 procr\u00e9er,<br>\u00e0 travailler.<br>Cet \u00e9v\u00e9nement, nous le vivons tous les matins lorsque, chass\u00e9s de notre sommeil bienheureux, nous nous approprions \u00e0<br>nouveau ce corps m\u00eame malade, vieillissant ou probl\u00e9matique.<br>L\u2019expulsion du Paradis, voil\u00e0 notre lot journalier. L\u2019identification au corps, voil\u00e0 la racine de nos probl\u00e8mes mat\u00e9riels et<br>psychologiques. C\u2019est d\u2019elle que le yogi, l\u2019asc\u00e8te, le mystique<br>tentent de se d\u00e9barrasser afin de retrouver le Paradis.<br>S\u2019\u00e9tant appropri\u00e9 un corps, l\u2019\u00e2me apprend \u00e0 se servir de la<br>mati\u00e8re grise. Elle pense. Et ses pens\u00e9es sont le serpent qui lui<br>chuchote \u00e0 l\u2019oreille les rouages de la tromperie, du profit, du<br>plaisir.<br>Selon la bible, \u00c8ve inaugura le mal en d\u00e9voilant \u00e0 Adam la<br>manipulation de la pens\u00e9e qui se s\u00e9para des lois naturelles et<br>s\u2019appliqua \u00e0 des fins personnelles.<br>Cette scission constitue le deuxi\u00e8me \u00e9l\u00e9ment capital pour<br>l\u2019\u00e9volution du monde, puisque tout le reste en d\u00e9coule, le<br>\u00ab mal \u00bb en particulier et bien s\u00fbr la culpabilit\u00e9. La tentation<br>n\u2019est rien d\u2019autre que cette tendance de la pens\u00e9e \u00e0 se d\u00e9marquer<br>de la r\u00e9alit\u00e9, des faits, des choses. C\u2019est aussi le signe de notre<br>profonde humanit\u00e9, de notre complexit\u00e9 humaine qui nous<br>invite \u00e0 poser des choix, des actes. Si cette pens\u00e9e s\u2019amende<br>et parvient, gr\u00e2ce \u00e0 l\u2019art, \u00e0 \u00e9pouser les \u00e9v\u00e9nements, \u00e0 se subordonner aux faits, elle retrouve alors le chemin de l\u2019union et du<br>salut. L\u2019individu peut alors remonter vers l\u2019\u00eatre, soumettre sa<br>pens\u00e9e aux rythmes naturels du c\u0153ur, du souffle, de l\u2019univers,<br>se r\u00e9approprier une histoire, son histoire originelle, le berceau<br>de son intimit\u00e9\u2026<\/p>\n\n\n\n<p class=\"has-vivid-red-color has-text-color has-link-color wp-elements-9c1e96ff9dba32d7235d095bf67d8efb\"><strong><em>Pour lire le texte complet <a href=\"\/index.php\/options-dinscription\/\"><mark style=\"background-color:rgba(0, 0, 0, 0)\" class=\"has-inline-color has-vivid-cyan-blue-color\">s&rsquo;inscrire<\/mark><\/a> ou <a href=\"\/index.php\/my-account\/edit-account\/\"><mark style=\"background-color:rgba(0, 0, 0, 0)\" class=\"has-inline-color has-vivid-cyan-blue-color\">se connecter<\/mark><\/a><\/em><\/strong><\/p>\n\n\n\n\n\n<div style=\"height:100px\" aria-hidden=\"true\" class=\"wp-block-spacer\"><\/div>\n\n\n\n<div class=\"wp-block-buttons is-content-justification-center is-layout-flex wp-container-core-buttons-is-layout-a89b3969 wp-block-buttons-is-layout-flex\">\n<div class=\"wp-block-button has-custom-font-size has-small-font-size\"><a class=\"wp-block-button__link has-vivid-red-background-color has-background wp-element-button\" href=\"\/index.php\/2024\/05\/22\/lintime\/\">&lt;&#8211; retour<\/a><\/div>\n<\/div>\n<\/div>\n\n\n\n<div class=\"wp-block-column is-layout-flow wp-block-column-is-layout-flow\" style=\"flex-basis:33.33%\">\n<figure class=\"wp-block-table\"><table class=\"has-background\" style=\"background-color:#f8f2f2\"><thead><tr><th><mark class=\"has-inline-color has-vivid-red-color\" style=\"background-color: rgba(0, 0, 0, 0);\"><strong>Auteur<\/strong><\/mark><\/th><\/tr><\/thead><tbody><tr><td><strong>Alain Vasseur<\/strong><\/td><\/tr><\/tbody><\/table><\/figure>\n\n\n\n<figure class=\"wp-block-table\"><table><thead><tr><th><mark class=\"has-inline-color has-vivid-red-color\" style=\"background-color: rgba(0, 0, 0, 0);\"><strong>R\u00e9f\u00e9rence<\/strong><\/mark><\/th><\/tr><\/thead><tbody><tr><td><strong>RA010-07<\/strong><br><strong>L&rsquo;Intime<\/strong><br>Journ\u00e9es d\u2019Automne 2017<\/td><\/tr><\/tbody><\/table><\/figure>\n\n\n\n<figure class=\"wp-block-table\"><table><thead><tr><th><mark class=\"has-inline-color has-vivid-red-color\" style=\"background-color: rgba(0, 0, 0, 0);\"><strong>Cat\u00e9gories<\/strong><\/mark><\/th><\/tr><\/thead><tbody><tr><td>Art-th\u00e9rapie<\/td><\/tr><\/tbody><\/table><\/figure>\n<\/div>\n<\/div>\n","protected":false},"excerpt":{"rendered":"<p>Expuls\u00e9s, Adam et \u00c8ve couvrirent leur sexe de feuilles : ilsconnaissaient enfin l\u2019identification au corps. L\u2019histoire dumonde commence l\u00e0 ! Avant, il n\u2019y avait pas d\u2019Histoire, il n\u2019yavait que l\u2019\u00catre, le Paradis. Il a fallu que l\u2019\u00e2me se prenne pourun corps afin qu\u2019elle consent\u00eet \u00e0 quitter le Paradis, \u00e0 procr\u00e9er,\u00e0&hellip;<\/p>\n","protected":false},"author":2,"featured_media":0,"comment_status":"closed","ping_status":"open","sticky":false,"template":"","format":"standard","meta":{"pmpro_default_level":"","ngg_post_thumbnail":0,"footnotes":""},"categories":[124],"tags":[492,154,160],"class_list":["post-1187","post","type-post","status-publish","format-standard","hentry","category-vasseur-alain","tag-art-therapie","tag-lintime","tag-ra010-07","pmpro-has-access"],"_links":{"self":[{"href":"https:\/\/bibliotheque-sfpe-at.com\/index.php\/wp-json\/wp\/v2\/posts\/1187","targetHints":{"allow":["GET"]}}],"collection":[{"href":"https:\/\/bibliotheque-sfpe-at.com\/index.php\/wp-json\/wp\/v2\/posts"}],"about":[{"href":"https:\/\/bibliotheque-sfpe-at.com\/index.php\/wp-json\/wp\/v2\/types\/post"}],"author":[{"embeddable":true,"href":"https:\/\/bibliotheque-sfpe-at.com\/index.php\/wp-json\/wp\/v2\/users\/2"}],"replies":[{"embeddable":true,"href":"https:\/\/bibliotheque-sfpe-at.com\/index.php\/wp-json\/wp\/v2\/comments?post=1187"}],"version-history":[{"count":4,"href":"https:\/\/bibliotheque-sfpe-at.com\/index.php\/wp-json\/wp\/v2\/posts\/1187\/revisions"}],"predecessor-version":[{"id":4570,"href":"https:\/\/bibliotheque-sfpe-at.com\/index.php\/wp-json\/wp\/v2\/posts\/1187\/revisions\/4570"}],"wp:attachment":[{"href":"https:\/\/bibliotheque-sfpe-at.com\/index.php\/wp-json\/wp\/v2\/media?parent=1187"}],"wp:term":[{"taxonomy":"category","embeddable":true,"href":"https:\/\/bibliotheque-sfpe-at.com\/index.php\/wp-json\/wp\/v2\/categories?post=1187"},{"taxonomy":"post_tag","embeddable":true,"href":"https:\/\/bibliotheque-sfpe-at.com\/index.php\/wp-json\/wp\/v2\/tags?post=1187"}],"curies":[{"name":"wp","href":"https:\/\/api.w.org\/{rel}","templated":true}]}}