{"id":1200,"date":"2024-05-22T16:37:40","date_gmt":"2024-05-22T14:37:40","guid":{"rendered":"https:\/\/sfpe-at.com\/?p=1200"},"modified":"2025-03-24T17:15:17","modified_gmt":"2025-03-24T16:15:17","slug":"les-voix-intimes-du-silence","status":"publish","type":"post","link":"https:\/\/bibliotheque-sfpe-at.com\/index.php\/2024\/05\/22\/les-voix-intimes-du-silence\/","title":{"rendered":"Les voix intimes du silence"},"content":{"rendered":"\n<p><em>\u00ab Les autres chefs jouent les notes, moi je joue ce qu&rsquo;il y a<br>entre les notes. \u00bb <\/em><br><em>Wilhelm Furtw\u00e4ngler \u00e0 un journaliste.<\/em><\/p>\n\n\n\n<div class=\"wp-block-columns is-layout-flex wp-container-core-columns-is-layout-28f84493 wp-block-columns-is-layout-flex\">\n<div class=\"wp-block-column is-layout-flow wp-block-column-is-layout-flow\" style=\"flex-basis:66.66%\">\n<p>Dans la musique, le silence inspire les modulations du<br>temps, il donne le rythme et l\u2019expression. Dans la peinture,<br>il participe \u00e0 l\u2019harmonie. Au-del\u00e0 de son sujet, l\u2019\u0153uvre picturale<br>\u00e9voquant le silence est tranquille de tons et de teintes, vou\u00e9e au<br>calme serein des coloris feutr\u00e9s \u2014 comme chez Vermeer.<br>Les vertus du silence, les com\u00e9diens les connaissent bien. Elles<br>sont l\u2019\u00e2me des grandes interpr\u00e9tations. Qu\u2019y a-t-il donc alors<br>de magique entre les mots ? Le silence inhabit\u00e9 de l\u2019absence ?<br>L\u2019intime \u00e0 l\u2019\u00e9tat pur ?<br>Peut-on exprimer l\u2019intime dans ses profondeurs les plus vraies<br>en donnant au silence le sens d\u2019une parole ? Que devient donc<br>un texte quand, entre les mots, les phrases, les inflexions, les h\u00e9sitations m\u00eames de la voix dans le phras\u00e9, les pauses conf\u00e8rent<br>aux silences la valeur d\u2019une pr\u00e9sence ?<br>Les silences sont pour l\u2019acteur la respiration vivante du texte ;<br>ils donnent \u00e0 l\u2019\u00e9criture son souffle et son \u00e9lan po\u00e9tique. Parfois<br>m\u00eame, ils trahissent le sens des mots. Tel est, dans la prosodie,<br>l\u2019art des pauses silencieuses.<br>C\u2019est aussi le paradoxe de l\u2019analyse. Le silence y est par nature<br>le lieu secret de l\u2019intimit\u00e9, de l\u2019insu, de l\u2019indicible, cette contr\u00e9e<br>peupl\u00e9e d\u2019ombres inconnues et de r\u00eaves \u00e9tranges.<br>Avec Frantz Dekramer, nous avons tent\u00e9 d\u2019explorer les valeurs<br>expressives du silence dans la dramaturgie d\u2019une interpr\u00e9tation.<br>Si une th\u00e9orie a pu inspirer notre tentative, elle ne sera sugg\u00e9r\u00e9e qu\u2019\u00e0 mi-dire, entre les mots, dans les \u00e9chos inspir\u00e9s des<br>silences.<br>Trois th\u00e8mes, apr\u00e8s le pr\u00e9lude, seront explor\u00e9s :<br>Analyse<br>R\u00eave<br>Amour et haine<br>\u00c9coutons le silence\u2026<\/p>\n\n\n\n<p class=\"has-vivid-red-color has-text-color has-link-color wp-elements-9c1e96ff9dba32d7235d095bf67d8efb\"><strong><em>Pour lire le texte complet <a href=\"\/index.php\/options-dinscription\/\"><mark style=\"background-color:rgba(0, 0, 0, 0)\" class=\"has-inline-color has-vivid-cyan-blue-color\">s&rsquo;inscrire<\/mark><\/a> ou <a href=\"\/index.php\/my-account\/edit-account\/\"><mark style=\"background-color:rgba(0, 0, 0, 0)\" class=\"has-inline-color has-vivid-cyan-blue-color\">se connecter<\/mark><\/a><\/em><\/strong><\/p>\n\n\n\n\n\n<p><\/p>\n\n\n\n<div style=\"height:100px\" aria-hidden=\"true\" class=\"wp-block-spacer\"><\/div>\n\n\n\n<div class=\"wp-block-buttons is-content-justification-center is-layout-flex wp-container-core-buttons-is-layout-a89b3969 wp-block-buttons-is-layout-flex\">\n<div class=\"wp-block-button has-custom-font-size has-small-font-size\"><a class=\"wp-block-button__link has-vivid-red-background-color has-background wp-element-button\" href=\"\/index.php\/2024\/05\/22\/lintime\/\">&lt;&#8211; retour<\/a><\/div>\n<\/div>\n<\/div>\n\n\n\n<div class=\"wp-block-column is-layout-flow wp-block-column-is-layout-flow\" style=\"flex-basis:33.33%\">\n<figure class=\"wp-block-table\"><table class=\"has-background\" style=\"background-color:#f8f2f2\"><thead><tr><th><mark class=\"has-inline-color has-vivid-red-color\" style=\"background-color: rgba(0, 0, 0, 0);\"><strong>Auteur<\/strong><\/mark><\/th><\/tr><\/thead><tbody><tr><td><strong>G\u00e9rard Bout\u00e9<\/strong><\/td><\/tr><\/tbody><\/table><\/figure>\n\n\n\n<figure class=\"wp-block-table\"><table><thead><tr><th><mark class=\"has-inline-color has-vivid-red-color\" style=\"background-color: rgba(0, 0, 0, 0);\"><strong>R\u00e9f\u00e9rence<\/strong><\/mark><\/th><\/tr><\/thead><tbody><tr><td><strong>RA010-13<\/strong><br><strong>L&rsquo;Intime<\/strong><br>Journ\u00e9es d\u2019Automne 2017<\/td><\/tr><\/tbody><\/table><\/figure>\n\n\n\n<figure class=\"wp-block-table\"><table><thead><tr><th><mark class=\"has-inline-color has-vivid-red-color\" style=\"background-color: rgba(0, 0, 0, 0);\"><strong>Cat\u00e9gories<\/strong><\/mark><\/th><\/tr><\/thead><tbody><tr><td>Po\u00e9sie<\/td><\/tr><\/tbody><\/table><\/figure>\n<\/div>\n<\/div>\n","protected":false},"excerpt":{"rendered":"<p>\u00ab Les autres chefs jouent les notes, moi je joue ce qu&rsquo;il y aentre les notes. \u00bb Wilhelm Furtw\u00e4ngler \u00e0 un journaliste. Dans la musique, le silence inspire les modulations dutemps, il donne le rythme et l\u2019expression. Dans la peinture,il participe \u00e0 l\u2019harmonie. Au-del\u00e0 de son sujet, l\u2019\u0153uvre picturale\u00e9voquant le&hellip;<\/p>\n","protected":false},"author":2,"featured_media":0,"comment_status":"closed","ping_status":"open","sticky":false,"template":"","format":"standard","meta":{"pmpro_default_level":"","ngg_post_thumbnail":0,"footnotes":""},"categories":[68,167],"tags":[154,496,166],"class_list":["post-1200","post","type-post","status-publish","format-standard","hentry","category-boute-gerard","category-dekramer-frantz","tag-lintime","tag-poesie","tag-ra010-13","pmpro-has-access"],"_links":{"self":[{"href":"https:\/\/bibliotheque-sfpe-at.com\/index.php\/wp-json\/wp\/v2\/posts\/1200","targetHints":{"allow":["GET"]}}],"collection":[{"href":"https:\/\/bibliotheque-sfpe-at.com\/index.php\/wp-json\/wp\/v2\/posts"}],"about":[{"href":"https:\/\/bibliotheque-sfpe-at.com\/index.php\/wp-json\/wp\/v2\/types\/post"}],"author":[{"embeddable":true,"href":"https:\/\/bibliotheque-sfpe-at.com\/index.php\/wp-json\/wp\/v2\/users\/2"}],"replies":[{"embeddable":true,"href":"https:\/\/bibliotheque-sfpe-at.com\/index.php\/wp-json\/wp\/v2\/comments?post=1200"}],"version-history":[{"count":4,"href":"https:\/\/bibliotheque-sfpe-at.com\/index.php\/wp-json\/wp\/v2\/posts\/1200\/revisions"}],"predecessor-version":[{"id":4576,"href":"https:\/\/bibliotheque-sfpe-at.com\/index.php\/wp-json\/wp\/v2\/posts\/1200\/revisions\/4576"}],"wp:attachment":[{"href":"https:\/\/bibliotheque-sfpe-at.com\/index.php\/wp-json\/wp\/v2\/media?parent=1200"}],"wp:term":[{"taxonomy":"category","embeddable":true,"href":"https:\/\/bibliotheque-sfpe-at.com\/index.php\/wp-json\/wp\/v2\/categories?post=1200"},{"taxonomy":"post_tag","embeddable":true,"href":"https:\/\/bibliotheque-sfpe-at.com\/index.php\/wp-json\/wp\/v2\/tags?post=1200"}],"curies":[{"name":"wp","href":"https:\/\/api.w.org\/{rel}","templated":true}]}}