{"id":1211,"date":"2024-05-23T15:36:12","date_gmt":"2024-05-23T13:36:12","guid":{"rendered":"https:\/\/sfpe-at.com\/?p=1211"},"modified":"2025-03-24T17:18:15","modified_gmt":"2025-03-24T16:18:15","slug":"devoilement-dun-journal-intime-anais-nin","status":"publish","type":"post","link":"https:\/\/bibliotheque-sfpe-at.com\/index.php\/2024\/05\/23\/devoilement-dun-journal-intime-anais-nin\/","title":{"rendered":"D\u00e9voilement d\u2019un journal intime : Ana\u00efs Nin"},"content":{"rendered":"\n<p><em>\u00ab Rien n\u2019existe avant d\u2019\u00eatre \u00e9crit, j\u2019avais l\u2019encre dans le sang. \u00bb<\/em><\/p>\n\n\n\n<div class=\"wp-block-columns is-layout-flex wp-container-core-columns-is-layout-28f84493 wp-block-columns-is-layout-flex\">\n<div class=\"wp-block-column is-layout-flow wp-block-column-is-layout-flow\" style=\"flex-basis:66.66%\">\n<p>Ana\u00efs conna\u00eetra son premier amour avec son p\u00e8re, musicien<br>fantasque et pianiste virtuose, toujours en repr\u00e9sentation.<br>S\u00e9duit et fascin\u00e9 par la beaut\u00e9 de sa fille, il ne cesse de la photographier et d\u2019exposer les images intimes de son corps de petite<br>fille charmante.<br>La rivalit\u00e9 sexuelle qui s\u2019ensuit avec sa m\u00e8re, annonce les<br>d\u00e9sillusions de cette relation id\u00e9alis\u00e9e qui la conduira \u00e0 un<br>d\u00e9sespoir profond quand le p\u00e8re dispara\u00eet d\u00e9finitivement. La<br>petite Ana\u00efs, \u00e0 11 ans, lui \u00e9crira chaque jour des lettres d\u2019amour<br>pour le faire revenir. Ce travail solitaire d\u2019\u00e9criture, entrepris<br>\u00e0 cette occasion, ne s\u2019interrompra jamais. \u00c0 l\u2019adolescence, \u00e0<br>New York o\u00f9 elle vit d\u00e9sormais avec sa m\u00e8re, elle d\u00e9couvre le<br>monde de la mode o\u00f9 elle exhibera ce que son p\u00e8re avait d\u00e9j\u00e0<br>d\u00e9couvert. Elle aime les hommes, les s\u00e9duire, le sexe, danser,<br>s\u2019amuser, s\u2019\u00e9tourdir. Ses amours sont autant charnelles qu\u2019intellectuelles, artistiques et litt\u00e9raires et quand la f\u00eate est finie, elle s\u2019isole chaque jour pour retranscrire ce qu\u2019elle vient de vivre<br>dans son journal. Elle y recr\u00e9e tout de ce qu\u2019elle fait de son<br>corps, de son esprit avec la clairvoyance humaniste de ce qu\u2019elle<br>fait de sa libert\u00e9.<br>Plus ou moins destin\u00e9es \u00e0 la publication, les pages du journal<br>s\u2019amoncellent et Ana\u00efs s\u2019y pr\u00e9sente dans son rapport de compl\u00e9mentarit\u00e9 amoureuse \u00e0 l\u2019homme et \u00e0 la cr\u00e9ation. La libert\u00e9<br>sexuelle exprim\u00e9e la lib\u00e8re du factuel et avec ses ma\u00eetres amants,<br>elle r\u00e8gne dans l\u2019ind\u00e9pendance que lui donne la reconnaissance<br>de sa propre \u0153uvre litt\u00e9raire.<br>Son art est celui de transcrire dans les mots le cheminement<br>d\u2019une vie qui s\u2019engage toujours \u00e0 l\u2019extr\u00eame de ce qui peut arriver. Le talent d\u2019Ana\u00efs est autant dans sa vie que dans son jour-<br>nal. Plus de 25 000 pages dont la r\u00e9putation sulfureuse ne la<br>contrarie pas. Elle sait que c\u2019est l\u2019essence de sa libert\u00e9 qu\u2019elle y<br>donne \u00e0 voir.<br>L\u2019intime qu\u2019elle retranscrit dans son travail d\u2019\u00e9criture devient<br>figure de l\u2019humain, proposition de relativisme sur l\u2019existence<br>qui ne vaut d\u2019\u00eatre v\u00e9cue que dans la joie de sa re-cr\u00e9ation.<\/p>\n\n\n\n<p class=\"has-text-color has-link-color wp-elements-d932a15789af5b5a5f8bd3d12be64c26\" style=\"color:#b82a2a\"><strong><em>Pour lire le texte complet <a href=\"\/index.php\/options-dinscription\/\"><mark style=\"background-color:rgba(0, 0, 0, 0);color:#4f51ac\" class=\"has-inline-color\">s&rsquo;inscrire<\/mark><\/a> ou <a href=\"\/index.php\/my-account\/edit-account\/\"><mark style=\"background-color:rgba(0, 0, 0, 0);color:#4f51ac\" class=\"has-inline-color\">se connecter<\/mark><\/a><\/em><\/strong><\/p>\n\n\n\n\n\n<p><\/p>\n\n\n\n<div style=\"height:100px\" aria-hidden=\"true\" class=\"wp-block-spacer\"><\/div>\n\n\n\n<div class=\"wp-block-buttons is-content-justification-center is-layout-flex wp-container-core-buttons-is-layout-a89b3969 wp-block-buttons-is-layout-flex\">\n<div class=\"wp-block-button has-custom-font-size has-small-font-size\"><a class=\"wp-block-button__link has-vivid-red-background-color has-background wp-element-button\" href=\"\/index.php\/2024\/05\/22\/lintime\/\">&lt;&#8211; retour<\/a><\/div>\n<\/div>\n<\/div>\n\n\n\n<div class=\"wp-block-column is-layout-flow wp-block-column-is-layout-flow\" style=\"flex-basis:33.33%\">\n<figure class=\"wp-block-table\"><table class=\"has-background\" style=\"background-color:#f8f2f2\"><thead><tr><th><mark class=\"has-inline-color has-vivid-red-color\" style=\"background-color: rgba(0, 0, 0, 0);\"><strong>Auteur<\/strong><\/mark><\/th><\/tr><\/thead><tbody><tr><td><strong>Luc Massardier<\/strong><\/td><\/tr><\/tbody><\/table><\/figure>\n\n\n\n<figure class=\"wp-block-table\"><table><thead><tr><th><mark class=\"has-inline-color has-vivid-red-color\" style=\"background-color: rgba(0, 0, 0, 0);\"><strong>R\u00e9f\u00e9rence<\/strong><\/mark><\/th><\/tr><\/thead><tbody><tr><td><strong>RA010-17<\/strong><br><strong>L&rsquo;Intime<\/strong><br>Journ\u00e9es d\u2019Automne 2017<\/td><\/tr><\/tbody><\/table><\/figure>\n\n\n\n<figure class=\"wp-block-table\"><table><thead><tr><th><mark class=\"has-inline-color has-vivid-red-color\" style=\"background-color: rgba(0, 0, 0, 0);\"><strong>Cat\u00e9gories<\/strong><\/mark><\/th><\/tr><\/thead><tbody><tr><td>\u00c9criture<br>Litt\u00e9rature<\/td><\/tr><\/tbody><\/table><\/figure>\n<\/div>\n<\/div>\n","protected":false},"excerpt":{"rendered":"<p>\u00ab Rien n\u2019existe avant d\u2019\u00eatre \u00e9crit, j\u2019avais l\u2019encre dans le sang. \u00bb Ana\u00efs conna\u00eetra son premier amour avec son p\u00e8re, musicienfantasque et pianiste virtuose, toujours en repr\u00e9sentation.S\u00e9duit et fascin\u00e9 par la beaut\u00e9 de sa fille, il ne cesse de la photographier et d\u2019exposer les images intimes de son corps de&hellip;<\/p>\n","protected":false},"author":2,"featured_media":0,"comment_status":"closed","ping_status":"open","sticky":false,"template":"","format":"standard","meta":{"pmpro_default_level":"","ngg_post_thumbnail":0,"footnotes":""},"categories":[48],"tags":[497,154,509,172],"class_list":["post-1211","post","type-post","status-publish","format-standard","hentry","category-massardier-luc","tag-ecriture","tag-lintime","tag-litterature","tag-ra010-17","pmpro-has-access"],"_links":{"self":[{"href":"https:\/\/bibliotheque-sfpe-at.com\/index.php\/wp-json\/wp\/v2\/posts\/1211","targetHints":{"allow":["GET"]}}],"collection":[{"href":"https:\/\/bibliotheque-sfpe-at.com\/index.php\/wp-json\/wp\/v2\/posts"}],"about":[{"href":"https:\/\/bibliotheque-sfpe-at.com\/index.php\/wp-json\/wp\/v2\/types\/post"}],"author":[{"embeddable":true,"href":"https:\/\/bibliotheque-sfpe-at.com\/index.php\/wp-json\/wp\/v2\/users\/2"}],"replies":[{"embeddable":true,"href":"https:\/\/bibliotheque-sfpe-at.com\/index.php\/wp-json\/wp\/v2\/comments?post=1211"}],"version-history":[{"count":4,"href":"https:\/\/bibliotheque-sfpe-at.com\/index.php\/wp-json\/wp\/v2\/posts\/1211\/revisions"}],"predecessor-version":[{"id":4580,"href":"https:\/\/bibliotheque-sfpe-at.com\/index.php\/wp-json\/wp\/v2\/posts\/1211\/revisions\/4580"}],"wp:attachment":[{"href":"https:\/\/bibliotheque-sfpe-at.com\/index.php\/wp-json\/wp\/v2\/media?parent=1211"}],"wp:term":[{"taxonomy":"category","embeddable":true,"href":"https:\/\/bibliotheque-sfpe-at.com\/index.php\/wp-json\/wp\/v2\/categories?post=1211"},{"taxonomy":"post_tag","embeddable":true,"href":"https:\/\/bibliotheque-sfpe-at.com\/index.php\/wp-json\/wp\/v2\/tags?post=1211"}],"curies":[{"name":"wp","href":"https:\/\/api.w.org\/{rel}","templated":true}]}}