{"id":1219,"date":"2024-05-23T15:46:57","date_gmt":"2024-05-23T13:46:57","guid":{"rendered":"https:\/\/sfpe-at.com\/?p=1219"},"modified":"2025-03-24T17:20:06","modified_gmt":"2025-03-24T16:20:06","slug":"le-prix-de-lintime-pour-lart-therapie","status":"publish","type":"post","link":"https:\/\/bibliotheque-sfpe-at.com\/index.php\/2024\/05\/23\/le-prix-de-lintime-pour-lart-therapie\/","title":{"rendered":"Le prix de l\u2019intime pour l\u2019art-th\u00e9rapie"},"content":{"rendered":"\n<p><\/p>\n\n\n\n<div class=\"wp-block-columns is-layout-flex wp-container-core-columns-is-layout-28f84493 wp-block-columns-is-layout-flex\">\n<div class=\"wp-block-column is-layout-flow wp-block-column-is-layout-flow\" style=\"flex-basis:66.66%\">\n<p>Historiquement, l\u2019intimit\u00e9 de l\u2019atelier d\u2019art-th\u00e9rapie venait<br>du dispositif des psychoth\u00e9rapies. \u00c0 souffrance intime,<br>cadre intime, secret et fermeture.<br>Le prix \u00e0 payer pour cette position, tr\u00e8s compr\u00e9hensible et<br>indispensable \u00e0 certains stades de la prise en charge, et selon les<br>patients, a \u00e9t\u00e9 la non-reconnaissance de l\u2019art-th\u00e9rapie. L\u2019art brut<br>n\u2019a pas h\u00e9sit\u00e9 \u00e0 violer cette intimit\u00e9 du monde asilaire, d\u00e9nonc\u00e9e<br>comme une oppression par Dubuffet, mais reconnue comme un<br>facteur et une chance de cr\u00e9ation originale par Th\u00e9voz.<br>Toujours est-il que cet espace \u00e0 l\u2019\u00e9cart s\u2019est lui-m\u00eame<br>condamn\u00e9 \u00e0 se replier sur lui-m\u00eame, et a \u00e9t\u00e9 contourn\u00e9 par les<br>Commissions Culturelles, d\u00e9pass\u00e9 par les art-th\u00e9rapeutes non<br>psychoth\u00e9rapeutes.<br>De plus, les premiers objectifs th\u00e9rapeutiques d\u2019alors ont d\u00fb<br>s\u2019\u00e9largir avec les mouvements socioth\u00e9rapeutiques, et alors l\u2019atelier s\u2019ouvrir.<br>Ce n\u2019est pas tant cette ouverture, finalement l\u00e9gitime, si<br>l\u2019\u0153uvre a ainsi une fonction de parole sociale aidant \u00e0 l\u2019autonomisation, qui pose probl\u00e8me aujourd\u2019hui. Mais la fa\u00e7on de penser et de montrer le travail de l\u2019intime dans les sc\u00e9nographies<br>de l\u2019exposition (puisque tout art doit bien finir aux yeux d\u2019un<br>public \u00e9largi pour m\u00e9riter ce nom). Comme les psychanalystes<br>r\u00e9digent leurs cas de d\u00e9monstration (avec consentement) dans<br>l\u2019\u00e9criture. Comment l\u2019\u0153uvre ou l\u2019\u00e9crit oscillent entre r\u00e9alit\u00e9 et<br>fiction pour exprimer une v\u00e9rit\u00e9 accessible de cet intime, du<br>plus profond de soi, tout en le respectant.<br>\u00c0 l\u2019heure de l\u2019information, et de l\u2019\u00e9ducation th\u00e9rapeutique,<br>de l\u2019utilisation de l\u2019exp\u00e9rience des pairs aidants, des groupes<br>d\u2019entraide, la notion de r\u00e9v\u00e9lation de l\u2019intime \u00e9volue, pourvu<br>qu\u2019elle ait valeur de parole, de communication sinc\u00e8re et authentique, profitable \u00e0 l\u2019autre. Ce doit \u00eatre une des fonctions de<br>l\u2019art de l\u2019art-th\u00e9rapie.<br>Ce qui n\u2019annihile pas la discussion \u00e9thique, et pas seulement<br>du c\u00f4t\u00e9 des soignants, \u00e0 l\u2019heure o\u00f9 les collectionneurs qui sont<br>les pr\u00e9dateurs de l\u2019intime recherchent l\u2019\u0153uvre qui cr\u00e9e le choc<br>\u00e9motionnel, et o\u00f9 l\u2019art contemporain exhibe l\u2019intime en tant<br>qu\u2019\u0153uvre, comme Christian Boltanski, ou Sophie Calle.<\/p>\n\n\n\n<p class=\"has-text-color has-link-color wp-elements-d932a15789af5b5a5f8bd3d12be64c26\" style=\"color:#b82a2a\"><strong><em>Pour lire le texte complet <a href=\"\/index.php\/options-dinscription\/\"><mark style=\"background-color:rgba(0, 0, 0, 0);color:#4f51ac\" class=\"has-inline-color\">s&rsquo;inscrire<\/mark><\/a> ou <a href=\"\/index.php\/my-account\/edit-account\/\"><mark style=\"background-color:rgba(0, 0, 0, 0);color:#4f51ac\" class=\"has-inline-color\">se connecter<\/mark><\/a><\/em><\/strong><\/p>\n\n\n\n\n\n<div style=\"height:100px\" aria-hidden=\"true\" class=\"wp-block-spacer\"><\/div>\n\n\n\n<div class=\"wp-block-buttons is-content-justification-center is-layout-flex wp-container-core-buttons-is-layout-a89b3969 wp-block-buttons-is-layout-flex\">\n<div class=\"wp-block-button has-custom-font-size has-small-font-size\"><a class=\"wp-block-button__link has-vivid-red-background-color has-background wp-element-button\" href=\"\/index.php\/2024\/05\/22\/lintime\/\">&lt;&#8211; retour<\/a><\/div>\n<\/div>\n<\/div>\n\n\n\n<div class=\"wp-block-column is-layout-flow wp-block-column-is-layout-flow\" style=\"flex-basis:33.33%\">\n<figure class=\"wp-block-table\"><table class=\"has-background\" style=\"background-color:#f8f2f2\"><thead><tr><th><mark class=\"has-inline-color has-vivid-red-color\" style=\"background-color: rgba(0, 0, 0, 0);\"><strong>Auteur<\/strong><\/mark><\/th><\/tr><\/thead><tbody><tr><td><strong>Fran\u00e7ois Granier<\/strong><\/td><\/tr><\/tbody><\/table><\/figure>\n\n\n\n<figure class=\"wp-block-table\"><table><thead><tr><th><mark class=\"has-inline-color has-vivid-red-color\" style=\"background-color: rgba(0, 0, 0, 0);\"><strong>R\u00e9f\u00e9rence<\/strong><\/mark><\/th><\/tr><\/thead><tbody><tr><td><strong>RA010-21<\/strong><br><strong>L&rsquo;Intime<\/strong><br>Journ\u00e9es d\u2019Automne 2017<\/td><\/tr><\/tbody><\/table><\/figure>\n\n\n\n<figure class=\"wp-block-table\"><table><thead><tr><th><mark class=\"has-inline-color has-vivid-red-color\" style=\"background-color: rgba(0, 0, 0, 0);\"><strong>Cat\u00e9gories<\/strong><\/mark><\/th><\/tr><\/thead><tbody><tr><td>Art-th\u00e9rapie<\/td><\/tr><\/tbody><\/table><\/figure>\n<\/div>\n<\/div>\n","protected":false},"excerpt":{"rendered":"<p>Historiquement, l\u2019intimit\u00e9 de l\u2019atelier d\u2019art-th\u00e9rapie venaitdu dispositif des psychoth\u00e9rapies. \u00c0 souffrance intime,cadre intime, secret et fermeture.Le prix \u00e0 payer pour cette position, tr\u00e8s compr\u00e9hensible etindispensable \u00e0 certains stades de la prise en charge, et selon lespatients, a \u00e9t\u00e9 la non-reconnaissance de l\u2019art-th\u00e9rapie. L\u2019art brutn\u2019a pas h\u00e9sit\u00e9 \u00e0 violer cette intimit\u00e9&hellip;<\/p>\n","protected":false},"author":2,"featured_media":0,"comment_status":"closed","ping_status":"open","sticky":false,"template":"","format":"standard","meta":{"pmpro_default_level":"","ngg_post_thumbnail":0,"footnotes":""},"categories":[131],"tags":[492,154,178],"class_list":["post-1219","post","type-post","status-publish","format-standard","hentry","category-granier-francois","tag-art-therapie","tag-lintime","tag-ra010-21","pmpro-has-access"],"_links":{"self":[{"href":"https:\/\/bibliotheque-sfpe-at.com\/index.php\/wp-json\/wp\/v2\/posts\/1219","targetHints":{"allow":["GET"]}}],"collection":[{"href":"https:\/\/bibliotheque-sfpe-at.com\/index.php\/wp-json\/wp\/v2\/posts"}],"about":[{"href":"https:\/\/bibliotheque-sfpe-at.com\/index.php\/wp-json\/wp\/v2\/types\/post"}],"author":[{"embeddable":true,"href":"https:\/\/bibliotheque-sfpe-at.com\/index.php\/wp-json\/wp\/v2\/users\/2"}],"replies":[{"embeddable":true,"href":"https:\/\/bibliotheque-sfpe-at.com\/index.php\/wp-json\/wp\/v2\/comments?post=1219"}],"version-history":[{"count":4,"href":"https:\/\/bibliotheque-sfpe-at.com\/index.php\/wp-json\/wp\/v2\/posts\/1219\/revisions"}],"predecessor-version":[{"id":4584,"href":"https:\/\/bibliotheque-sfpe-at.com\/index.php\/wp-json\/wp\/v2\/posts\/1219\/revisions\/4584"}],"wp:attachment":[{"href":"https:\/\/bibliotheque-sfpe-at.com\/index.php\/wp-json\/wp\/v2\/media?parent=1219"}],"wp:term":[{"taxonomy":"category","embeddable":true,"href":"https:\/\/bibliotheque-sfpe-at.com\/index.php\/wp-json\/wp\/v2\/categories?post=1219"},{"taxonomy":"post_tag","embeddable":true,"href":"https:\/\/bibliotheque-sfpe-at.com\/index.php\/wp-json\/wp\/v2\/tags?post=1219"}],"curies":[{"name":"wp","href":"https:\/\/api.w.org\/{rel}","templated":true}]}}