{"id":1223,"date":"2024-05-23T15:51:20","date_gmt":"2024-05-23T13:51:20","guid":{"rendered":"https:\/\/sfpe-at.com\/?p=1223"},"modified":"2025-03-24T17:21:14","modified_gmt":"2025-03-24T16:21:14","slug":"reanimer-son-image","status":"publish","type":"post","link":"https:\/\/bibliotheque-sfpe-at.com\/index.php\/2024\/05\/23\/reanimer-son-image\/","title":{"rendered":"R\u00e9animer son image"},"content":{"rendered":"\n<p><\/p>\n\n\n\n<div class=\"wp-block-columns is-layout-flex wp-container-core-columns-is-layout-28f84493 wp-block-columns-is-layout-flex\">\n<div class=\"wp-block-column is-layout-flow wp-block-column-is-layout-flow\" style=\"flex-basis:66.66%\">\n<p>Dans le cadre d\u2019un projet financ\u00e9 par la fondation Carasso,<br>nous aborderons dans ma communication la fa\u00e7on dont<br>l\u2019art rencontre, r\u00e9v\u00e8le l\u2019intime. Nous rendrons compte de la<br>d\u00e9marche entreprise pour approcher le processus cr\u00e9ateur dans<br>une collaboration transdisciplinaire entre patients, artistes et<br>scientifiques.<br>En prenant appui sur des images m\u00e9dicalis\u00e9es (scanners,<br>radiographies, IRM\u2026) qui r\u00e9v\u00e8lent l\u2019invisible du corps \u00e0 soi-m\u00eame et aux autres, en m\u00eame temps qu\u2019elles deviennent inaccessibles aux patients car captur\u00e9es par le monde m\u00e9dical, des<br>rencontres entre patients, artistes et enseignants-chercheurs<br>vont \u00eatre organis\u00e9es en vue de transformer ces images m\u00e9dicalis\u00e9es en objets artistiques.<br>Il s\u2019agira d\u2019interroger comment ce dispositif met en son<br>centre l\u2019intime. Plus pr\u00e9cis\u00e9ment, sera questionn\u00e9e la fa\u00e7on<br>dont une \u00ab intimit\u00e9 physique \u00bb r\u00e9v\u00e9l\u00e9e par l&rsquo;image m\u00e9dicalis\u00e9e,<br>mais \u00e9trang\u00e8re au patient, peut \u00eatre mise en sens et faire l\u2019objet<br>d\u2019une symbolisation par l\u2019imagination, en d\u2019autres termes par<br>l\u2019introduction d\u2019une \u00ab intimit\u00e9 psychique \u00bb. Cette rencontre<br>pourra ainsi contribuer \u00e0 participer \u00e0 la reconstruction de patients dont le rapport \u00e0 l\u2019autre est fortement alt\u00e9r\u00e9 en raison<br>d\u2019une d\u00e9figuration ou d\u2019agirs autoagressifs.<br>Faute de supervision rigoureuse et r\u00e9guli\u00e8re, l\u2019art-th\u00e9rapeute<br>au m\u00eame titre que d\u2019autres professionnels, risque de r\u00e9duire une<br>phase essentielle d\u2019un parcours th\u00e9rapeutique vers une certaine<br>autonomie psychique \u00e0 une simple r\u00e9sistance rivale et passag\u00e8re<br>de sa passion clinique.<\/p>\n\n\n\n<p class=\"has-text-color has-link-color wp-elements-d932a15789af5b5a5f8bd3d12be64c26\" style=\"color:#b82a2a\"><strong><em>Pour lire le texte complet <a href=\"\/index.php\/options-dinscription\/\"><mark style=\"background-color:rgba(0, 0, 0, 0);color:#4f51ac\" class=\"has-inline-color\">s&rsquo;inscrire<\/mark><\/a> ou <a href=\"\/index.php\/my-account\/edit-account\/\"><mark style=\"background-color:rgba(0, 0, 0, 0);color:#4f51ac\" class=\"has-inline-color\">se connecter<\/mark><\/a><\/em><\/strong><\/p>\n\n\n\n\n\n<div style=\"height:100px\" aria-hidden=\"true\" class=\"wp-block-spacer\"><\/div>\n\n\n\n<div class=\"wp-block-buttons is-content-justification-center is-layout-flex wp-container-core-buttons-is-layout-a89b3969 wp-block-buttons-is-layout-flex\">\n<div class=\"wp-block-button has-custom-font-size has-small-font-size\"><a class=\"wp-block-button__link has-vivid-red-background-color has-background wp-element-button\" href=\"\/index.php\/2024\/05\/22\/lintime\/\">&lt;&#8211; retour<\/a><\/div>\n<\/div>\n<\/div>\n\n\n\n<div class=\"wp-block-column is-layout-flow wp-block-column-is-layout-flow\" style=\"flex-basis:33.33%\">\n<figure class=\"wp-block-table\"><table class=\"has-background\" style=\"background-color:#f8f2f2\"><thead><tr><th><mark class=\"has-inline-color has-vivid-red-color\" style=\"background-color: rgba(0, 0, 0, 0);\"><strong>Auteur<\/strong><\/mark><\/th><\/tr><\/thead><tbody><tr><td><strong>B\u00e9atrice Madiot<\/strong><\/td><\/tr><\/tbody><\/table><\/figure>\n\n\n\n<figure class=\"wp-block-table\"><table><thead><tr><th><mark class=\"has-inline-color has-vivid-red-color\" style=\"background-color: rgba(0, 0, 0, 0);\"><strong>R\u00e9f\u00e9rence<\/strong><\/mark><\/th><\/tr><\/thead><tbody><tr><td><strong>RA010-23<\/strong><br><strong>L&rsquo;Intime<\/strong><br>Journ\u00e9es d\u2019Automne 2017<\/td><\/tr><\/tbody><\/table><\/figure>\n\n\n\n<figure class=\"wp-block-table\"><table><thead><tr><th><mark class=\"has-inline-color has-vivid-red-color\" style=\"background-color: rgba(0, 0, 0, 0);\"><strong>Cat\u00e9gories<\/strong><\/mark><\/th><\/tr><\/thead><tbody><tr><td>Photographie (imagerie m\u00e9dicale)<\/td><\/tr><\/tbody><\/table><\/figure>\n<\/div>\n<\/div>\n","protected":false},"excerpt":{"rendered":"<p>Dans le cadre d\u2019un projet financ\u00e9 par la fondation Carasso,nous aborderons dans ma communication la fa\u00e7on dontl\u2019art rencontre, r\u00e9v\u00e8le l\u2019intime. Nous rendrons compte de lad\u00e9marche entreprise pour approcher le processus cr\u00e9ateur dansune collaboration transdisciplinaire entre patients, artistes etscientifiques.En prenant appui sur des images m\u00e9dicalis\u00e9es (scanners,radiographies, IRM\u2026) qui r\u00e9v\u00e8lent l\u2019invisible du&hellip;<\/p>\n","protected":false},"author":2,"featured_media":0,"comment_status":"closed","ping_status":"open","sticky":false,"template":"","format":"standard","meta":{"pmpro_default_level":"","ngg_post_thumbnail":0,"footnotes":""},"categories":[183],"tags":[154,514,181],"class_list":["post-1223","post","type-post","status-publish","format-standard","hentry","category-madiot-beatrice","tag-lintime","tag-photographie","tag-ra010-23","pmpro-has-access"],"_links":{"self":[{"href":"https:\/\/bibliotheque-sfpe-at.com\/index.php\/wp-json\/wp\/v2\/posts\/1223","targetHints":{"allow":["GET"]}}],"collection":[{"href":"https:\/\/bibliotheque-sfpe-at.com\/index.php\/wp-json\/wp\/v2\/posts"}],"about":[{"href":"https:\/\/bibliotheque-sfpe-at.com\/index.php\/wp-json\/wp\/v2\/types\/post"}],"author":[{"embeddable":true,"href":"https:\/\/bibliotheque-sfpe-at.com\/index.php\/wp-json\/wp\/v2\/users\/2"}],"replies":[{"embeddable":true,"href":"https:\/\/bibliotheque-sfpe-at.com\/index.php\/wp-json\/wp\/v2\/comments?post=1223"}],"version-history":[{"count":4,"href":"https:\/\/bibliotheque-sfpe-at.com\/index.php\/wp-json\/wp\/v2\/posts\/1223\/revisions"}],"predecessor-version":[{"id":4586,"href":"https:\/\/bibliotheque-sfpe-at.com\/index.php\/wp-json\/wp\/v2\/posts\/1223\/revisions\/4586"}],"wp:attachment":[{"href":"https:\/\/bibliotheque-sfpe-at.com\/index.php\/wp-json\/wp\/v2\/media?parent=1223"}],"wp:term":[{"taxonomy":"category","embeddable":true,"href":"https:\/\/bibliotheque-sfpe-at.com\/index.php\/wp-json\/wp\/v2\/categories?post=1223"},{"taxonomy":"post_tag","embeddable":true,"href":"https:\/\/bibliotheque-sfpe-at.com\/index.php\/wp-json\/wp\/v2\/tags?post=1223"}],"curies":[{"name":"wp","href":"https:\/\/api.w.org\/{rel}","templated":true}]}}