{"id":1231,"date":"2024-05-23T16:00:52","date_gmt":"2024-05-23T14:00:52","guid":{"rendered":"https:\/\/sfpe-at.com\/?p=1231"},"modified":"2025-03-24T17:23:36","modified_gmt":"2025-03-24T16:23:36","slug":"le-detail-elegant-ouverture-sur-lintime","status":"publish","type":"post","link":"https:\/\/bibliotheque-sfpe-at.com\/index.php\/2024\/05\/23\/le-detail-elegant-ouverture-sur-lintime\/","title":{"rendered":"Le d\u00e9tail \u00e9l\u00e9gant, ouverture sur l\u2019intime"},"content":{"rendered":"\n<p><\/p>\n\n\n\n<div class=\"wp-block-columns is-layout-flex wp-container-core-columns-is-layout-28f84493 wp-block-columns-is-layout-flex\">\n<div class=\"wp-block-column is-layout-flow wp-block-column-is-layout-flow\" style=\"flex-basis:66.66%\">\n<p>\u013d\u00e9l\u00e9gance, et sa manifestation concr\u00e8te le d\u00e9tail \u00e9l\u00e9gant, permet souvent une ouverture sur l\u2019intime. Lors de la rencontre d\u2019Amalia, patiente d\u00e9pressive englu\u00e9e dans la r\u00e9p\u00e9tition<br>d\u2019\u00e9pisodes douloureux d\u2019allure d\u00e9ficitaires et masochistes, un<br>d\u00e9tail \u00e9l\u00e9gant de son maquillage corporel, contrastait avec son<br>discours et sa pr\u00e9sentation psychique et a provoqu\u00e9 ma surprise,<br>un vacillement de mon \u00e9coute et une ouverture th\u00e9rapeutique.<br>Amalia a 40 ans, une histoire d\u2019hospitalisations it\u00e9ratives en<br>psychiatrie, un diagnostic psychiatrique confirm\u00e9 et reconfirm\u00e9<br>au fil des s\u00e9jours et ann\u00e9es, une symptomatologie opaque de<br>signification, une m\u00e9dication lourde de r\u00e9actions d\u2019impuissance.<br>Elle consulte \u00e0 mon cabinet priv\u00e9, adress\u00e9e par une coll\u00e8gue<br>de l\u2019h\u00f4pital o\u00f9 elle vient de s\u00e9journer. La r\u00e9sistance au transfert se manifeste par le refus de parler de son histoire et, alors<br>que je me sens englu\u00e9e dans mon \u00e9coute par son apathie, je<br>remarque ses ongles, \u00e9tonnants, des ongles bleu turquoise vif,<br>soigneusement peints. Ils cr\u00e9ent une faille dans cette logique de<br>la r\u00e9p\u00e9tition, une cr\u00e9ativit\u00e9 s\u2019affirme dans l\u2019habillement et le<br>corps au-del\u00e0 de ce tableau d\u00e9ficitaire.<br>Un d\u00e9tail rel\u00e8ve d\u2019une \u0153uvre, il n\u2019est pas de d\u00e9tail naturel.<br>Signe \u00e0 d\u00e9chiffrer, il attire \u00e0 lui les repr\u00e9sentations. L\u2019\u00e9l\u00e9gance<br>particuli\u00e8re, porte d\u2019entr\u00e9e des \u00e9l\u00e9ments de repr\u00e9sentation dans<br>la cure, cr\u00e9era l\u2019ouverture sur le paysage identificatoire et une<br>symbolisation non encore disponible. Au plus pr\u00e8s de la cr\u00e9ativit\u00e9, elle rejoint le narcissisme positif. L\u2019ai-je rejointe sur un<br>territoire o\u00f9 elle s\u2019estimait narcissiquement ? Le d\u00e9tail a permis<br>l\u2019\u00e9change sur la cr\u00e9ativit\u00e9 source de plaisir, une ouverture th\u00e9rapeutique et l\u2019intuition de l\u2019existence chez d\u2019autres patients d\u2019un<br>\u00ab double narcissique \u00e9l\u00e9gant \u00bb garant de la structure psychique y<br>compris dans les moments d\u2019effondrement.<\/p>\n\n\n\n<p class=\"has-text-color has-link-color wp-elements-d932a15789af5b5a5f8bd3d12be64c26\" style=\"color:#b82a2a\"><strong><em>Pour lire le texte complet <a href=\"\/index.php\/options-dinscription\/\"><mark style=\"background-color:rgba(0, 0, 0, 0);color:#4f51ac\" class=\"has-inline-color\">s&rsquo;inscrire<\/mark><\/a> ou <a href=\"\/index.php\/my-account\/edit-account\/\"><mark style=\"background-color:rgba(0, 0, 0, 0);color:#4f51ac\" class=\"has-inline-color\">se connecter<\/mark><\/a><\/em><\/strong><\/p>\n\n\n\n\n\n<div style=\"height:100px\" aria-hidden=\"true\" class=\"wp-block-spacer\"><\/div>\n\n\n\n<div class=\"wp-block-buttons is-content-justification-center is-layout-flex wp-container-core-buttons-is-layout-a89b3969 wp-block-buttons-is-layout-flex\">\n<div class=\"wp-block-button has-custom-font-size has-small-font-size\"><a class=\"wp-block-button__link has-vivid-red-background-color has-background wp-element-button\" href=\"\/index.php\/2024\/05\/22\/lintime\/\">&lt;&#8211; retour<\/a><\/div>\n<\/div>\n<\/div>\n\n\n\n<div class=\"wp-block-column is-layout-flow wp-block-column-is-layout-flow\" style=\"flex-basis:33.33%\">\n<figure class=\"wp-block-table\"><table class=\"has-background\" style=\"background-color:#f8f2f2\"><thead><tr><th><mark class=\"has-inline-color has-vivid-red-color\" style=\"background-color: rgba(0, 0, 0, 0);\"><strong>Auteur<\/strong><\/mark><\/th><\/tr><\/thead><tbody><tr><td><strong>Martine Vautherin-Estrade<\/strong><\/td><\/tr><\/tbody><\/table><\/figure>\n\n\n\n<figure class=\"wp-block-table\"><table><thead><tr><th><mark class=\"has-inline-color has-vivid-red-color\" style=\"background-color: rgba(0, 0, 0, 0);\"><strong>R\u00e9f\u00e9rence<\/strong><\/mark><\/th><\/tr><\/thead><tbody><tr><td><strong>RA010-27<\/strong><br><strong>L&rsquo;Intime<\/strong><br>Journ\u00e9es d\u2019Automne 2017<\/td><\/tr><\/tbody><\/table><\/figure>\n\n\n\n<figure class=\"wp-block-table\"><table><thead><tr><th><mark class=\"has-inline-color has-vivid-red-color\" style=\"background-color: rgba(0, 0, 0, 0);\"><strong>Cat\u00e9gories<\/strong><\/mark><\/th><\/tr><\/thead><tbody><tr><td>Cas clinique<\/td><\/tr><\/tbody><\/table><\/figure>\n<\/div>\n<\/div>\n","protected":false},"excerpt":{"rendered":"<p>\u013d\u00e9l\u00e9gance, et sa manifestation concr\u00e8te le d\u00e9tail \u00e9l\u00e9gant, permet souvent une ouverture sur l\u2019intime. Lors de la rencontre d\u2019Amalia, patiente d\u00e9pressive englu\u00e9e dans la r\u00e9p\u00e9titiond\u2019\u00e9pisodes douloureux d\u2019allure d\u00e9ficitaires et masochistes, und\u00e9tail \u00e9l\u00e9gant de son maquillage corporel, contrastait avec sondiscours et sa pr\u00e9sentation psychique et a provoqu\u00e9 ma surprise,un vacillement de&hellip;<\/p>\n","protected":false},"author":2,"featured_media":0,"comment_status":"closed","ping_status":"open","sticky":false,"template":"","format":"standard","meta":{"pmpro_default_level":"","ngg_post_thumbnail":0,"footnotes":""},"categories":[189],"tags":[493,154,186],"class_list":["post-1231","post","type-post","status-publish","format-standard","hentry","category-vautherin-estrade-martine","tag-cas-clinique","tag-lintime","tag-ra010-27","pmpro-has-access"],"_links":{"self":[{"href":"https:\/\/bibliotheque-sfpe-at.com\/index.php\/wp-json\/wp\/v2\/posts\/1231","targetHints":{"allow":["GET"]}}],"collection":[{"href":"https:\/\/bibliotheque-sfpe-at.com\/index.php\/wp-json\/wp\/v2\/posts"}],"about":[{"href":"https:\/\/bibliotheque-sfpe-at.com\/index.php\/wp-json\/wp\/v2\/types\/post"}],"author":[{"embeddable":true,"href":"https:\/\/bibliotheque-sfpe-at.com\/index.php\/wp-json\/wp\/v2\/users\/2"}],"replies":[{"embeddable":true,"href":"https:\/\/bibliotheque-sfpe-at.com\/index.php\/wp-json\/wp\/v2\/comments?post=1231"}],"version-history":[{"count":4,"href":"https:\/\/bibliotheque-sfpe-at.com\/index.php\/wp-json\/wp\/v2\/posts\/1231\/revisions"}],"predecessor-version":[{"id":4590,"href":"https:\/\/bibliotheque-sfpe-at.com\/index.php\/wp-json\/wp\/v2\/posts\/1231\/revisions\/4590"}],"wp:attachment":[{"href":"https:\/\/bibliotheque-sfpe-at.com\/index.php\/wp-json\/wp\/v2\/media?parent=1231"}],"wp:term":[{"taxonomy":"category","embeddable":true,"href":"https:\/\/bibliotheque-sfpe-at.com\/index.php\/wp-json\/wp\/v2\/categories?post=1231"},{"taxonomy":"post_tag","embeddable":true,"href":"https:\/\/bibliotheque-sfpe-at.com\/index.php\/wp-json\/wp\/v2\/tags?post=1231"}],"curies":[{"name":"wp","href":"https:\/\/api.w.org\/{rel}","templated":true}]}}