{"id":1254,"date":"2024-05-24T12:32:53","date_gmt":"2024-05-24T10:32:53","guid":{"rendered":"https:\/\/sfpe-at.com\/?p=1254"},"modified":"2025-03-24T17:55:04","modified_gmt":"2025-03-24T16:55:04","slug":"le-grand-deplacement-du-paradis-du-gout-au-degout-des-epices-dans-la-cuisine-en-france","status":"publish","type":"post","link":"https:\/\/bibliotheque-sfpe-at.com\/index.php\/2024\/05\/24\/le-grand-deplacement-du-paradis-du-gout-au-degout-des-epices-dans-la-cuisine-en-france\/","title":{"rendered":"Le grand d\u00e9placement du paradis : du go\u00fbt au d\u00e9go\u00fbt des \u00e9pices dans la cuisine en France"},"content":{"rendered":"\n<p><\/p>\n\n\n\n<div class=\"wp-block-columns is-layout-flex wp-container-core-columns-is-layout-28f84493 wp-block-columns-is-layout-flex\">\n<div class=\"wp-block-column is-layout-flow wp-block-column-is-layout-flow\" style=\"flex-basis:66.66%\">\n<p>Le go\u00fbt pour les \u00e9pices au moyen \u00e2ge pourrait s\u2019expliquer par l\u2019imaginaire qui entoure ces pr\u00e9cieuses substances venues d\u2019un Orient \u00e9d\u00e9nique, lieu de chaleur et de lumi\u00e8re, ailleurs fabuleux d\u2019o\u00f9 proc\u00e8dent tout pouvoir et tout sacr\u00e9 : vers lui se tournent les r\u00eaves de r\u00e9demption de l\u2019homme m\u00e9di\u00e9val en occident, hant\u00e9 par la conscience de sa mortalit\u00e9, de sa nature d\u00e9chue, laide et mis\u00e9rable. Nourritures quasi surnaturelles, \u00e0 la fois mystiques et sensuelles, les \u00e9pices vivifient, transfigurent la pauvre corpor\u00e9it\u00e9 humaine, pr\u00e9sident \u00e0 l\u2019exaltation heureuse de l\u2019esprit et des sens : promesses d\u2019opulence, de jouissance et d\u2019immortalit\u00e9 \u2014 avant-go\u00fbt de paradis. Mais voil\u00e0 que dans la France du XVIIe, les \u00e9pices du Levant deviennent des poisons. Les plats \u00e9pic\u00e9s des \u00e9trangers sont maintenant immangeables ! Une cuisine qui, d\u00e9sormais, se d\u00e9clare fran\u00e7aise, abandonne la plupart des \u00e9pices orientales, et mesure drastiquement l\u2019usage de celles qu\u2019elle conserve. Corollaire : le go\u00fbt du produit frais, et consomm\u00e9 \u00ab au naturel \u00bb. Cette r\u00e9volution du go\u00fbt, exception fran\u00e7aise, suppose l\u2019existence d\u2019un imaginaire nouveau, tr\u00e8s fran\u00e7ois, qui se d\u00e9veloppe sous l\u2019influence du pouvoir royal : le paradis, vraiment terrestre cette fois, c\u2019est le Jardin de France, le Royaume pacifi\u00e9, agrandi, polic\u00e9, fertilis\u00e9 par son monarque. Jardin verdoyant, frais, dans lequel la nature, cultiv\u00e9e et perfectionn\u00e9e par l\u2019homme, ne laisserait \u00e0 ce dernier, semble-til, plus rien \u00e0 d\u00e9sirer\u2026qu\u2019elle-m\u00eame.<\/p>\n\n\n\n<p class=\"has-text-color has-link-color wp-elements-0c5dd61414d2cb4c88e3596780dedeb0\" style=\"color:#2753a5\"><strong><em>Pour lire le texte complet <a href=\"\/index.php\/options-dinscription\/\"><mark style=\"background-color:rgba(0, 0, 0, 0)\" class=\"has-inline-color has-vivid-cyan-blue-color\">s&rsquo;inscrire<\/mark><\/a> ou <a href=\"\/index.php\/my-account\/edit-account\/\"><mark style=\"background-color:rgba(0, 0, 0, 0)\" class=\"has-inline-color has-vivid-cyan-blue-color\">se connecter<\/mark><\/a><\/em><\/strong><\/p>\n\n\n\n\n\n<div style=\"height:100px\" aria-hidden=\"true\" class=\"wp-block-spacer\"><\/div>\n\n\n\n<div class=\"wp-block-buttons is-content-justification-center is-layout-flex wp-container-core-buttons-is-layout-a89b3969 wp-block-buttons-is-layout-flex\">\n<div class=\"wp-block-button has-custom-font-size has-small-font-size\"><a class=\"wp-block-button__link has-vivid-red-background-color has-background wp-element-button\" href=\"\/index.php\/2018\/05\/05\/legout\/\">&lt;&#8211; retour<\/a><\/div>\n<\/div>\n<\/div>\n\n\n\n<div class=\"wp-block-column is-layout-flow wp-block-column-is-layout-flow\" style=\"flex-basis:33.33%\">\n<figure class=\"wp-block-table\"><table class=\"has-background\" style=\"background-color:#f8f2f2\"><thead><tr><th><mark class=\"has-inline-color has-vivid-red-color\" style=\"background-color: rgba(0, 0, 0, 0);\"><strong>Auteur<\/strong><\/mark><\/th><\/tr><\/thead><tbody><tr><td><strong>Marie-Pierre Burtin<\/strong><\/td><\/tr><\/tbody><\/table><\/figure>\n\n\n\n<figure class=\"wp-block-table\"><table><thead><tr><th><mark class=\"has-inline-color has-vivid-red-color\" style=\"background-color: rgba(0, 0, 0, 0);\"><strong>R\u00e9f\u00e9rence<\/strong><\/mark><\/th><\/tr><\/thead><tbody><tr><td><strong>RA011-04<\/strong><br><strong>Le Go\u00fbt<\/strong><br>Journ\u00e9es de Printemps 2018<\/td><\/tr><\/tbody><\/table><\/figure>\n\n\n\n<figure class=\"wp-block-table\"><table><thead><tr><th><mark class=\"has-inline-color has-vivid-red-color\" style=\"background-color: rgba(0, 0, 0, 0);\"><strong>Cat\u00e9gories<\/strong><\/mark><\/th><\/tr><\/thead><tbody><tr><td>Histoire<br>Civilisation<br>Art culinaire<\/td><\/tr><\/tbody><\/table><\/figure>\n<\/div>\n<\/div>\n","protected":false},"excerpt":{"rendered":"<p>Le go\u00fbt pour les \u00e9pices au moyen \u00e2ge pourrait s\u2019expliquer par l\u2019imaginaire qui entoure ces pr\u00e9cieuses substances venues d\u2019un Orient \u00e9d\u00e9nique, lieu de chaleur et de lumi\u00e8re, ailleurs fabuleux d\u2019o\u00f9 proc\u00e8dent tout pouvoir et tout sacr\u00e9 : vers lui se tournent les r\u00eaves de r\u00e9demption de l\u2019homme m\u00e9di\u00e9val en occident,&hellip;<\/p>\n","protected":false},"author":2,"featured_media":0,"comment_status":"closed","ping_status":"open","sticky":false,"template":"","format":"standard","meta":{"pmpro_default_level":"","ngg_post_thumbnail":0,"footnotes":""},"categories":[208],"tags":[606,607,575,201,207],"class_list":["post-1254","post","type-post","status-publish","format-standard","hentry","category-burtin-marie-pierre","tag-art-culinaire","tag-civilisation","tag-histoire","tag-le-gout","tag-ra011-04","pmpro-has-access"],"_links":{"self":[{"href":"https:\/\/bibliotheque-sfpe-at.com\/index.php\/wp-json\/wp\/v2\/posts\/1254","targetHints":{"allow":["GET"]}}],"collection":[{"href":"https:\/\/bibliotheque-sfpe-at.com\/index.php\/wp-json\/wp\/v2\/posts"}],"about":[{"href":"https:\/\/bibliotheque-sfpe-at.com\/index.php\/wp-json\/wp\/v2\/types\/post"}],"author":[{"embeddable":true,"href":"https:\/\/bibliotheque-sfpe-at.com\/index.php\/wp-json\/wp\/v2\/users\/2"}],"replies":[{"embeddable":true,"href":"https:\/\/bibliotheque-sfpe-at.com\/index.php\/wp-json\/wp\/v2\/comments?post=1254"}],"version-history":[{"count":4,"href":"https:\/\/bibliotheque-sfpe-at.com\/index.php\/wp-json\/wp\/v2\/posts\/1254\/revisions"}],"predecessor-version":[{"id":4623,"href":"https:\/\/bibliotheque-sfpe-at.com\/index.php\/wp-json\/wp\/v2\/posts\/1254\/revisions\/4623"}],"wp:attachment":[{"href":"https:\/\/bibliotheque-sfpe-at.com\/index.php\/wp-json\/wp\/v2\/media?parent=1254"}],"wp:term":[{"taxonomy":"category","embeddable":true,"href":"https:\/\/bibliotheque-sfpe-at.com\/index.php\/wp-json\/wp\/v2\/categories?post=1254"},{"taxonomy":"post_tag","embeddable":true,"href":"https:\/\/bibliotheque-sfpe-at.com\/index.php\/wp-json\/wp\/v2\/tags?post=1254"}],"curies":[{"name":"wp","href":"https:\/\/api.w.org\/{rel}","templated":true}]}}