{"id":1258,"date":"2024-05-24T12:39:12","date_gmt":"2024-05-24T10:39:12","guid":{"rendered":"https:\/\/sfpe-at.com\/?p=1258"},"modified":"2025-03-24T17:56:07","modified_gmt":"2025-03-24T16:56:07","slug":"les-dessous-croustillants-de-la-photo-culinaire","status":"publish","type":"post","link":"https:\/\/bibliotheque-sfpe-at.com\/index.php\/2024\/05\/24\/les-dessous-croustillants-de-la-photo-culinaire\/","title":{"rendered":"Les dessous croustillants de la photo culinaire"},"content":{"rendered":"\n<p><\/p>\n\n\n\n<div class=\"wp-block-columns is-layout-flex wp-container-core-columns-is-layout-28f84493 wp-block-columns-is-layout-flex\">\n<div class=\"wp-block-column is-layout-flow wp-block-column-is-layout-flow\" style=\"flex-basis:66.66%\">\n<p>Le succ\u00e8s des revues et ouvrages culinaires incitent \u00e0 inscrire la photo culinaire dans le prolongement du dressage \u00e0 l\u2019assiette. Certes, elle lui emprunte des pratiques et des usages. Mais qu\u2019en est-il du mets pour le spectateur ? Il n\u2019est pas pr\u00e9sent \u00e0 lui mais repr\u00e9sent\u00e9. Il n\u2019y a pas de rapport entre le regard du spectateur et la d\u00e9gustation. Il n\u2019y a pas de conjonction des sens. La photo culinaire ne fonctionne donc pas comme si le spectateur \u00e9tait servi et s\u2019appr\u00eatait \u00e0 d\u00e9guster. Elle se situe hors du moment privil\u00e9gi\u00e9 li\u00e9 au repas. Elle s\u2019inscrit dans un autre c\u00e9r\u00e9monial que celui du repas : celui de la communication et de la publicit\u00e9. Elle peut m\u00eame \u00eatre intrusive. Sa cuisine technique offre un rendu qui g\u00e9n\u00e8re un sentiment, une \u00e9motion, un r\u00e9flexe, une envie par le seul regard : l\u2019effet visuel s\u2019\u00e9mancipant de la sublimation du go\u00fbt comme le montrera l\u2019\u00e9tude du processus de production d\u2019une de ces photos.<\/p>\n\n\n\n<p class=\"has-text-color has-link-color wp-elements-0c5dd61414d2cb4c88e3596780dedeb0\" style=\"color:#2753a5\"><strong><em>Pour lire le texte complet <a href=\"\/index.php\/options-dinscription\/\"><mark style=\"background-color:rgba(0, 0, 0, 0)\" class=\"has-inline-color has-vivid-cyan-blue-color\">s&rsquo;inscrire<\/mark><\/a> ou <a href=\"\/index.php\/my-account\/edit-account\/\"><mark style=\"background-color:rgba(0, 0, 0, 0)\" class=\"has-inline-color has-vivid-cyan-blue-color\">se connecter<\/mark><\/a><\/em><\/strong><\/p>\n\n\n\n\n\n<div style=\"height:100px\" aria-hidden=\"true\" class=\"wp-block-spacer\"><\/div>\n\n\n\n<div class=\"wp-block-buttons is-content-justification-center is-layout-flex wp-container-core-buttons-is-layout-a89b3969 wp-block-buttons-is-layout-flex\">\n<div class=\"wp-block-button has-custom-font-size has-small-font-size\"><a class=\"wp-block-button__link has-vivid-red-background-color has-background wp-element-button\" href=\"\/index.php\/2018\/05\/05\/legout\/\">&lt;&#8211; retour<\/a><\/div>\n<\/div>\n<\/div>\n\n\n\n<div class=\"wp-block-column is-layout-flow wp-block-column-is-layout-flow\" style=\"flex-basis:33.33%\">\n<figure class=\"wp-block-table\"><table class=\"has-background\" style=\"background-color:#f8f2f2\"><thead><tr><th><mark class=\"has-inline-color has-vivid-red-color\" style=\"background-color: rgba(0, 0, 0, 0);\"><strong>Auteur<\/strong><\/mark><\/th><\/tr><\/thead><tbody><tr><td><strong>Jean-Michel H\u00e9tru<\/strong><\/td><\/tr><\/tbody><\/table><\/figure>\n\n\n\n<figure class=\"wp-block-table\"><table><thead><tr><th><mark class=\"has-inline-color has-vivid-red-color\" style=\"background-color: rgba(0, 0, 0, 0);\"><strong>R\u00e9f\u00e9rence<\/strong><\/mark><\/th><\/tr><\/thead><tbody><tr><td><strong>RA011-06<\/strong><br><strong>Le Go\u00fbt<\/strong><br>Journ\u00e9es de Printemps 2018<\/td><\/tr><\/tbody><\/table><\/figure>\n\n\n\n<figure class=\"wp-block-table\"><table><thead><tr><th><mark class=\"has-inline-color has-vivid-red-color\" style=\"background-color: rgba(0, 0, 0, 0);\"><strong>Cat\u00e9gories<\/strong><\/mark><\/th><\/tr><\/thead><tbody><tr><td>Photographie<\/td><\/tr><\/tbody><\/table><\/figure>\n<\/div>\n<\/div>\n","protected":false},"excerpt":{"rendered":"<p>Le succ\u00e8s des revues et ouvrages culinaires incitent \u00e0 inscrire la photo culinaire dans le prolongement du dressage \u00e0 l\u2019assiette. Certes, elle lui emprunte des pratiques et des usages. Mais qu\u2019en est-il du mets pour le spectateur ? Il n\u2019est pas pr\u00e9sent \u00e0 lui mais repr\u00e9sent\u00e9. Il n\u2019y a pas&hellip;<\/p>\n","protected":false},"author":2,"featured_media":0,"comment_status":"closed","ping_status":"open","sticky":false,"template":"","format":"standard","meta":{"pmpro_default_level":"","ngg_post_thumbnail":0,"footnotes":""},"categories":[212],"tags":[201,514,211],"class_list":["post-1258","post","type-post","status-publish","format-standard","hentry","category-hetru-jean-michel","tag-le-gout","tag-photographie","tag-ra011-06","pmpro-has-access"],"_links":{"self":[{"href":"https:\/\/bibliotheque-sfpe-at.com\/index.php\/wp-json\/wp\/v2\/posts\/1258","targetHints":{"allow":["GET"]}}],"collection":[{"href":"https:\/\/bibliotheque-sfpe-at.com\/index.php\/wp-json\/wp\/v2\/posts"}],"about":[{"href":"https:\/\/bibliotheque-sfpe-at.com\/index.php\/wp-json\/wp\/v2\/types\/post"}],"author":[{"embeddable":true,"href":"https:\/\/bibliotheque-sfpe-at.com\/index.php\/wp-json\/wp\/v2\/users\/2"}],"replies":[{"embeddable":true,"href":"https:\/\/bibliotheque-sfpe-at.com\/index.php\/wp-json\/wp\/v2\/comments?post=1258"}],"version-history":[{"count":4,"href":"https:\/\/bibliotheque-sfpe-at.com\/index.php\/wp-json\/wp\/v2\/posts\/1258\/revisions"}],"predecessor-version":[{"id":4624,"href":"https:\/\/bibliotheque-sfpe-at.com\/index.php\/wp-json\/wp\/v2\/posts\/1258\/revisions\/4624"}],"wp:attachment":[{"href":"https:\/\/bibliotheque-sfpe-at.com\/index.php\/wp-json\/wp\/v2\/media?parent=1258"}],"wp:term":[{"taxonomy":"category","embeddable":true,"href":"https:\/\/bibliotheque-sfpe-at.com\/index.php\/wp-json\/wp\/v2\/categories?post=1258"},{"taxonomy":"post_tag","embeddable":true,"href":"https:\/\/bibliotheque-sfpe-at.com\/index.php\/wp-json\/wp\/v2\/tags?post=1258"}],"curies":[{"name":"wp","href":"https:\/\/api.w.org\/{rel}","templated":true}]}}