{"id":1286,"date":"2024-05-24T13:10:50","date_gmt":"2024-05-24T11:10:50","guid":{"rendered":"https:\/\/sfpe-at.com\/?p=1286"},"modified":"2025-03-24T18:03:11","modified_gmt":"2025-03-24T17:03:11","slug":"accompagner-par-la-degustation-des-personnes-en-surcharge-ponderale-sur-fond-de-desordre-des-conduites-alimentaires","status":"publish","type":"post","link":"https:\/\/bibliotheque-sfpe-at.com\/index.php\/2024\/05\/24\/accompagner-par-la-degustation-des-personnes-en-surcharge-ponderale-sur-fond-de-desordre-des-conduites-alimentaires\/","title":{"rendered":"Accompagner par la d\u00e9gustation des personnes en surcharge pond\u00e9rale sur fond de d\u00e9sordre des conduites alimentaires"},"content":{"rendered":"\n<p><\/p>\n\n\n\n<div class=\"wp-block-columns is-layout-flex wp-container-core-columns-is-layout-28f84493 wp-block-columns-is-layout-flex\">\n<div class=\"wp-block-column is-layout-flow wp-block-column-is-layout-flow\" style=\"flex-basis:66.66%\">\n<p>Dans le cadre de l\u2019Association Affects et Aliments, nous proposons des groupes psychoth\u00e9rapeutiques sur la relation \u00e0 la nourriture \u00e0 des personnes en surcharge pond\u00e9rale avec troubles des conduites alimentaires. Nous relaterons l\u2019\u00e9volution d\u2019un travail de groupe sur le go\u00fbt avec des personnes hyperphagiques ayant une app\u00e9tence pour le gras, le sucr\u00e9 et le sal\u00e9 associ\u00e9e \u00e0 une compulsion alimentaire. Cet atelier permet aux participants de rep\u00e9rer leurs habitudes et sensations alimentaires, de mieux percevoir leurs pr\u00e9f\u00e9rences gustatives. \u00c0 partir de cette sensorialit\u00e9 explor\u00e9e par la d\u00e9gustation, nous questionnerons ce qui guide nos choix alimentaires depuis le go\u00fbt de l\u2019aliment (propri\u00e9t\u00e9s organoleptiques) jusqu\u2019\u00e0 un go\u00fbt pour l\u2019aliment (disposition \u00e0 l\u2019accepter ou le rejeter). Ces partages gustatifs favorisent les rencontres et les r\u00e9v\u00e9lations. Cette autorisation \u00e0 \u00ab oser avoir faim \u00bb, \u00e0 se sentir restaur\u00e9, \u00e0 \u00eatre gourmet est propos\u00e9e \u00e0 des personnes aux prises avec des r\u00e9p\u00e9titions addictives destructrices. Dans un groupe associatif, nous partageons aussi sur les mani\u00e8res de se nourrir et les choix dans les conduites nutritionnelles. C\u2019est \u00e0 ce prix que peut se construire une inscription sociale et \u00e9conomique en tant que citoyen et non objet de consommation au corps malmen\u00e9.<\/p>\n\n\n\n<p class=\"has-text-color has-link-color wp-elements-0c5dd61414d2cb4c88e3596780dedeb0\" style=\"color:#2753a5\"><strong><em>Pour lire le texte complet <a href=\"\/index.php\/options-dinscription\/\"><mark style=\"background-color:rgba(0, 0, 0, 0)\" class=\"has-inline-color has-vivid-cyan-blue-color\">s&rsquo;inscrire<\/mark><\/a> ou <a href=\"\/index.php\/my-account\/edit-account\/\"><mark style=\"background-color:rgba(0, 0, 0, 0)\" class=\"has-inline-color has-vivid-cyan-blue-color\">se connecter<\/mark><\/a><\/em><\/strong><\/p>\n\n\n\n\n\n<div style=\"height:100px\" aria-hidden=\"true\" class=\"wp-block-spacer\"><\/div>\n\n\n\n<div class=\"wp-block-buttons is-content-justification-center is-layout-flex wp-container-core-buttons-is-layout-a89b3969 wp-block-buttons-is-layout-flex\">\n<div class=\"wp-block-button has-custom-font-size has-small-font-size\"><a class=\"wp-block-button__link has-vivid-red-background-color has-background wp-element-button\" href=\"\/index.php\/2018\/05\/05\/legout\/\">&lt;&#8211; retour<\/a><\/div>\n<\/div>\n<\/div>\n\n\n\n<div class=\"wp-block-column is-layout-flow wp-block-column-is-layout-flow\" style=\"flex-basis:33.33%\">\n<figure class=\"wp-block-table\"><table class=\"has-background\" style=\"background-color:#f8f2f2\"><thead><tr><th><mark class=\"has-inline-color has-vivid-red-color\" style=\"background-color: rgba(0, 0, 0, 0);\"><strong>Auteur<\/strong><\/mark><\/th><\/tr><\/thead><tbody><tr><td><strong>Brigitte Ballandras<\/strong><\/td><\/tr><\/tbody><\/table><\/figure>\n\n\n\n<figure class=\"wp-block-table\"><table><thead><tr><th><mark class=\"has-inline-color has-vivid-red-color\" style=\"background-color: rgba(0, 0, 0, 0);\"><strong>R\u00e9f\u00e9rence<\/strong><\/mark><\/th><\/tr><\/thead><tbody><tr><td><strong>RA011-17<\/strong><br><strong>Le Go\u00fbt<\/strong><br>Journ\u00e9es de Printemps 2018<\/td><\/tr><\/tbody><\/table><\/figure>\n\n\n\n<figure class=\"wp-block-table\"><table><thead><tr><th><mark class=\"has-inline-color has-vivid-red-color\" style=\"background-color: rgba(0, 0, 0, 0);\"><strong>Cat\u00e9gories<\/strong><\/mark><\/th><\/tr><\/thead><tbody><tr><td>Psychologie<br>Biologie<\/td><\/tr><\/tbody><\/table><\/figure>\n<\/div>\n<\/div>\n","protected":false},"excerpt":{"rendered":"<p>Dans le cadre de l\u2019Association Affects et Aliments, nous proposons des groupes psychoth\u00e9rapeutiques sur la relation \u00e0 la nourriture \u00e0 des personnes en surcharge pond\u00e9rale avec troubles des conduites alimentaires. Nous relaterons l\u2019\u00e9volution d\u2019un travail de groupe sur le go\u00fbt avec des personnes hyperphagiques ayant une app\u00e9tence pour le gras,&hellip;<\/p>\n","protected":false},"author":2,"featured_media":0,"comment_status":"closed","ping_status":"open","sticky":false,"template":"","format":"standard","meta":{"pmpro_default_level":"","ngg_post_thumbnail":0,"footnotes":""},"categories":[233],"tags":[609,201,498,228],"class_list":["post-1286","post","type-post","status-publish","format-standard","hentry","category-ballandras-brigitte","tag-biologie","tag-le-gout","tag-psychologie","tag-ra011-17","pmpro-has-access"],"_links":{"self":[{"href":"https:\/\/bibliotheque-sfpe-at.com\/index.php\/wp-json\/wp\/v2\/posts\/1286","targetHints":{"allow":["GET"]}}],"collection":[{"href":"https:\/\/bibliotheque-sfpe-at.com\/index.php\/wp-json\/wp\/v2\/posts"}],"about":[{"href":"https:\/\/bibliotheque-sfpe-at.com\/index.php\/wp-json\/wp\/v2\/types\/post"}],"author":[{"embeddable":true,"href":"https:\/\/bibliotheque-sfpe-at.com\/index.php\/wp-json\/wp\/v2\/users\/2"}],"replies":[{"embeddable":true,"href":"https:\/\/bibliotheque-sfpe-at.com\/index.php\/wp-json\/wp\/v2\/comments?post=1286"}],"version-history":[{"count":4,"href":"https:\/\/bibliotheque-sfpe-at.com\/index.php\/wp-json\/wp\/v2\/posts\/1286\/revisions"}],"predecessor-version":[{"id":4632,"href":"https:\/\/bibliotheque-sfpe-at.com\/index.php\/wp-json\/wp\/v2\/posts\/1286\/revisions\/4632"}],"wp:attachment":[{"href":"https:\/\/bibliotheque-sfpe-at.com\/index.php\/wp-json\/wp\/v2\/media?parent=1286"}],"wp:term":[{"taxonomy":"category","embeddable":true,"href":"https:\/\/bibliotheque-sfpe-at.com\/index.php\/wp-json\/wp\/v2\/categories?post=1286"},{"taxonomy":"post_tag","embeddable":true,"href":"https:\/\/bibliotheque-sfpe-at.com\/index.php\/wp-json\/wp\/v2\/tags?post=1286"}],"curies":[{"name":"wp","href":"https:\/\/api.w.org\/{rel}","templated":true}]}}