{"id":1290,"date":"2024-05-24T13:15:23","date_gmt":"2024-05-24T11:15:23","guid":{"rendered":"https:\/\/sfpe-at.com\/?p=1290"},"modified":"2025-03-24T18:04:55","modified_gmt":"2025-03-24T17:04:55","slug":"le-trouble-damertume-post-traumatique-ou-la-perte-du-gout-de-vivre","status":"publish","type":"post","link":"https:\/\/bibliotheque-sfpe-at.com\/index.php\/2024\/05\/24\/le-trouble-damertume-post-traumatique-ou-la-perte-du-gout-de-vivre\/","title":{"rendered":"Le trouble d\u2019amertume post-traumatique ou la perte du go\u00fbt de vivre"},"content":{"rendered":"\n<p><\/p>\n\n\n\n<div class=\"wp-block-columns is-layout-flex wp-container-core-columns-is-layout-28f84493 wp-block-columns-is-layout-flex\">\n<div class=\"wp-block-column is-layout-flow wp-block-column-is-layout-flow\" style=\"flex-basis:66.66%\">\n<p>Le trouble d\u2019amertume post-traumatique (PTED) a \u00e9t\u00e9 propos\u00e9 d\u2019abord par Michael Linden (Linden, 2003), professeur de psychiatrie \u00e0 la clinique Charit\u00e9 de Berlin, avant d\u2019\u00eatre repris par ses coll\u00e8gues et discut\u00e9 dans de nombreuses publications internationales. Le syndrome s\u2019installe \u00e0 la suite d\u2019un \u00e9v\u00e9nement traumatique qui ne met pas en danger la vie de la personne, mais qu\u2019elle vit comme une injustice fondamentale, mettant en branle ses croyances et son syst\u00e8me de valeurs. Par la suite, elle \u00e9prouve des sentiments de rancune, de jalousie, d\u2019hostilit\u00e9 et d\u2019impuissance. Sa joie de vivre est durablement atteinte. Selon les cliniciens qui sont \u00e0 l\u2019origine du concept, la prise en charge la plus adapt\u00e9e consiste dans une th\u00e9rapie \u00ab bas\u00e9e sur la sagesse \u00bb. Nos r\u00e9flexions th\u00e9oriques et nosologiques seront illustr\u00e9es par la pr\u00e9sentation de mat\u00e9riel clinique, issu de la prise en charge de ch\u00f4meurs de longue dur\u00e9e par la psychoth\u00e9rapie \u00e0 m\u00e9diation artistique.<\/p>\n\n\n\n<p class=\"has-text-color has-link-color wp-elements-0c5dd61414d2cb4c88e3596780dedeb0\" style=\"color:#2753a5\"><strong><em>Pour lire le texte complet <a href=\"\/index.php\/options-dinscription\/\"><mark style=\"background-color:rgba(0, 0, 0, 0)\" class=\"has-inline-color has-vivid-cyan-blue-color\">s&rsquo;inscrire<\/mark><\/a> ou <a href=\"\/index.php\/my-account\/edit-account\/\"><mark style=\"background-color:rgba(0, 0, 0, 0)\" class=\"has-inline-color has-vivid-cyan-blue-color\">se connecter<\/mark><\/a><\/em><\/strong><\/p>\n\n\n\n\n\n<div style=\"height:100px\" aria-hidden=\"true\" class=\"wp-block-spacer\"><\/div>\n\n\n\n<div class=\"wp-block-buttons is-content-justification-center is-layout-flex wp-container-core-buttons-is-layout-a89b3969 wp-block-buttons-is-layout-flex\">\n<div class=\"wp-block-button has-custom-font-size has-small-font-size\"><a class=\"wp-block-button__link has-vivid-red-background-color has-background wp-element-button\" href=\"\/index.php\/2018\/05\/05\/legout\/\">&lt;&#8211; retour<\/a><\/div>\n<\/div>\n<\/div>\n\n\n\n<div class=\"wp-block-column is-layout-flow wp-block-column-is-layout-flow\" style=\"flex-basis:33.33%\">\n<figure class=\"wp-block-table\"><table class=\"has-background\" style=\"background-color:#f8f2f2\"><thead><tr><th><mark class=\"has-inline-color has-vivid-red-color\" style=\"background-color: rgba(0, 0, 0, 0);\"><strong>Auteur<\/strong><\/mark><\/th><\/tr><\/thead><tbody><tr><td><strong>Lony Schiltz<\/strong><\/td><\/tr><\/tbody><\/table><\/figure>\n\n\n\n<figure class=\"wp-block-table\"><table><thead><tr><th><mark class=\"has-inline-color has-vivid-red-color\" style=\"background-color: rgba(0, 0, 0, 0);\"><strong>R\u00e9f\u00e9rence<\/strong><\/mark><\/th><\/tr><\/thead><tbody><tr><td><strong>RA011-19<\/strong><br><strong>Le Go\u00fbt<\/strong><br>Journ\u00e9es de Printemps 2018<\/td><\/tr><\/tbody><\/table><\/figure>\n\n\n\n<figure class=\"wp-block-table\"><table><thead><tr><th><mark class=\"has-inline-color has-vivid-red-color\" style=\"background-color: rgba(0, 0, 0, 0);\"><strong>Cat\u00e9gories<\/strong><\/mark><\/th><\/tr><\/thead><tbody><tr><td>Psychologie<br>Art-th\u00e9rapie<\/td><\/tr><\/tbody><\/table><\/figure>\n<\/div>\n<\/div>\n","protected":false},"excerpt":{"rendered":"<p>Le trouble d\u2019amertume post-traumatique (PTED) a \u00e9t\u00e9 propos\u00e9 d\u2019abord par Michael Linden (Linden, 2003), professeur de psychiatrie \u00e0 la clinique Charit\u00e9 de Berlin, avant d\u2019\u00eatre repris par ses coll\u00e8gues et discut\u00e9 dans de nombreuses publications internationales. Le syndrome s\u2019installe \u00e0 la suite d\u2019un \u00e9v\u00e9nement traumatique qui ne met pas en&hellip;<\/p>\n","protected":false},"author":2,"featured_media":0,"comment_status":"closed","ping_status":"open","sticky":false,"template":"","format":"standard","meta":{"pmpro_default_level":"","ngg_post_thumbnail":0,"footnotes":""},"categories":[98],"tags":[492,201,498,231],"class_list":["post-1290","post","type-post","status-publish","format-standard","hentry","category-schiltz-lony","tag-art-therapie","tag-le-gout","tag-psychologie","tag-ra011-19","pmpro-has-access"],"_links":{"self":[{"href":"https:\/\/bibliotheque-sfpe-at.com\/index.php\/wp-json\/wp\/v2\/posts\/1290","targetHints":{"allow":["GET"]}}],"collection":[{"href":"https:\/\/bibliotheque-sfpe-at.com\/index.php\/wp-json\/wp\/v2\/posts"}],"about":[{"href":"https:\/\/bibliotheque-sfpe-at.com\/index.php\/wp-json\/wp\/v2\/types\/post"}],"author":[{"embeddable":true,"href":"https:\/\/bibliotheque-sfpe-at.com\/index.php\/wp-json\/wp\/v2\/users\/2"}],"replies":[{"embeddable":true,"href":"https:\/\/bibliotheque-sfpe-at.com\/index.php\/wp-json\/wp\/v2\/comments?post=1290"}],"version-history":[{"count":5,"href":"https:\/\/bibliotheque-sfpe-at.com\/index.php\/wp-json\/wp\/v2\/posts\/1290\/revisions"}],"predecessor-version":[{"id":4634,"href":"https:\/\/bibliotheque-sfpe-at.com\/index.php\/wp-json\/wp\/v2\/posts\/1290\/revisions\/4634"}],"wp:attachment":[{"href":"https:\/\/bibliotheque-sfpe-at.com\/index.php\/wp-json\/wp\/v2\/media?parent=1290"}],"wp:term":[{"taxonomy":"category","embeddable":true,"href":"https:\/\/bibliotheque-sfpe-at.com\/index.php\/wp-json\/wp\/v2\/categories?post=1290"},{"taxonomy":"post_tag","embeddable":true,"href":"https:\/\/bibliotheque-sfpe-at.com\/index.php\/wp-json\/wp\/v2\/tags?post=1290"}],"curies":[{"name":"wp","href":"https:\/\/api.w.org\/{rel}","templated":true}]}}