{"id":1300,"date":"2024-05-24T13:26:32","date_gmt":"2024-05-24T11:26:32","guid":{"rendered":"https:\/\/sfpe-at.com\/?p=1300"},"modified":"2025-03-24T18:11:53","modified_gmt":"2025-03-24T17:11:53","slug":"giacometti-ou-linvisible-du-gout","status":"publish","type":"post","link":"https:\/\/bibliotheque-sfpe-at.com\/index.php\/2024\/05\/24\/giacometti-ou-linvisible-du-gout\/","title":{"rendered":"Giacometti ou \u00ab l\u2019invisible du go\u00fbt \u00bb"},"content":{"rendered":"\n<div class=\"wp-block-columns is-layout-flex wp-container-core-columns-is-layout-28f84493 wp-block-columns-is-layout-flex\">\n<div class=\"wp-block-column is-layout-flow wp-block-column-is-layout-flow\" style=\"flex-basis:66.66%\">\n<p>Si j\u2019avais un conseil \u00e0 donner \u00e0 un jeune peintre, je lui dirais de commencer par copier une pomme1 \u00bb. En effet, Giacometti peint sa premi\u00e8re Nature morte aux pommes en 1915, il a 14 ans. Son oeuvre sera \u00e9maill\u00e9e de tableaux et crayons peints autour de ce motif. Nature morte avec une pomme 1937, Natures mortes aux pommes 1960, Femme debout, crayon de 1949 d\u2019apr\u00e8s l\u2019\u00cave de D\u00fcrer, qui tient une pomme dans la main gauche, la main lev\u00e9e. Cette pomme \u00e0 peine esquiss\u00e9e va nous interroger. La pomme, fruit originel de l\u2019entr\u00e9e du sujet dans la parole, fruit tentateur, pomme d\u2019or du jardin des Hesp\u00e9rides, \u00e9voque le go\u00fbt, sens li\u00e9 \u00e0 l\u2019odorat et au toucher. La grisaille des oeuvres peintes de Giacometti \u00e0 partir de 1933, ann\u00e9e de la mort pr\u00e9matur\u00e9e de son p\u00e8re suivie de celle de sa soeur quelques ann\u00e9es plus tard ne se d\u00e9partira plus de ses cr\u00e9ations ult\u00e9rieures. Sa sculpture L\u2019objet invisible de 1934, dans laquelle Giacometti soustrait \u00ab un \u00e9l\u00e9ment qui n\u2019est nullement d\u00e9rob\u00e9 \u00e0 la conscience du sujet2 \u00bb, va faire sens par cette \u00e9lision. La monochromie de ses tableaux, la rigidit\u00e9 de ses personnages, la fixit\u00e9 de leurs regards, l\u2019espace architectural \u00e0 peine habit\u00e9 par des formes fantomatiques, nous orientent vers une coupure et une mise \u00e0 l\u2019\u00e9cart de l\u2019objet premier dans une invisibilit\u00e9 du go\u00fbt, rejet du sein maternel.<\/p>\n\n\n\n<p class=\"has-text-color has-link-color wp-elements-0c5dd61414d2cb4c88e3596780dedeb0\" style=\"color:#2753a5\"><strong><em>Pour lire le texte complet <a href=\"\/index.php\/options-dinscription\/\"><mark style=\"background-color:rgba(0, 0, 0, 0)\" class=\"has-inline-color has-vivid-cyan-blue-color\">s&rsquo;inscrire<\/mark><\/a> ou <a href=\"\/index.php\/my-account\/edit-account\/\"><mark style=\"background-color:rgba(0, 0, 0, 0)\" class=\"has-inline-color has-vivid-cyan-blue-color\">se connecter<\/mark><\/a><\/em><\/strong><\/p>\n\n\n\n\n\n<div style=\"height:100px\" aria-hidden=\"true\" class=\"wp-block-spacer\"><\/div>\n\n\n\n<div class=\"wp-block-buttons is-content-justification-center is-layout-flex wp-container-core-buttons-is-layout-a89b3969 wp-block-buttons-is-layout-flex\">\n<div class=\"wp-block-button has-custom-font-size has-small-font-size\"><a class=\"wp-block-button__link has-vivid-red-background-color has-background wp-element-button\" href=\"\/index.php\/2018\/05\/05\/legout\/\">&lt;&#8211; retour<\/a><\/div>\n<\/div>\n<\/div>\n\n\n\n<div class=\"wp-block-column is-layout-flow wp-block-column-is-layout-flow\" style=\"flex-basis:33.33%\">\n<figure class=\"wp-block-table\"><table class=\"has-background\" style=\"background-color:#f8f2f2\"><thead><tr><th><mark class=\"has-inline-color has-vivid-red-color\" style=\"background-color: rgba(0, 0, 0, 0);\"><strong>Auteur<\/strong><\/mark><\/th><\/tr><\/thead><tbody><tr><td><strong>Berlende Lamblin<\/strong><\/td><\/tr><\/tbody><\/table><\/figure>\n\n\n\n<figure class=\"wp-block-table\"><table><thead><tr><th><mark class=\"has-inline-color has-vivid-red-color\" style=\"background-color: rgba(0, 0, 0, 0);\"><strong>R\u00e9f\u00e9rence<\/strong><\/mark><\/th><\/tr><\/thead><tbody><tr><td><strong>RA011-24<\/strong><br><strong>Le Go\u00fbt<\/strong><br>Journ\u00e9es de Printemps 2018<\/td><\/tr><\/tbody><\/table><\/figure>\n\n\n\n<figure class=\"wp-block-table\"><table><thead><tr><th><mark class=\"has-inline-color has-vivid-red-color\" style=\"background-color: rgba(0, 0, 0, 0);\"><strong>Cat\u00e9gories<\/strong><\/mark><\/th><\/tr><\/thead><tbody><tr><td>Peinture<br>Sculpture<\/td><\/tr><\/tbody><\/table><\/figure>\n<\/div>\n<\/div>\n","protected":false},"excerpt":{"rendered":"<p>Si j\u2019avais un conseil \u00e0 donner \u00e0 un jeune peintre, je lui dirais de commencer par copier une pomme1 \u00bb. En effet, Giacometti peint sa premi\u00e8re Nature morte aux pommes en 1915, il a 14 ans. Son oeuvre sera \u00e9maill\u00e9e de tableaux et crayons peints autour de ce motif. Nature&hellip;<\/p>\n","protected":false},"author":2,"featured_media":0,"comment_status":"closed","ping_status":"open","sticky":false,"template":"","format":"standard","meta":{"pmpro_default_level":"","ngg_post_thumbnail":0,"footnotes":""},"categories":[85],"tags":[201,484,239,495],"class_list":["post-1300","post","type-post","status-publish","format-standard","hentry","category-lamblin-berlende","tag-le-gout","tag-peinture","tag-ra011-24","tag-sculpture","pmpro-has-access"],"_links":{"self":[{"href":"https:\/\/bibliotheque-sfpe-at.com\/index.php\/wp-json\/wp\/v2\/posts\/1300","targetHints":{"allow":["GET"]}}],"collection":[{"href":"https:\/\/bibliotheque-sfpe-at.com\/index.php\/wp-json\/wp\/v2\/posts"}],"about":[{"href":"https:\/\/bibliotheque-sfpe-at.com\/index.php\/wp-json\/wp\/v2\/types\/post"}],"author":[{"embeddable":true,"href":"https:\/\/bibliotheque-sfpe-at.com\/index.php\/wp-json\/wp\/v2\/users\/2"}],"replies":[{"embeddable":true,"href":"https:\/\/bibliotheque-sfpe-at.com\/index.php\/wp-json\/wp\/v2\/comments?post=1300"}],"version-history":[{"count":5,"href":"https:\/\/bibliotheque-sfpe-at.com\/index.php\/wp-json\/wp\/v2\/posts\/1300\/revisions"}],"predecessor-version":[{"id":4640,"href":"https:\/\/bibliotheque-sfpe-at.com\/index.php\/wp-json\/wp\/v2\/posts\/1300\/revisions\/4640"}],"wp:attachment":[{"href":"https:\/\/bibliotheque-sfpe-at.com\/index.php\/wp-json\/wp\/v2\/media?parent=1300"}],"wp:term":[{"taxonomy":"category","embeddable":true,"href":"https:\/\/bibliotheque-sfpe-at.com\/index.php\/wp-json\/wp\/v2\/categories?post=1300"},{"taxonomy":"post_tag","embeddable":true,"href":"https:\/\/bibliotheque-sfpe-at.com\/index.php\/wp-json\/wp\/v2\/tags?post=1300"}],"curies":[{"name":"wp","href":"https:\/\/api.w.org\/{rel}","templated":true}]}}